{"id":174629,"date":"2023-05-12T11:55:16","date_gmt":"2023-05-12T08:55:16","guid":{"rendered":"https:\/\/www.enerjigazetesi.ist\/?p=174629"},"modified":"2023-05-12T12:17:15","modified_gmt":"2023-05-12T09:17:15","slug":"enerjinin-yogun-gundemi-icci-2023de-belirlenecek","status":"publish","type":"post","link":"https:\/\/www.enerjigazetesi.ist\/en\/enerjinin-yogun-gundemi-icci-2023de-belirlenecek\/","title":{"rendered":"(Turkish) Enerjinin Yo\u011fun G\u00fcndemi &#8216;ICCI 2023&#8217;de Belirlenecek!"},"content":{"rendered":"<p class=\"qtranxs-available-languages-message qtranxs-available-languages-message-en\">Sorry, this entry is only available in <a href=\"https:\/\/www.enerjigazetesi.ist\/tr\/wp-json\/wp\/v2\/posts\/174629\" class=\"qtranxs-available-language-link qtranxs-available-language-link-tr\" title=\"Turkish\">Turkish<\/a>. For the sake of viewer convenience, the content is shown below in the alternative language. You may click the link to switch the active language.<\/p><p><\/p>\n<h2>T\u00fcrkiye\u2019nin ve yak\u0131n co\u011frafyan\u0131n en b\u00fcy\u00fck uluslararas\u0131 enerji fuar\u0131 ICCI \u2013 Uluslararas\u0131 Enerji ve \u00c7evre Fuar ve Konferans\u0131, 24-26 May\u0131s 2023 tarihleri aras\u0131nda \u0130stanbul Fuar Merkezi\u2019nde enerjinin devlerini bir araya getirecek. T.C Enerji ve Tabii Kaynaklar Bakanl\u0131\u011f\u0131 ve EPDK\u2019n\u0131n deste\u011fi ile Sekt\u00f6rel Fuarc\u0131l\u0131k ve T\u00fcrkiye Kojenerasyon Derne\u011fi (Kojent\u00fcrk) taraf\u0131ndan 27.si d\u00fczenlenecek fuarda e\u015f zamanl\u0131 olarak ICCI 2023 Konferanslar\u0131 yer alacak. ICCI 2023, uluslararas\u0131 yeni yat\u0131r\u0131m ve i\u015f birliklerinin ger\u00e7ekle\u015ftirilece\u011fi \u00f6nemli bir platform olman\u0131n yan\u0131 s\u0131ra, i\u00e7eri\u011finde yer alan bir\u00e7ok etkinlik ile de enerji sekt\u00f6r\u00fcn\u00fcn<br \/>\ng\u00fcndemine damga vuracak\u2026<\/h2>\n<p>Ana temas\u0131 <strong>Enerjide S\u00fcrd\u00fcr\u00fclebilir<\/strong> ve <strong>Ak\u0131ll\u0131 D\u00f6n\u00fc\u015f\u00fcm<\/strong> olarak belirlenen ICCI 2023<em><img loading=\"lazy\" class=\"alignright wp-image-174633\" src=\"https:\/\/www.enerjigazetesi.ist\/wp-content\/uploads\/2023\/05\/enerjinin-yogun-gundemi-icci-2023de-belirlenecek-2.jpg\" alt=\"\" width=\"320\" height=\"213\" srcset=\"https:\/\/www.enerjigazetesi.ist\/wp-content\/uploads\/2023\/05\/enerjinin-yogun-gundemi-icci-2023de-belirlenecek-2.jpg 550w, https:\/\/www.enerjigazetesi.ist\/wp-content\/uploads\/2023\/05\/enerjinin-yogun-gundemi-icci-2023de-belirlenecek-2-300x200.jpg 300w, https:\/\/www.enerjigazetesi.ist\/wp-content\/uploads\/2023\/05\/enerjinin-yogun-gundemi-icci-2023de-belirlenecek-2-500x333.jpg 500w, https:\/\/www.enerjigazetesi.ist\/wp-content\/uploads\/2023\/05\/enerjinin-yogun-gundemi-icci-2023de-belirlenecek-2-75x50.jpg 75w, https:\/\/www.enerjigazetesi.ist\/wp-content\/uploads\/2023\/05\/enerjinin-yogun-gundemi-icci-2023de-belirlenecek-2-450x300.jpg 450w\" sizes=\"(max-width: 320px) 100vw, 320px\" \/><\/em> Konferanslar\u0131\u2019nda <strong>3 g\u00fcn<\/strong> boyunca <strong>4<\/strong> salonda<strong> 40\u2019a yak\u0131n<\/strong> oturum ger\u00e7ekle\u015ftirilecek. ICCI 2023\u2019e <em>\u0130talya, Almanya, Rusya, \u00c7in, Hindistan, \u0130rlanda, \u00c7ek Cumhuriyeti, Bel\u00e7ika, Danimarka, \u0130ngiltere, Fransa, Avusturya, \u0130spanya, Danimarka, Kazakistan, Azerbaycan, Finlandiya, \u0130ran ve G\u00fcney Kore\u2019den firmalar ve \u00fcst d\u00fczey konuklar<\/em> kat\u0131lacak.<\/p>\n<p>Enerji Sekt\u00f6r\u00fcn\u00fcn Uluslararas\u0131 ilk ve en b\u00fcy\u00fck etkinli\u011fi olan<strong> ICCI 2023 Fuar ve Konferans\u0131<\/strong> her y\u0131l oldu\u011fu gibi yerli firmalar\u0131n yurt d\u0131\u015f\u0131 ile ba\u011flant\u0131lar kurmas\u0131na, yabanc\u0131 firmalar\u0131n ise T\u00fcrkiye pazar\u0131nda yer almas\u0131na katk\u0131da bulunmaya devam edecek.<\/p>\n<h3>ICCI KONFERANSI 2023 YILINDA ODAK KONULARIYLA FARK YARATIYOR<\/h3>\n<p>Bu y\u0131l, Enerjide <strong>S\u00fcrd\u00fcr\u00fclebilir Arz G\u00fcvenli\u011fi, Enerjide Yeni Teknolojiler, Enerji Yat\u0131r\u0131m\u0131nda Finansman <\/strong><strong>\u00c7\u00f6z\u00fcmleri ve Te\u015fvikler, \u00c7evre ve \u0130klimde Son G\u00fcndem Tart\u0131\u015fmalar\u0131, Enerji Depolama- E-\u015farj, Enerji <\/strong><strong>\u00dcretiminde \u0130\u015fletme ve Bak\u0131m, Enerjide Yerli Teknoloji Liderleri, Dekarbonizasyon &amp; Ye\u015fil Mutabakat<\/strong> ve Sekt\u00f6r\u00fcn Vazge\u00e7ilmez Payda\u015flar\u0131: <strong>STK Oturumlar\u0131<\/strong> ICCI 2023 Konferanslar\u0131\u2019n\u0131n odak konular\u0131 aras\u0131nda yerini alacak.<\/p>\n<h3>T\u00dcRK VE \u0130TALYAN ENERJ\u0130 \u015e\u0130RKETLER\u0130 ICCI 2023\u2019DE B\u0130R ARAYA GELECEK!<\/h3>\n<p><strong>65 \u00fclkede<\/strong> faaliyet g\u00f6steren <strong>\u0130talyan D\u0131\u015f Ticaret ve Tan\u0131t\u0131m Ajans\u0131\u2019n\u0131n (ITA)<\/strong> destekleriyle kat\u0131l\u0131m sa\u011flayacak olan;<strong> elektrik m\u00fchendisli\u011fi, elektronik, mekanik m\u00fchendislik, elektromekanik<\/strong> alanlar\u0131nda uzman bir\u00e7ok \u0130talyan enerji \u015firketi, T\u00fcrk firmalarla <strong>24-26 May\u0131s<\/strong> tarihleri aras\u0131nda ICCI\u2019da bulu\u015facak. \u0130talyan D\u0131\u015f Ticaret ve Tan\u0131t\u0131m Ajans\u0131, enerji sekt\u00f6r\u00fcnde T\u00fcrk ve \u0130talyan \u015firketlerin aras\u0131ndaki i\u015f birli\u011finin te\u015fvik edilmesi ad\u0131na fuara kat\u0131larak T\u00fcrkiye ve \u0130talya aras\u0131ndaki ticari ili\u015fkilerin g\u00fc\u00e7lenmesini hedefliyor.<\/p>\n<p>ICCI 2023\u2019de Enerji ve Tabii Kaynaklar Bakanl\u0131\u011f\u0131\u2019na ba\u011fl\u0131; E\u00dcA\u015e, TEDA\u015e, TE\u0130A\u015e, TEMSAN ve BOTA\u015e gibi kamu kurumlar\u0131 ile EPDK ve ETKB gibi yasa koyucular, sanayi odalar\u0131 ve organize sanayi b\u00f6lgeleri, sekt\u00f6r\u00fcn \u00f6nde gelen dernekleri (B\u0130YODER, B\u0130YOGAZDER, Borsa \u0130stanbul, Cogen Europe, DE\u0130K, Digit4Turkey, DOS\u0130DER, DSYG, DTK, EED, ELDER, Elektrik D\u00fcnyas\u0131, EGD, Enerji ve Tesisat, Enerji Hukuku Ara\u015ft\u0131rma Enstit\u00fcs\u00fc, EP\u0130A\u015e, ETD, EUD, ETMD, EYODER, FODER, GENSED, G\u00fc\u00e7 Aktar\u0131m, G\u00dcNDER, G\u00dcYAD, HES\u0130AD, \u0130MM\u0130B, \u0130TO, \u0130SO, \u0130SK\u0130D, KSBS, MMO, M\u00dcS\u0130AD, PETDER, POMSAD, SHURA, TBB, TEMEV, TENMA, TESAB, TGBD, T\u00dcB\u0130TAK, T\u00dcREB, T\u00dcS\u0130AD, VER\u0130MDER) ve fuara kat\u0131lan firmalar yer al\u0131yor.<\/p>\n<p>Konferans program\u0131na dair detayl\u0131 bilgiyi <a href=\"https:\/\/www.icci.com.tr\/\" target=\"_blank\" rel=\"noopener\">www.icci.com.tr<\/a> adresinde bulabilirsiniz.<\/p>","protected":false},"excerpt":{"rendered":"<p>Sorry, this entry is only available in Turkish. For the sake of viewer convenience, the content is shown below in the alternative language. You may click the link to switch the active language. T\u00fcrkiye\u2019nin ve yak\u0131n co\u011frafyan\u0131n en b\u00fcy\u00fck uluslararas\u0131 enerji fuar\u0131 ICCI \u2013 Uluslararas\u0131 Enerji ve \u00c7evre Fuar ve Konferans\u0131, 24-26 May\u0131s 2023 tarihleri [&hellip;]<\/p>\n","protected":false},"author":1,"featured_media":174632,"comment_status":"open","ping_status":"open","sticky":false,"template":"","format":"standard","meta":[],"categories":[51,53],"tags":[103584,109312,108747,109313],"views":39,"_links":{"self":[{"href":"https:\/\/www.enerjigazetesi.ist\/en\/wp-json\/wp\/v2\/posts\/174629"}],"collection":[{"href":"https:\/\/www.enerjigazetesi.ist\/en\/wp-json\/wp\/v2\/posts"}],"about":[{"href":"https:\/\/www.enerjigazetesi.ist\/en\/wp-json\/wp\/v2\/types\/post"}],"author":[{"embeddable":true,"href":"https:\/\/www.enerjigazetesi.ist\/en\/wp-json\/wp\/v2\/users\/1"}],"replies":[{"embeddable":true,"href":"https:\/\/www.enerjigazetesi.ist\/en\/wp-json\/wp\/v2\/comments?post=174629"}],"version-history":[{"count":0,"href":"https:\/\/www.enerjigazetesi.ist\/en\/wp-json\/wp\/v2\/posts\/174629\/revisions"}],"wp:featuredmedia":[{"embeddable":true,"href":"https:\/\/www.enerjigazetesi.ist\/en\/wp-json\/wp\/v2\/media\/174632"}],"wp:attachment":[{"href":"https:\/\/www.enerjigazetesi.ist\/en\/wp-json\/wp\/v2\/media?parent=174629"}],"wp:term":[{"taxonomy":"category","embeddable":true,"href":"https:\/\/www.enerjigazetesi.ist\/en\/wp-json\/wp\/v2\/categories?post=174629"},{"taxonomy":"post_tag","embeddable":true,"href":"https:\/\/www.enerjigazetesi.ist\/en\/wp-json\/wp\/v2\/tags?post=174629"}],"curies":[{"name":"wp","href":"https:\/\/api.w.org\/{rel}","templated":true}]}}