{"id":174599,"date":"2023-05-12T09:36:50","date_gmt":"2023-05-12T06:36:50","guid":{"rendered":"https:\/\/www.enerjigazetesi.ist\/?p=174599"},"modified":"2023-05-12T09:39:35","modified_gmt":"2023-05-12T06:39:35","slug":"turkiyenin-en-itibarli-aku-markasi-mutlu","status":"publish","type":"post","link":"https:\/\/www.enerjigazetesi.ist\/en\/turkiyenin-en-itibarli-aku-markasi-mutlu\/","title":{"rendered":"(Turkish) T\u00fcrkiye\u2019nin En \u0130tibarl\u0131 Ak\u00fc Markas\u0131: Mutlu"},"content":{"rendered":"<p class=\"qtranxs-available-languages-message qtranxs-available-languages-message-en\">Sorry, this entry is only available in <a href=\"https:\/\/www.enerjigazetesi.ist\/tr\/wp-json\/wp\/v2\/posts\/174599\" class=\"qtranxs-available-language-link qtranxs-available-language-link-tr\" title=\"Turkish\">Turkish<\/a>. For the sake of viewer convenience, the content is shown below in the alternative language. You may click the link to switch the active language.<\/p><p><\/p>\n<h2>Mutlu Ak\u00fc, \u0130tibar Akademisi\u2019nin d\u00fczenledi\u011fi \u201cT\u00fcrkiye\u2019nin En \u0130tibarl\u0131 Markalar\u0131\u201d Ara\u015ft\u0131rmas\u0131nda ak\u00fc kategorisinde \u201cEn \u0130tibarl\u0131 Marka\u201d olarak \u00f6d\u00fcl kazand\u0131.<\/h2>\n<p><img loading=\"lazy\" class=\"alignright wp-image-174601\" src=\"https:\/\/www.enerjigazetesi.ist\/wp-content\/uploads\/2023\/05\/turkiyenin-en-itibarli-aku-markasi-mutlu.jpg\" alt=\"\" width=\"320\" height=\"227\" srcset=\"https:\/\/www.enerjigazetesi.ist\/wp-content\/uploads\/2023\/05\/turkiyenin-en-itibarli-aku-markasi-mutlu.jpg 550w, https:\/\/www.enerjigazetesi.ist\/wp-content\/uploads\/2023\/05\/turkiyenin-en-itibarli-aku-markasi-mutlu-300x213.jpg 300w, https:\/\/www.enerjigazetesi.ist\/wp-content\/uploads\/2023\/05\/turkiyenin-en-itibarli-aku-markasi-mutlu-500x355.jpg 500w, https:\/\/www.enerjigazetesi.ist\/wp-content\/uploads\/2023\/05\/turkiyenin-en-itibarli-aku-markasi-mutlu-71x50.jpg 71w\" sizes=\"(max-width: 320px) 100vw, 320px\" \/>Markalar\u0131n geleceklerinin \u015fekillenmesinde, kredibilitelerinin belirlenmesinde \u00f6nc\u00fc akt\u00f6r olarak konumlanma misyonu ile faaliyet g\u00f6steren <strong>T\u00fcrkiye \u0130tibar Akademisi<\/strong>,\u00a0bu y\u0131l 12\u2019incisi yap\u0131lan <strong>\u201cT\u00fcrkiye \u0130tibar Endeksi\u201d sonu\u00e7lar\u0131n\u0131<\/strong> a\u00e7\u0131klad\u0131.<\/p>\n<p>Mutlu Ak\u00fc, T\u00fcrkiye \u0130tibar Endeksi\u2019nde, <strong>\u201cAk\u00fc\u201d kategorisinde \u201cEn\u00a0\u0130tibarl\u0131\u00a0Marka\u201d<\/strong> se\u00e7ildi. Ara\u015ft\u0131rma, T\u00fcrkiye \u0130statistik Kurumu\u2019nun T\u00fcrkiye \u00f6rneklemi kabul etti\u011fi <strong>26<\/strong> b\u00f6lge ve <strong>72<\/strong> ilde <strong>15 Aral\u0131k 2022-15 Ocak 2023<\/strong> tarihleri aras\u0131nda yakla\u015f\u0131k<strong> 15 bin ki\u015fiyle g\u00f6r\u00fc\u015f\u00fclerek<\/strong> tamamland\u0131.<\/p>\n<p><strong>Beykoz \u00dcniversitesi<\/strong> i\u015f birli\u011finde ve <strong>Bursa Teknik \u00dcniversitesi \u00f6\u011fretim \u00fcyelerinin<\/strong> akademik denetiminde ger\u00e7ekle\u015ftirilen ara\u015ft\u0131rmada, yakla\u015f\u0131k<strong> 66 farkl\u0131 sekt\u00f6rdeki markalar\u0131n<\/strong> itibar derecelendirmesi yap\u0131ld\u0131.<\/p>","protected":false},"excerpt":{"rendered":"<p>Sorry, this entry is only available in Turkish. For the sake of viewer convenience, the content is shown below in the alternative language. You may click the link to switch the active language. Mutlu Ak\u00fc, \u0130tibar Akademisi\u2019nin d\u00fczenledi\u011fi \u201cT\u00fcrkiye\u2019nin En \u0130tibarl\u0131 Markalar\u0131\u201d Ara\u015ft\u0131rmas\u0131nda ak\u00fc kategorisinde \u201cEn \u0130tibarl\u0131 Marka\u201d olarak \u00f6d\u00fcl kazand\u0131. Markalar\u0131n geleceklerinin \u015fekillenmesinde, kredibilitelerinin [&hellip;]<\/p>\n","protected":false},"author":1,"featured_media":174601,"comment_status":"open","ping_status":"open","sticky":false,"template":"","format":"standard","meta":[],"categories":[51,53],"tags":[109308,109307,109306,51861],"views":32,"_links":{"self":[{"href":"https:\/\/www.enerjigazetesi.ist\/en\/wp-json\/wp\/v2\/posts\/174599"}],"collection":[{"href":"https:\/\/www.enerjigazetesi.ist\/en\/wp-json\/wp\/v2\/posts"}],"about":[{"href":"https:\/\/www.enerjigazetesi.ist\/en\/wp-json\/wp\/v2\/types\/post"}],"author":[{"embeddable":true,"href":"https:\/\/www.enerjigazetesi.ist\/en\/wp-json\/wp\/v2\/users\/1"}],"replies":[{"embeddable":true,"href":"https:\/\/www.enerjigazetesi.ist\/en\/wp-json\/wp\/v2\/comments?post=174599"}],"version-history":[{"count":0,"href":"https:\/\/www.enerjigazetesi.ist\/en\/wp-json\/wp\/v2\/posts\/174599\/revisions"}],"wp:featuredmedia":[{"embeddable":true,"href":"https:\/\/www.enerjigazetesi.ist\/en\/wp-json\/wp\/v2\/media\/174601"}],"wp:attachment":[{"href":"https:\/\/www.enerjigazetesi.ist\/en\/wp-json\/wp\/v2\/media?parent=174599"}],"wp:term":[{"taxonomy":"category","embeddable":true,"href":"https:\/\/www.enerjigazetesi.ist\/en\/wp-json\/wp\/v2\/categories?post=174599"},{"taxonomy":"post_tag","embeddable":true,"href":"https:\/\/www.enerjigazetesi.ist\/en\/wp-json\/wp\/v2\/tags?post=174599"}],"curies":[{"name":"wp","href":"https:\/\/api.w.org\/{rel}","templated":true}]}}