{"id":174595,"date":"2023-05-12T09:26:06","date_gmt":"2023-05-12T06:26:06","guid":{"rendered":"https:\/\/www.enerjigazetesi.ist\/?p=174595"},"modified":"2023-05-12T09:26:21","modified_gmt":"2023-05-12T06:26:21","slug":"gunes-enerjisi-seminerlerine-depolama-da-dahil-edilerek-suruyor","status":"publish","type":"post","link":"https:\/\/www.enerjigazetesi.ist\/en\/gunes-enerjisi-seminerlerine-depolama-da-dahil-edilerek-suruyor\/","title":{"rendered":"GENSED G\u00fcne\u015f Enerjisi Seminerlerine Depolamay\u0131 Dahil Ederek Devam Ediyor"},"content":{"rendered":"<p class=\"qtranxs-available-languages-message qtranxs-available-languages-message-en\">Sorry, this entry is only available in <a href=\"https:\/\/www.enerjigazetesi.ist\/tr\/wp-json\/wp\/v2\/posts\/174595\" class=\"qtranxs-available-language-link qtranxs-available-language-link-tr\" title=\"Turkish\">Turkish<\/a>. For the sake of viewer convenience, the content is shown below in the alternative language. You may click the link to switch the active language.<\/p><p><\/p>\n<h2>\u0130stanbul Sanayi Odas\u0131 (\u0130SO) ve G\u00fcne\u015f Enerjisi Sanayicileri ve End\u00fcstrisi Derne\u011fi (GENSED) i\u015fbirli\u011fi ile 4 May\u0131s 2023 g\u00fcn\u00fc <strong>\u201cG\u00fcne\u015f Enerjisi ve Enerji Depolama Semineri\u201d <\/strong>d\u00fczenlendi.<\/h2>\n<p style=\"text-align: center;\"><img loading=\"lazy\" class=\"aligncenter wp-image-174597\" src=\"https:\/\/www.enerjigazetesi.ist\/wp-content\/uploads\/2023\/05\/gunes-enerjisi-seminerlerine-depolama-da-dahil-edilerek-suruyor.jpg\" alt=\"\" width=\"500\" height=\"375\" srcset=\"https:\/\/www.enerjigazetesi.ist\/wp-content\/uploads\/2023\/05\/gunes-enerjisi-seminerlerine-depolama-da-dahil-edilerek-suruyor.jpg 550w, https:\/\/www.enerjigazetesi.ist\/wp-content\/uploads\/2023\/05\/gunes-enerjisi-seminerlerine-depolama-da-dahil-edilerek-suruyor-300x225.jpg 300w, https:\/\/www.enerjigazetesi.ist\/wp-content\/uploads\/2023\/05\/gunes-enerjisi-seminerlerine-depolama-da-dahil-edilerek-suruyor-500x375.jpg 500w, https:\/\/www.enerjigazetesi.ist\/wp-content\/uploads\/2023\/05\/gunes-enerjisi-seminerlerine-depolama-da-dahil-edilerek-suruyor-67x50.jpg 67w\" sizes=\"(max-width: 500px) 100vw, 500px\" \/><\/p>\n<p>Odakule Faz\u0131l Zobu Meclis Salonu\u2019nda <strong>\u0130SO Y\u00f6netim Kurulu \u00dcyesi Vehbi Canpolat<\/strong>\u2019\u0131n ev sahipli\u011finde ger\u00e7ekle\u015fen seminere, <strong>GENSED Asba\u015fkan\u0131 Tolga Murat \u00d6zdemir<\/strong> ile birlikte <strong>GENSED Y\u00f6netim Kurulu \u00fcyeleri de<\/strong> kat\u0131ld\u0131.<\/p>\n<h3>Vehbi Canpolat, seminerin a\u00e7\u0131l\u0131\u015f konu\u015fmas\u0131n\u0131 yaparak <span style=\"text-decoration: underline;\">\u015funlar\u0131 s\u00f6yledi:<\/span><\/h3>\n<p><em>\u201c\u00dclkemiz a\u00e7\u0131s\u0131ndan de\u011ferlendirdi\u011fimizde, OECD \u00fclkeleri aras\u0131nda son yirmi y\u0131lda enerji talebinin en h\u0131zl\u0131 artt\u0131\u011f\u0131 \u00fclkeyiz. Enerji talebimiz artarken 2053 i\u00e7in Net S\u0131f\u0131r hedefi veren \u00fclkemizin, karbon emisyonlar\u0131n\u0131n sebebi say\u0131lan fosil kaynakl\u0131 enerji t\u00fcketimini azaltmas\u0131 gerekti\u011fi a\u015fikar.<\/em><\/p>\n<p><em>Hem iklim de\u011fi\u015fikli\u011fi ile m\u00fccadelede hem de d\u0131\u015fa ba\u011f\u0131ml\u0131l\u0131\u011f\u0131n azalt\u0131lmas\u0131 noktas\u0131nda yenilenebilir enerjinin pay\u0131n\u0131n artmas\u0131 gerekmektedir. T\u00fcrkiye zengin yenilenebilir enerji potansiyeli sayesinde enerji ba\u011f\u0131ms\u0131zl\u0131\u011f\u0131na ula\u015fmada \u00f6nemli bir avantaja sahip. Bug\u00fcn ele alaca\u011f\u0131m\u0131z g\u00fcne\u015f enerjisinden \u00f6rnek vermek gerekirse, \u00fclkemiz t\u00fcm Avrupa\u2019da \u0130ber Yar\u0131madas\u0131ndan sonra en iyi g\u00fcne\u015flenme verilerine sahip. \u015eimdi sormam\u0131z gereken soru, bu potansiyeli yeterince kullanabiliyor muyuz?\u201d<\/em><\/p>\n<h3>Vehbi Canpolat&#8217;\u0131n ard\u0131ndan a\u00e7\u0131l\u0131\u015f konu\u015fmas\u0131n\u0131 yapmak \u00fczere k\u00fcrs\u00fcye gelen GENSED Asba\u015fkan\u0131 Tolga Murat \u00d6zdemir \u015funlar\u0131 s\u00f6yledi:<\/h3>\n<p><em>\u201cD\u00fcnya olarak \u00f6nemli bir d\u00f6n\u00fc\u015f\u00fcm\u00fcn i\u00e7erisindeyiz. Yak\u0131n bir gelecekte elektrikli ara\u00e7lar hepimizin hayat\u0131na girecek ve bu ara\u00e7lar\u0131n elektri\u011fi nereden temin edilecek? Fosil yak\u0131tlarla bunu sa\u011flayamazs\u0131n\u0131z \u00e7\u00fcnk\u00fc o zaman karbon emisyonunu azaltamam\u0131\u015f olacaks\u0131n\u0131z. Bu noktada <strong>g\u00fcne\u015f, r\u00fczgar ve yenilebilir enerji<\/strong> hayat\u0131m\u0131za daha \u00e7ok girecek, bunu d\u00fc\u015f\u00fcnmemiz gerekiyor.<\/em><\/p>\n<p><em>3-5 y\u0131l sonra bu alana y\u00f6nelik finansal imkanlarla birlikte neredeyse her evin \u00e7at\u0131s\u0131nda g\u00fcne\u015ften elektrik \u00fcretip, \u00fcretilen bu elektrikle ara\u00e7lar\u0131 \u015farj edebilecek noktaya do\u011fru gidece\u011fiz. D\u00f6n\u00fc\u015f\u00fcm\u00fcn bu \u015fekilde ilerlemesini umuyoruz. D\u00fcnyada karbon emisyonunun <strong>y\u00fczde 75<\/strong>\u2019i enerjiden kaynakl\u0131 i\u015fte bu nedenle <strong>elektri\u011fin ye\u015fil d\u00f6n\u00fc\u015f\u00fcm\u00fc<\/strong> \u00e7ok \u00f6nemli bir mesele olarak kar\u015f\u0131m\u0131za \u00e7\u0131k\u0131yor.\u201d<\/em><\/p>\n<p>Etkinlik a\u00e7\u0131l\u0131\u015f konu\u015fmalar\u0131n\u0131n ard\u0131ndan\u00a0<strong>GENSED Genel Sekreteri Hakan Erkan <\/strong>moderat\u00f6rl\u00fc\u011f\u00fcnde ger\u00e7ekle\u015fen\u00a0G\u00fcne\u015f Enerjisi Oturumu, <strong>Enerji Depolama Oturumu ve Finans ve Mevzuat Oturumu<\/strong> ba\u015fl\u0131klar\u0131nda d\u00fczenlenen paneller ile devam etti.<\/p>\n<p>Hakan Erkan konu\u015fmas\u0131na kurucu \u00fcyesi oldu\u011fu GENSED hakk\u0131nda bilgi vererek ba\u015flad\u0131 ve dernek olarak enerji depolamaya verdikleri \u00f6nemi alt\u0131n\u0131 \u00e7izerken, g\u00fcne\u015f enerjisi ile enerji depolama teknolojilerinin birle\u015fiminin gelece\u011fin en b\u00fcy\u00fck enerji oyuncusu olaca\u011f\u0131n\u0131 s\u00f6yledi.<\/p>\n<p>Erkan konu\u015fmas\u0131n\u0131\u00a0 g\u00fcne\u015f enerjisi ve yenilenebilir enerji yat\u0131r\u0131mlar\u0131n\u0131 ilgilendiren son mevzuat de\u011fi\u015fiklikleri hakk\u0131nda bilgi vererek s\u00fcrd\u00fcrd\u00fc.<\/p>\n<p>Erkan konu\u015fmas\u0131n\u0131, i\u015f d\u00fcnyas\u0131ndan \u00e7ok say\u0131da firman\u0131n temsilcisinden olu\u015fan\u00a0kat\u0131l\u0131mc\u0131lar\u0131 <strong>31 A\u011fustos &#8211; 2 Eyl\u00fcl<\/strong> aras\u0131nda, GENSED&#8217;in de \u00e7\u00f6z\u00fcm orta\u011f\u0131 olarak destek verdi\u011fi sekt\u00f6r\u00fcn ilk g\u00fcne\u015f enerjisi ve depolama birlikte yer alaca\u011f\u0131<strong>\u00a0Solar Storage NX<\/strong> fuar\u0131na davet ederek sonland\u0131rd\u0131.<\/p>\n<p><strong>\u201cYe\u015fil finansman\u0131 te\u015fvik edecek d\u00fczenlemeler geli\u015ftirilmeli\u201d<\/strong>Toplant\u0131n\u0131n Finans ve Mevzuat ba\u015fl\u0131kl\u0131 panelinde konu\u015fan <strong>YEYKAD Kurucu \u00dcyesi ve S\u00fcrd\u00fcr\u00fclebilir Finans Dan\u0131\u015fman\u0131 Seyran Hatipo\u011flu<\/strong> enerji yat\u0131r\u0131mlar\u0131n\u0131n finansman\u0131ndaki geli\u015fmelere dikkat \u00e7ekerken, \u00f6zellikle <strong>yenilenebilir enerji<\/strong> gibi<strong> ye\u015fil projelerin finansman\u0131n art\u0131r\u0131lmas\u0131<\/strong> i\u00e7in yap\u0131lmas\u0131 gerekenlere dikkat \u00e7ekti.<\/p>\n<p>Konu\u015fmas\u0131nda d\u00fcnyada \u015fimdiye kadar enerji yat\u0131r\u0131mlar\u0131 i\u00e7in be\u015f trilyon dolarl\u0131k finansman sa\u011flanmak ile birlikte bu rakam\u0131n yeterli olmad\u0131\u011f\u0131n\u0131 vurgulayan Hatipo\u011flu, 4-5 trilyon dolarl\u0131k b\u00f6l\u00fcm\u00fc 2030&#8217;a kadar olmak \u00fczere, <strong>yeni enerji yat\u0131r\u0131mlar\u0131<\/strong> i\u00e7in \u015fimdiye kadar sa\u011flanan\u0131n toplam finansman\u0131n <strong>en az 5 kat\u0131 kadar kayna\u011fa ihtiya\u00e7 oldu\u011funa<\/strong> vurgu yapt\u0131.<\/p>\n<p>T\u00fcrkiye&#8217;deki mevduat bankalar\u0131 taraf\u0131ndan sa\u011flanan toplam finansman i\u00e7in ye\u015fil finansman\u0131n pay\u0131n\u0131n halihaz\u0131rda <strong>%30-35<\/strong> oran\u0131nda oldu\u011fu bilgisini de veren Hatipo\u011flu, finans kurulu\u015flar\u0131n\u0131n \u00f6z t\u00fcketime y\u00f6nelik <strong>\u00e7at\u0131 \u00fcst\u00fc g\u00fcne\u015f enerjisi projeleri<\/strong> i\u00e7in \u015fimdiye kadar ciddi miktarda finansman sa\u011flad\u0131\u011f\u0131n\u0131 ve bu alan\u0131n kurulu\u015flar taraf\u0131ndan \u00e7ok iyi \u00f6\u011frenildi\u011fini de s\u00f6zlerine ekledi.<\/p>\n<p><strong>Enerji depolaman\u0131n<\/strong> finans kurulu\u015flar\u0131 i\u00e7in yeni bir alan olmak ile birlikte bu kurulu\u015flara projelerin gelmeye ba\u015flad\u0131\u011f\u0131n\u0131 da dile getirirken Seyran Hatipo\u011flu, bununla birlikte hen\u00fcz \u00e7ok fazla birikmi\u015f bir proje sto\u011fu olmad\u0131\u011f\u0131n\u0131,<strong> faiz<\/strong> ve <strong>kurlar\u0131n netle\u015fmesi<\/strong> ile birlikte bu projelere y\u00f6nelik kredi piyasas\u0131n\u0131n \u00f6n\u00fcn\u00fcn de a\u00e7\u0131laca\u011f\u0131n\u0131 kaydetti.<\/p>\n<p>T\u00fcrkiye\u2019nin yak\u0131n zamanda ger\u00e7ekle\u015ftirdi\u011fi <strong>ye\u015fil tahvil ihrac\u0131n\u0131n da<\/strong> \u00e7ok olumlu \u015fekilde sonu\u00e7land\u0131\u011f\u0131 de\u011ferlendirmesinde bulunan Hatipo\u011flu, ye\u015fil tahvillerden gelen kaynaklar\u0131n <strong>hibe<\/strong> ve <strong>te\u015fvikler yolu<\/strong> ile <strong>ye\u015fil finansman \u00e7al\u0131\u015fmalar\u0131na<\/strong> aktar\u0131lmas\u0131 ile bankalara getirilen menkul k\u0131ymet ay\u0131rma zorunlulu\u011fu gibi alanlarda ye\u015fil finansman\u0131n istisna tutulmas\u0131n\u0131n da sekt\u00f6re kulland\u0131r\u0131labilecek kredilerinin artmas\u0131n\u0131 ve finansman maliyetlerinin d\u00fc\u015fmesini sa\u011flayabilece\u011fini de savundu.<\/p>\n<h3><strong>&#8220;Enerji depolaman\u0131n pazar\u0131n\u0131n a\u00e7\u0131ld\u0131\u011f\u0131n\u0131 s\u00f6yleyebiliriz&#8221;<\/strong><\/h3>\n<p><strong>Panelin di\u011fer konu\u015fmac\u0131s\u0131 Yenilenebilir Enerji Finans Dan\u0131\u015fman\u0131 Ba\u015far Y\u0131lmaz<\/strong> da konu\u015fmas\u0131nda, hafta ba\u015f\u0131nda yay\u0131mlanan yeni YEKDEM d\u00fczenlemesine at\u0131f yaparak, enerji depolama projelerinin finanse edilebilirlik a\u00e7\u0131s\u0131ndan 2019 y\u0131l\u0131ndaki \u00e7at\u0131 \u00fcst\u00fc g\u00fcne\u015f enerjisi projeleri ile paralel bir noktaya geldi\u011fi de\u011ferlendirmesini payla\u015ft\u0131.<\/p>\n<p>Ba\u015far Y\u0131lmaz konu\u015fmas\u0131nda 2019 y\u0131l\u0131nda, leasing sekt\u00f6r\u00fcnde g\u00f6rev ald\u0131\u011f\u0131 d\u00f6nemde \u00e7at\u0131 \u00fcst\u00fc GES projelerinin d\u00f6neminin ba\u015flad\u0131\u011f\u0131n\u0131 s\u00f6yledi\u011fini bunun da bu d\u00f6nemde taslak y\u00f6netmelik ile de olsa \u00f6ng\u00f6r\u00fclebilirli\u011fin sa\u011flanmas\u0131n\u0131 sayesinde oldu\u011funu ifade etti.<\/p>\n<p>Bu geli\u015fmeler sonras\u0131 \u00f6z t\u00fcketime y\u00f6nelik g\u00fcne\u015f enerjisi projeleri i\u00e7in yapt\u0131klar\u0131 matematiksel modelde bir\u00e7ok belirsiz bile\u015fen oldu\u011funu, bunlar\u0131n ba\u015f\u0131nda t\u00fcm d\u00fcnyada oldu\u011fu gibi T\u00fcrkiye&#8217;de de enerji fiyatlar\u0131n\u0131n geldi\u011fini dile getiren Ba\u015far Y\u0131lmaz, buna kar\u015f\u0131n gelinen noktada bu projeler i\u00e7in al\u0131m garantisinin dahil edilmeden, yaln\u0131zca piyasa ko\u015fullar\u0131n\u0131n baz al\u0131narak yap\u0131lan modellemelerde bile yat\u0131r\u0131mlar\u0131n finanse edilebilir duruma geldi\u011fini ifade etti.<\/p>\n<p>Halihaz\u0131rda enerji depolama projelerinin 2019\u2019daki \u00e7at\u0131 \u00fcst\u00fc GES projeleri ile benzer bir noktada oldu\u011funu dile getiren Ba\u015far Y\u0131lmaz, d\u00fczenlemeler sayesinde bu projeler i\u00e7in hen\u00fcz tam bir nakit ak\u0131\u015f modeli olu\u015fturulamamak ile birlikte yat\u0131r\u0131mc\u0131lar\u0131n finans kurulu\u015flar\u0131na taslak olarak sunabilece\u011fi, anlat\u0131labilir bir modelin olu\u015fabildi\u011fine vurgu yapt\u0131.<\/p>\n<p>Ba\u015far Y\u0131lmaz bu etkenlerden dolay\u0131 2019&#8217;da taslak bir y\u00f6netmelik sayesinde \u00e7at\u0131 pazar\u0131n\u0131n a\u00e7\u0131ld\u0131\u011f\u0131n\u0131n \u00f6ng\u00f6r\u00fclebildi\u011fi gibi bug\u00fcn de enerji depolama uygulamalar\u0131 pazar\u0131n\u0131n a\u00e7\u0131ld\u0131\u011f\u0131n\u0131n s\u00f6ylenebilece\u011fini ifade etti.<\/p>","protected":false},"excerpt":{"rendered":"<p>Sorry, this entry is only available in Turkish. For the sake of viewer convenience, the content is shown below in the alternative language. You may click the link to switch the active language. \u0130stanbul Sanayi Odas\u0131 (\u0130SO) ve G\u00fcne\u015f Enerjisi Sanayicileri ve End\u00fcstrisi Derne\u011fi (GENSED) i\u015fbirli\u011fi ile 4 May\u0131s 2023 g\u00fcn\u00fc \u201cG\u00fcne\u015f Enerjisi ve Enerji [&hellip;]<\/p>\n","protected":false},"author":1,"featured_media":174597,"comment_status":"open","ping_status":"open","sticky":false,"template":"","format":"standard","meta":[],"categories":[51,53,49],"tags":[51664,2258,727,13,15237,109305],"views":34,"_links":{"self":[{"href":"https:\/\/www.enerjigazetesi.ist\/en\/wp-json\/wp\/v2\/posts\/174595"}],"collection":[{"href":"https:\/\/www.enerjigazetesi.ist\/en\/wp-json\/wp\/v2\/posts"}],"about":[{"href":"https:\/\/www.enerjigazetesi.ist\/en\/wp-json\/wp\/v2\/types\/post"}],"author":[{"embeddable":true,"href":"https:\/\/www.enerjigazetesi.ist\/en\/wp-json\/wp\/v2\/users\/1"}],"replies":[{"embeddable":true,"href":"https:\/\/www.enerjigazetesi.ist\/en\/wp-json\/wp\/v2\/comments?post=174595"}],"version-history":[{"count":0,"href":"https:\/\/www.enerjigazetesi.ist\/en\/wp-json\/wp\/v2\/posts\/174595\/revisions"}],"wp:featuredmedia":[{"embeddable":true,"href":"https:\/\/www.enerjigazetesi.ist\/en\/wp-json\/wp\/v2\/media\/174597"}],"wp:attachment":[{"href":"https:\/\/www.enerjigazetesi.ist\/en\/wp-json\/wp\/v2\/media?parent=174595"}],"wp:term":[{"taxonomy":"category","embeddable":true,"href":"https:\/\/www.enerjigazetesi.ist\/en\/wp-json\/wp\/v2\/categories?post=174595"},{"taxonomy":"post_tag","embeddable":true,"href":"https:\/\/www.enerjigazetesi.ist\/en\/wp-json\/wp\/v2\/tags?post=174595"}],"curies":[{"name":"wp","href":"https:\/\/api.w.org\/{rel}","templated":true}]}}