{"id":174575,"date":"2023-05-11T13:55:39","date_gmt":"2023-05-11T10:55:39","guid":{"rendered":"https:\/\/www.enerjigazetesi.ist\/?p=174575"},"modified":"2023-05-11T13:55:39","modified_gmt":"2023-05-11T10:55:39","slug":"haydar-aliyev-dogumunun-100-yilinda-socar-turkiyede-torenlerle-anildi","status":"publish","type":"post","link":"https:\/\/www.enerjigazetesi.ist\/en\/haydar-aliyev-dogumunun-100-yilinda-socar-turkiyede-torenlerle-anildi\/","title":{"rendered":"(Turkish) &#8217;Haydar Aliyev&#8217; Do\u011fumunun 100. Y\u0131l\u0131nda &#8216;SOCAR T\u00fcrkiye\u2019de T\u00f6renlerle An\u0131ld\u0131"},"content":{"rendered":"<p class=\"qtranxs-available-languages-message qtranxs-available-languages-message-en\">Sorry, this entry is only available in <a href=\"https:\/\/www.enerjigazetesi.ist\/tr\/wp-json\/wp\/v2\/posts\/174575\" class=\"qtranxs-available-language-link qtranxs-available-language-link-tr\" title=\"Turkish\">Turkish<\/a>. For the sake of viewer convenience, the content is shown below in the alternative language. You may click the link to switch the active language.<\/p><p><\/p>\n<h2><strong>\u00c7a\u011fda\u015f Azerbaycan\u2019\u0131n mimar\u0131 ve Ulusal Lideri Haydar Aliyev do\u011fumunun 100. y\u0131l\u0131nda SOCAR T\u00fcrkiye\u2019nin faaliyet g\u00f6sterdi\u011fi illerde yer alan grup \u015firketlerinde, e\u015f zamanl\u0131 d\u00fczenlenen t\u00f6renlerle an\u0131ld\u0131. T\u00f6renlerde,\u00a0b\u00fcy\u00fck devlet adam\u0131, \u00f6rnek lider\u00a0Haydar Aliyev\u2019in Azerbaycan\u2019\u0131n bug\u00fcnk\u00fc g\u00fc\u00e7l\u00fc konumuna gelmesindeki b\u00fcy\u00fck katk\u0131lar\u0131na de\u011finildi.<\/strong><\/h2>\n<p>T\u00fcrkiye\u2019nin en b\u00fcy\u00fck do\u011frudan d\u0131\u015f yat\u0131r\u0131mc\u0131s\u0131 ve end\u00fcstriyel holdingi SOCAR T\u00fcrkiye, \u00e7a\u011fda\u015f Azerbaycan\u2019\u0131n kurucusu ve <strong>Ulusal Lideri Haydar Aliyev\u2019in<\/strong> do\u011fumunun<strong> 100. y\u0131l\u0131n\u0131<\/strong> bir dizi etkinlikle and\u0131.<\/p>\n<p><strong><img loading=\"lazy\" class=\"alignright wp-image-174578\" src=\"https:\/\/www.enerjigazetesi.ist\/wp-content\/uploads\/2023\/05\/haydar-aliyev-dogumunun-100-yilinda-socar-turkiyede-torenlerle-anildi.jpg\" alt=\"\" width=\"320\" height=\"211\" srcset=\"https:\/\/www.enerjigazetesi.ist\/wp-content\/uploads\/2023\/05\/haydar-aliyev-dogumunun-100-yilinda-socar-turkiyede-torenlerle-anildi.jpg 550w, https:\/\/www.enerjigazetesi.ist\/wp-content\/uploads\/2023\/05\/haydar-aliyev-dogumunun-100-yilinda-socar-turkiyede-torenlerle-anildi-300x198.jpg 300w, https:\/\/www.enerjigazetesi.ist\/wp-content\/uploads\/2023\/05\/haydar-aliyev-dogumunun-100-yilinda-socar-turkiyede-torenlerle-anildi-500x330.jpg 500w, https:\/\/www.enerjigazetesi.ist\/wp-content\/uploads\/2023\/05\/haydar-aliyev-dogumunun-100-yilinda-socar-turkiyede-torenlerle-anildi-76x50.jpg 76w\" sizes=\"(max-width: 320px) 100vw, 320px\" \/>\u201cBir millet, iki devlet\u201d<\/strong> s\u00f6z\u00fcyle<strong> Azerbaycan<\/strong> ve <strong>T\u00fcrkiye\u2019nin<\/strong> <strong>dostlu\u011funa, karde\u015fli\u011fine<\/strong> verdi\u011fi de\u011feri ifade eden Haydar Aliyev i\u00e7in SOCAR T\u00fcrkiye\u2019nin \u0130stanbul\u2019daki genel merkezinde ve faaliyet g\u00f6sterdi\u011fi illerdeki grup \u015firketlerinde anma t\u00f6renleri ve Haydar Aliyev\u2019in foto\u011fraflar\u0131ndan olu\u015fan sergiler d\u00fczenlendi. Anma program\u0131, <strong>10 May\u0131s \u00c7ar\u015famba g\u00fcn\u00fc<\/strong> SOCAR T\u00fcrkiye\u2019nin \u0130stanbul Genel M\u00fcd\u00fcrl\u00fck binas\u0131ndaki m\u00fcze alan\u0131nda ger\u00e7ekle\u015fti. T\u00f6renler e\u015f zamanl\u0131 olarak<strong> \u0130stanbul, \u0130zmir Alia\u011fa, Kayseri, Bursa ve Ankara\u2019da<\/strong> yap\u0131ld\u0131.<\/p>\n<p>Anma t\u00f6renleri kapsam\u0131nda SOCAR T\u00fcrkiye \u00e7al\u0131\u015fanlar\u0131na Haydar Aliyev\u2019in do\u011fumunun <strong>100. y\u0131l\u0131na \u00f6zel haz\u0131rlanan k\u0131sa film<\/strong> izletildi. Filmde 1923 y\u0131l\u0131nda do\u011fan Haydar Aliyev\u2019in <strong>kendi kendine yeten, yar\u0131nlara \u00f6zg\u00fcvenle bakan<\/strong> <strong>enerji \u00fclkesi Azerbaycan\u2019\u0131n<\/strong> ba\u015far\u0131s\u0131n\u0131n mimar\u0131 oldu\u011funa vurgu yap\u0131ld\u0131. Ayr\u0131ca t\u00fcm lokasyonlarda <strong>Haydar Aliyev<\/strong>\u2019in hayat\u0131ndan kesitlerin yer ald\u0131\u011f\u0131 foto\u011fraf sergileri gezildi.<\/p>\n<h3><strong>\u00c7a\u011fda\u015f Azerbaycan\u2019\u0131n mimar\u0131<\/strong><\/h3>\n<p>B\u00fcy\u00fck bir siyaset\u00e7i, \u00e7a\u011fda\u015f Azerbaycan\u2019\u0131n mimar\u0131 Haydar Aliyev, \u00fclkesinin bug\u00fcne gelmesi i\u00e7in hayat\u0131 boyunca \u00e7al\u0131\u015ft\u0131. Hem Sovyetler hem de ba\u011f\u0131ms\u0131zl\u0131k d\u00f6neminde \u00f6mr\u00fcn\u00fc \u00fclkesine ve halk\u0131na adayan Haydar Aliyev, <strong>7<\/strong> \u00fclkeden <strong>11<\/strong> \u015firketle, Azerbaycan&#8217;\u0131n en b\u00fcy\u00fck petrol yata\u011f\u0131 <strong>Azeri-\u00c7\u0131rak-G\u00fcne\u015fli (A\u00c7G) havzas\u0131n\u0131n i\u015fletilmesini<\/strong> ve <strong>petrol\u00fcn d\u00fcnya pazarlar\u0131na \u00e7\u0131kar\u0131lmas\u0131n\u0131<\/strong> \u00f6ng\u00f6ren <em>\u201cAsr\u0131n Anla\u015fmas\u0131\u201d<\/em>n\u0131 imzalayarak \u00fclkenin<strong> s\u00fcrd\u00fcr\u00fclebilir ekonomik kalk\u0131nmas\u0131n\u0131n<\/strong> temelini att\u0131 ve \u00fclkesinin uluslararas\u0131 arenadaki yerini sa\u011flamla\u015ft\u0131rd\u0131.<\/p>\n<p>SOCAR T\u00fcrkiye\u2019nin kalk\u0131nmas\u0131, b\u00fcy\u00fcmesi ve enerjide s\u00f6z sahibi olmas\u0131 hedefi Haydar Aliyev\u2019in miras\u0131d\u0131r. <strong>15<\/strong> y\u0131lda <strong>18 milyar dolar\u0131<\/strong> a\u015fan yat\u0131r\u0131m yapan <strong>SOCAR T\u00fcrkiye, Haydar Aliyev\u2019in<\/strong> i\u015faret etti\u011fi karde\u015fli\u011fin, dostlu\u011fun d\u00fcnyaya \u00f6rnek bir yans\u0131mas\u0131d\u0131r.<\/p>","protected":false},"excerpt":{"rendered":"<p>Sorry, this entry is only available in Turkish. For the sake of viewer convenience, the content is shown below in the alternative language. You may click the link to switch the active language. \u00c7a\u011fda\u015f Azerbaycan\u2019\u0131n mimar\u0131 ve Ulusal Lideri Haydar Aliyev do\u011fumunun 100. y\u0131l\u0131nda SOCAR T\u00fcrkiye\u2019nin faaliyet g\u00f6sterdi\u011fi illerde yer alan grup \u015firketlerinde, e\u015f zamanl\u0131 [&hellip;]<\/p>\n","protected":false},"author":1,"featured_media":174578,"comment_status":"open","ping_status":"open","sticky":false,"template":"","format":"standard","meta":[],"categories":[53,44],"tags":[109300,26679,1567],"views":51,"_links":{"self":[{"href":"https:\/\/www.enerjigazetesi.ist\/en\/wp-json\/wp\/v2\/posts\/174575"}],"collection":[{"href":"https:\/\/www.enerjigazetesi.ist\/en\/wp-json\/wp\/v2\/posts"}],"about":[{"href":"https:\/\/www.enerjigazetesi.ist\/en\/wp-json\/wp\/v2\/types\/post"}],"author":[{"embeddable":true,"href":"https:\/\/www.enerjigazetesi.ist\/en\/wp-json\/wp\/v2\/users\/1"}],"replies":[{"embeddable":true,"href":"https:\/\/www.enerjigazetesi.ist\/en\/wp-json\/wp\/v2\/comments?post=174575"}],"version-history":[{"count":0,"href":"https:\/\/www.enerjigazetesi.ist\/en\/wp-json\/wp\/v2\/posts\/174575\/revisions"}],"wp:featuredmedia":[{"embeddable":true,"href":"https:\/\/www.enerjigazetesi.ist\/en\/wp-json\/wp\/v2\/media\/174578"}],"wp:attachment":[{"href":"https:\/\/www.enerjigazetesi.ist\/en\/wp-json\/wp\/v2\/media?parent=174575"}],"wp:term":[{"taxonomy":"category","embeddable":true,"href":"https:\/\/www.enerjigazetesi.ist\/en\/wp-json\/wp\/v2\/categories?post=174575"},{"taxonomy":"post_tag","embeddable":true,"href":"https:\/\/www.enerjigazetesi.ist\/en\/wp-json\/wp\/v2\/tags?post=174575"}],"curies":[{"name":"wp","href":"https:\/\/api.w.org\/{rel}","templated":true}]}}