{"id":174559,"date":"2023-05-11T12:36:40","date_gmt":"2023-05-11T09:36:40","guid":{"rendered":"https:\/\/www.enerjigazetesi.ist\/?p=174559"},"modified":"2023-05-11T12:36:40","modified_gmt":"2023-05-11T09:36:40","slug":"enerjisa-dagitim-sirketleri-secim-oncesi-sebeke-bakimlarini-tamamladi","status":"publish","type":"post","link":"https:\/\/www.enerjigazetesi.ist\/en\/enerjisa-dagitim-sirketleri-secim-oncesi-sebeke-bakimlarini-tamamladi\/","title":{"rendered":"(Turkish) Enerjisa Da\u011f\u0131t\u0131m \u015eirketleri Se\u00e7im \u00d6ncesi \u015eebeke Bak\u0131mlar\u0131n\u0131 Tamamlad\u0131"},"content":{"rendered":"<p class=\"qtranxs-available-languages-message qtranxs-available-languages-message-en\">Sorry, this entry is only available in <a href=\"https:\/\/www.enerjigazetesi.ist\/tr\/wp-json\/wp\/v2\/posts\/174559\" class=\"qtranxs-available-language-link qtranxs-available-language-link-tr\" title=\"Turkish\">Turkish<\/a>. For the sake of viewer convenience, the content is shown below in the alternative language. You may click the link to switch the active language.<\/p><p><\/p>\n<h2><strong>T\u00fcrkiye hafta sonu d\u00fczenlenecek Cumhurba\u015fkan\u0131 Se\u00e7imi ve 28. D\u00f6nem Milletvekili Genel Se\u00e7imine haz\u0131rlan\u0131rken, Enerjisa Da\u011f\u0131t\u0131m \u015eirketlerince faaliyet g\u00f6sterilen illerde se\u00e7im s\u00fcrecinde kullan\u0131lacak \u00f6nemli bina ve tesislerin elektrik alt yap\u0131s\u0131nda gerekli bak\u0131mlar yap\u0131ld\u0131, tedbirler devreye al\u0131nd\u0131.<\/strong><\/h2>\n<p>T\u00fcrkiye\u2019de <strong>Ba\u015fkent EDA\u015e, Ayeda\u015f ve Toroslar EDA\u015e<\/strong> olmak \u00fczere <strong>3 elektrik da\u011f\u0131t\u0131m b\u00f6lgesindeki<\/strong> <strong>14 ilde<\/strong> hizmet veren <strong>Enerjisa Da\u011f\u0131t\u0131m \u015eirketleri\u2019nin \u015eebeke ve Sistem \u0130\u015fletme Direkt\u00f6r\u00fc Nuri Osman \u00c7al\u0131\u015fkan<\/strong>, yakla\u015fan se\u00e7imlere y\u00f6nelik al\u0131nan tedbirler hakk\u0131nda, <em>&#8220;Se\u00e7imlerin elektrikte kesintisiz ve g\u00fcvenilir olarak devam etmesi i\u00e7in elimizden geleni yapmaya \u00e7al\u0131\u015f\u0131yoruz. Se\u00e7im <img loading=\"lazy\" class=\"alignright wp-image-174563\" src=\"https:\/\/www.enerjigazetesi.ist\/wp-content\/uploads\/2023\/05\/enerjisa-dagitim-sirketleri-secim-oncesi-sebeke-bakimlarini-tamamladi-1.jpg\" alt=\"\" width=\"320\" height=\"214\" srcset=\"https:\/\/www.enerjigazetesi.ist\/wp-content\/uploads\/2023\/05\/enerjisa-dagitim-sirketleri-secim-oncesi-sebeke-bakimlarini-tamamladi-1.jpg 550w, https:\/\/www.enerjigazetesi.ist\/wp-content\/uploads\/2023\/05\/enerjisa-dagitim-sirketleri-secim-oncesi-sebeke-bakimlarini-tamamladi-1-300x200.jpg 300w, https:\/\/www.enerjigazetesi.ist\/wp-content\/uploads\/2023\/05\/enerjisa-dagitim-sirketleri-secim-oncesi-sebeke-bakimlarini-tamamladi-1-500x334.jpg 500w, https:\/\/www.enerjigazetesi.ist\/wp-content\/uploads\/2023\/05\/enerjisa-dagitim-sirketleri-secim-oncesi-sebeke-bakimlarini-tamamladi-1-75x50.jpg 75w, https:\/\/www.enerjigazetesi.ist\/wp-content\/uploads\/2023\/05\/enerjisa-dagitim-sirketleri-secim-oncesi-sebeke-bakimlarini-tamamladi-1-450x300.jpg 450w\" sizes=\"(max-width: 320px) 100vw, 320px\" \/>g\u00fcn\u00fc 24 saat esasl\u0131 olarak t\u00fcm arkada\u015flar\u0131m\u0131z sahada ve haz\u0131r olacak. Toplamda 7 bin 700 ki\u015fi ve 2 bin 800 ara\u00e7la se\u00e7im g\u00fcn\u00fc sahalarda ve n\u00f6bet yerlerinde bulunaca\u011f\u0131z&#8221;<\/em> dedi.<\/p>\n<p>\u00c7al\u0131\u015fkan, T\u00fcrkiye genelinde 20 milyonun \u00fczerindeki n\u00fcfusa hizmet verdiklerini kaydederek, <em>&#8220;Y\u00fcksek Se\u00e7im Kurulu (YSK) ve Enerji ve Tabii Kaynaklar Bakanl\u0131\u011f\u0131yla gerekli ileti\u015fimi sa\u011flad\u0131k, kendileriyle koordinasyon halinde belirlenen<strong> 3<\/strong> da\u011f\u0131t\u0131m b\u00f6lgemizde<strong> 544 noktada<\/strong> gerekli tedbirleri ald\u0131k. Buralarda bak\u0131mlar\u0131m\u0131z\u0131 tamamlad\u0131k, gerekli olan bak\u0131mlar\u0131 yapt\u0131ktan sonra ayn\u0131 zamanda buralar\u0131 <strong>SCADA (Merkezi Uzaktan Kontrol ve Veri \u0130zleme) sistemi<\/strong> ile <strong>uzaktan kontrol<\/strong> edebiliyoruz. SCADA&#8217;lar\u0131n \u00e7al\u0131\u015f\u0131p \u00e7al\u0131\u015fmad\u0131\u011f\u0131na y\u00f6nelik <strong>en son elektronik testlerini<\/strong> tamamlad\u0131k&#8221;<\/em> diye konu\u015ftu.<\/p>\n<p>YSK&#8217;n\u0131n belirledi\u011fi il se\u00e7im kurullar\u0131, oy toplama merkezleri, parti genel merkezleri ve g\u00fcmr\u00fckler, havaalanlar\u0131 gibi noktalarda da gerekli ilave tedbirleri ald\u0131klar\u0131n\u0131 dile getiren \u00c7al\u0131\u015fkan, <em>&#8220;Emniyet Genel M\u00fcd\u00fcrl\u00fc\u011f\u00fcyle ileti\u015fim halindeyiz. Onlar da bize kolluk kuvveti olarak destek verecekler \u00e7\u00fcnk\u00fc bu merkezleri besleyen, da\u011f\u0131t\u0131m merkezlerimiz, indirici merkezler ile trafo binalar\u0131m\u0131zda da bu t\u00fcr tedbirleri de kendilerinin deste\u011fiyle al\u0131yoruz&#8221;<\/em> dedi.<\/p>\n<h3><strong>Da\u011f\u0131t\u0131m b\u00f6lgesinde 1000&#8217;e yak\u0131n jenerat\u00f6r, \u015febekede s\u00fcreklili\u011fi sa\u011flayacak<\/strong><\/h3>\n<p>\u00c7al\u0131\u015fkan, elektrik \u015febekesinde s\u00fcreklili\u011fi sa\u011flamak i\u00e7in \u00e7e\u015fitli kapasitelerde yakla\u015f\u0131k 1000 jenerat\u00f6r temin ettiklerinin alt\u0131n\u0131 \u00e7izerek, bu jenerat\u00f6rlerle se\u00e7imin elektrik \u015febekesinde herhangi bir aksakl\u0131k ya\u015fanmadan ger\u00e7ekle\u015fmesi i\u00e7in \u00e7al\u0131\u015facaklar\u0131n\u0131 s\u00f6yledi.<\/p>\n<p>Deprem b\u00f6lgesindeki elektrik altyap\u0131s\u0131nda yapt\u0131klar\u0131 \u00e7al\u0131\u015fmalara da de\u011finen \u00c7al\u0131\u015fkan, Hatay ile Gaziantep&#8217;in \u0130slahiye ve Nurda\u011f\u0131 il\u00e7elerinde de \u015febekelerin sorunsuz \u00e7al\u0131\u015fabilmesi i\u00e7in buradaki konteynerlere enerji beslemelerini sa\u011flad\u0131klar\u0131n\u0131 s\u00f6yledi.<\/p>\n<h3><strong>Ola\u011fan d\u0131\u015f\u0131 durumlarda Mobil SCADA merkezi devreye girecek<\/strong><\/h3>\n<p>\u00c7al\u0131\u015fkan, binalardaki SCADA merkezlerinin ola\u011fan d\u0131\u015f\u0131 nedenlerden etkilenmeleri durumunda<strong> Mobil SCADA Kontrol Merkezi<\/strong>&#8216;ni kullanacaklar\u0131n\u0131 ifade etti.<\/p>\n<p>Bir otob\u00fcs i\u00e7ine kurulan SCADA kontrol merkezinin d\u00fcnyada ilk olma \u00f6zelli\u011fi ta\u015f\u0131d\u0131\u011f\u0131n\u0131 vurgulayan \u00c7al\u0131\u015fkan, binalar\u0131n afet veya ola\u011fan d\u0131\u015f\u0131 nedenlerden etkilenmeleri durumunda <strong>mobil merkezle \u015febekenin tamam\u0131n\u0131 izleyebileceklerini<\/strong> ve<strong> y\u00f6netebileceklerini<\/strong> dile getirdi.<\/p>\n<h3><strong>Ar\u0131zalara sahadan canl\u0131 ba\u011flant\u0131yla m\u00fcdahale ediliyor<\/strong><\/h3>\n<p>Ar\u0131zaya sahadaki ekiplerle canl\u0131 g\u00f6r\u00fcnt\u00fc \u00fczerinden m\u00fcdahale edilmesini sa\u011flayan <strong>&#8220;G\u00f6r\u00fcnt\u00fcl\u00fc Teyit Sistemi&#8221;<\/strong>ne de de\u011finen \u00c7al\u0131\u015fkan, se\u00e7im ya da afet durumlar\u0131nda, <strong>sahadaki ekiplerin yapt\u0131klar\u0131 bak\u0131mlar\u0131 ekrandan canl\u0131 olarak izleyebildiklerini<\/strong> aktard\u0131.<\/p>\n<p>S\u00f6z konusu sistemle se\u00e7im zaman\u0131nda sahada bulunan ekiplerin de canl\u0131 olarak izlenebilece\u011fini aktaran \u00c7al\u0131\u015fkan, <em>&#8220;Bu cihazlar her \u00e7al\u0131\u015fan personelde bulunuyor. \u015eu anda ekiplerimizdeki arkada\u015flarda bu cihazlardan 5 bin 500 tane mevcut.&#8221;<\/em> dedi.<\/p>\n<p><strong>Enerjisa Da\u011f\u0131t\u0131m \u015eirketleri, Ba\u015fkent EDA\u015e<\/strong> ile <strong>Ankara, Bart\u0131n, \u00c7ank\u0131r\u0131, Karab\u00fck, Kastamonu, K\u0131r\u0131kkale ve Zonguldak\u2019ta<\/strong>, <strong>Ayeda\u015f<\/strong> ile <strong>\u0130stanbul Anadolu Yakas\u0131nda<\/strong>, <strong>Toroslar EDA\u015e<\/strong> ile <strong>Adana, Gaziantep, Hatay, Kilis, Mersin ve Osmaniye<\/strong> illerinde \u00e7al\u0131\u015fmalar\u0131n\u0131 s\u00fcrd\u00fcr\u00fcyor.<\/p>","protected":false},"excerpt":{"rendered":"<p>Sorry, this entry is only available in Turkish. For the sake of viewer convenience, the content is shown below in the alternative language. You may click the link to switch the active language. T\u00fcrkiye hafta sonu d\u00fczenlenecek Cumhurba\u015fkan\u0131 Se\u00e7imi ve 28. D\u00f6nem Milletvekili Genel Se\u00e7imine haz\u0131rlan\u0131rken, Enerjisa Da\u011f\u0131t\u0131m \u015eirketlerince faaliyet g\u00f6sterilen illerde se\u00e7im s\u00fcrecinde kullan\u0131lacak [&hellip;]<\/p>\n","protected":false},"author":1,"featured_media":174562,"comment_status":"open","ping_status":"open","sticky":false,"template":"","format":"standard","meta":[],"categories":[51,53],"tags":[15016,49286],"views":40,"_links":{"self":[{"href":"https:\/\/www.enerjigazetesi.ist\/en\/wp-json\/wp\/v2\/posts\/174559"}],"collection":[{"href":"https:\/\/www.enerjigazetesi.ist\/en\/wp-json\/wp\/v2\/posts"}],"about":[{"href":"https:\/\/www.enerjigazetesi.ist\/en\/wp-json\/wp\/v2\/types\/post"}],"author":[{"embeddable":true,"href":"https:\/\/www.enerjigazetesi.ist\/en\/wp-json\/wp\/v2\/users\/1"}],"replies":[{"embeddable":true,"href":"https:\/\/www.enerjigazetesi.ist\/en\/wp-json\/wp\/v2\/comments?post=174559"}],"version-history":[{"count":1,"href":"https:\/\/www.enerjigazetesi.ist\/en\/wp-json\/wp\/v2\/posts\/174559\/revisions"}],"predecessor-version":[{"id":174560,"href":"https:\/\/www.enerjigazetesi.ist\/en\/wp-json\/wp\/v2\/posts\/174559\/revisions\/174560"}],"wp:featuredmedia":[{"embeddable":true,"href":"https:\/\/www.enerjigazetesi.ist\/en\/wp-json\/wp\/v2\/media\/174562"}],"wp:attachment":[{"href":"https:\/\/www.enerjigazetesi.ist\/en\/wp-json\/wp\/v2\/media?parent=174559"}],"wp:term":[{"taxonomy":"category","embeddable":true,"href":"https:\/\/www.enerjigazetesi.ist\/en\/wp-json\/wp\/v2\/categories?post=174559"},{"taxonomy":"post_tag","embeddable":true,"href":"https:\/\/www.enerjigazetesi.ist\/en\/wp-json\/wp\/v2\/tags?post=174559"}],"curies":[{"name":"wp","href":"https:\/\/api.w.org\/{rel}","templated":true}]}}