{"id":174543,"date":"2023-05-11T11:45:46","date_gmt":"2023-05-11T08:45:46","guid":{"rendered":"https:\/\/www.enerjigazetesi.ist\/?p=174543"},"modified":"2023-05-11T11:53:35","modified_gmt":"2023-05-11T08:53:35","slug":"yesil-donusum-stratejisiyle-dogal-kaynaklarin-korunmasina-katki-saglaniyor","status":"publish","type":"post","link":"https:\/\/www.enerjigazetesi.ist\/en\/yesil-donusum-stratejisiyle-dogal-kaynaklarin-korunmasina-katki-saglaniyor\/","title":{"rendered":"(Turkish) &#8217;Ye\u015fil D\u00f6n\u00fc\u015f\u00fcm&#8217; Stratejisiyle Do\u011fal Kaynaklar\u0131n Korunmas\u0131na Katk\u0131&#8230;"},"content":{"rendered":"<p class=\"qtranxs-available-languages-message qtranxs-available-languages-message-en\">Sorry, this entry is only available in <a href=\"https:\/\/www.enerjigazetesi.ist\/tr\/wp-json\/wp\/v2\/posts\/174543\" class=\"qtranxs-available-language-link qtranxs-available-language-link-tr\" title=\"Turkish\">Turkish<\/a>. For the sake of viewer convenience, the content is shown below in the alternative language. You may click the link to switch the active language.<\/p><p><\/p>\n<h2><strong>\u0130klimlendirme sekt\u00f6r\u00fcn\u00fcn \u00f6nc\u00fc markalar\u0131ndan DemirD\u00f6k\u00fcm, \u201cye\u015fil d\u00f6n\u00fc\u015f\u00fcm\u201d stratejisi kapsam\u0131nda karbon ayak izini k\u00fc\u00e7\u00fcltme hedefiyle as\u0131rl\u0131k hedeflerine ilerliyor. Geni\u015f \u00fcr\u00fcn gam\u0131yla m\u00fc\u015fterilerine y\u00fcksek tasarruf ve uzun \u00f6m\u00fcrl\u00fc kullan\u0131m deneyimi sunan \u015firket, \u00e7evre dostu teknolojilerinin yan\u0131 s\u0131ra yenilik\u00e7i \u00fcretim modeliyle de dikkat \u00e7ekiyor. Bir\u00e7ok kez Good Design ve Green Good Design \u00f6d\u00fcllerine lay\u0131k g\u00f6r\u00fclen DemirD\u00f6k\u00fcm, \u00e7evre ve insan sa\u011fl\u0131\u011f\u0131na \u00f6zen g\u00f6stererek do\u011fal kaynaklar\u0131n korunmas\u0131na katk\u0131 sa\u011fl\u0131yor. <\/strong><\/h2>\n<p>DemirD\u00f6k\u00fcm, 69 y\u0131ll\u0131k tecr\u00fcbesiyle <strong>\u00e7evre dostu \u00fcr\u00fcnleri, s\u00fcrd\u00fcr\u00fclebilirlik \u00e7al\u0131\u015fmalar\u0131<\/strong> ve ald\u0131\u011f\u0131 \u00f6d\u00fcllerle ye\u015fil d\u00f6n\u00fc\u015f\u00fcm\u00fcn \u00f6nc\u00fcs\u00fc olmay\u0131 s\u00fcrd\u00fcr\u00fcyor. Benimsedi\u011fi strateji kapsam\u0131nda \u00fcr\u00fcn malzemelerinden \u00fcretim tekniklerine kadar t\u00fcm s\u00fcre\u00e7leri ele alan \u015firket, karbon ayak izini k\u00fc\u00e7\u00fcltme hedefini her ge\u00e7en y\u0131l ilerletiyor. <strong>\u00dcr\u00fcnlerinin tasar\u0131m\u0131, malzemeleri ve \u00fcretim teknikleriyle<\/strong> \u00e7evre kirlili\u011finin azalt\u0131lmas\u0131na katk\u0131 sa\u011flayan DemirD\u00f6k\u00fcm, m\u00fc\u015fterilerine y\u00fcksek tasarruf ve uzun \u00f6m\u00fcrl\u00fc kullan\u0131m deneyimi sunuyor.<\/p>\n<p><img loading=\"lazy\" class=\"alignright wp-image-174548\" src=\"https:\/\/www.enerjigazetesi.ist\/wp-content\/uploads\/2023\/05\/yesil-donusum-stratejisiyle-dogal-kaynaklarin-korunmasina-katki-saglaniyor-2-1.jpg\" alt=\"\" width=\"320\" height=\"220\" srcset=\"https:\/\/www.enerjigazetesi.ist\/wp-content\/uploads\/2023\/05\/yesil-donusum-stratejisiyle-dogal-kaynaklarin-korunmasina-katki-saglaniyor-2-1.jpg 550w, https:\/\/www.enerjigazetesi.ist\/wp-content\/uploads\/2023\/05\/yesil-donusum-stratejisiyle-dogal-kaynaklarin-korunmasina-katki-saglaniyor-2-1-300x206.jpg 300w, https:\/\/www.enerjigazetesi.ist\/wp-content\/uploads\/2023\/05\/yesil-donusum-stratejisiyle-dogal-kaynaklarin-korunmasina-katki-saglaniyor-2-1-500x344.jpg 500w, https:\/\/www.enerjigazetesi.ist\/wp-content\/uploads\/2023\/05\/yesil-donusum-stratejisiyle-dogal-kaynaklarin-korunmasina-katki-saglaniyor-2-1-73x50.jpg 73w\" sizes=\"(max-width: 320px) 100vw, 320px\" \/>\u00c7evreci \u00fcr\u00fcnleriyle enerji maliyetlerini de d\u00fc\u015f\u00fcren \u015firket, ayn\u0131 zamanda \u00fclke ekonomisine de farkl\u0131 alanlarda katma de\u011fer sunuyor. Yeni nesil \u00fcr\u00fcn gam\u0131yla <strong>iklim de\u011fi\u015fikli\u011fiyle m\u00fccadele<\/strong> eden DemirD\u00f6k\u00fcm, sekt\u00f6rde \u00e7evre dostu teknolojiler ve yenilik\u00e7i \u00fcretim modeliyle \u00f6n plana \u00e7\u0131k\u0131yor.<\/p>\n<p>Gelecek nesillere ya\u015fanabilir bir d\u00fcnya b\u0131rakmay\u0131 ama\u00e7layan DemirD\u00f6k\u00fcm, \u00e7evre dostu \u00fcr\u00fcnleri, s\u00fcrd\u00fcr\u00fclebilirlik \u00e7al\u0131\u015fmalar\u0131n\u0131n yan\u0131 s\u0131ra ald\u0131\u011f\u0131 \u00f6d\u00fcllerle de ba\u015far\u0131s\u0131n\u0131 ta\u00e7land\u0131r\u0131yor. Boz\u00fcy\u00fck Fabrikas\u0131\u2019nda \u00fcretti\u011fi \u00fcr\u00fcnleri d\u00fcnyan\u0131n d\u00f6rt bir yan\u0131na ihra\u00e7 eden \u015firket, <strong>yo\u011fu\u015fmal\u0131 kombi \u00fcr\u00fcn ailesine<\/strong> katt\u0131\u011f\u0131 <strong>ademiX ve vintomiX<\/strong> ile bir kez <strong>Good Design<\/strong> ve <strong>Green Good Design \u00f6d\u00fcllerini<\/strong> almaya lay\u0131k g\u00f6r\u00fcld\u00fc.<\/p>\n<p><strong>Estetik, yenilik\u00e7i tasar\u0131m anlay\u0131\u015f\u0131, yeni teknoloji kullan\u0131m\u0131, form, malzeme, yap\u0131, konsept, fonksiyon, fayda, enerji verimlili\u011fi ve \u00e7evreye duyarl\u0131l\u0131k<\/strong> konusunda teknolojiden mobilyaya, giyimden otomotive, ekipmandan bina ve iklimlendirmeye kadar 100 kategoride binlerce proje ve tasar\u0131m\u0131n de\u011ferlendirildi\u011fi yar\u0131\u015fmada DemirD\u00f6k\u00fcm, Good Design ve s\u00fcrd\u00fcr\u00fclebilir \u00fcr\u00fcnlerin onurland\u0131r\u0131ld\u0131\u011f\u0131 <strong>Green Good Design \u00f6d\u00fcllerini<\/strong> almaya hak kazand\u0131. \u00c7evre ve insan sa\u011fl\u0131\u011f\u0131na g\u00f6sterdi\u011fi \u00f6zenle, enerji verimlili\u011fi sa\u011flayan \u00fcr\u00fcnler \u00fczerinde \u00e7al\u0131\u015fmalar y\u00fcr\u00fcten DemirD\u00f6k\u00fcm, <strong>kombi, panel radyat\u00f6r, \u015fofben, termosifon, yo\u011fu\u015fmal\u0131 kaskad kazan, klima, \u0131s\u0131 pompas\u0131, VRF sistemleri, oda termostat\u0131, elektrikli su \u0131s\u0131t\u0131c\u0131lar\u0131yla<\/strong> do\u011fal kaynaklar\u0131n korunmas\u0131na b\u00fcy\u00fck katk\u0131 sa\u011fl\u0131yor.<\/p>\n<h3><strong>&#8220;YE\u015e\u0130L D\u00d6N\u00dc\u015e\u00dcM\u00dcN \u00d6NC\u00dcS\u00dc OLMAYI S\u00dcRD\u00dcRECE\u011e\u0130Z&#8221;<\/strong><\/h3>\n<p>DemirD\u00f6k\u00fcm&#8217;\u00fcn \u00e7evre dostu \u00fcretim teknikleri, \u00fcr\u00fcnleri, s\u00fcrd\u00fcr\u00fclebilirlik \u00e7al\u0131\u015fmalar\u0131 ve bu alanda bir\u00e7ok kez T\u00fcrkiye&#8217;ye kazand\u0131rd\u0131\u011f\u0131 \u00f6d\u00fcllerle ye\u015fil d\u00f6n\u00fc\u015f\u00fcm\u00fcn \u00f6nc\u00fcs\u00fc olmaya devam etti\u011fini belirten <strong>Pazarlamadan Sorumlu Genel M\u00fcd\u00fcr Yard\u0131mc\u0131s\u0131 Ufuk Atan<\/strong>, <em>&#8221; \u00dcretim s\u00fcre\u00e7lerimizden ba\u015flayarak, \u00fcr\u00fcnlerimizin her a\u015famas\u0131nda \u00e7evresel etkileri minimize etmeye odaklan\u0131yoruz. S\u00fcrd\u00fcr\u00fclebilirli\u011fi, tasar\u0131m felsefemizin merkezine konumland\u0131rd\u0131k. <strong>Yenilik\u00e7i malzemelerin kullan\u0131m\u0131, enerji verimlili\u011fi, geri d\u00f6n\u00fc\u015f\u00fcm ve at\u0131k y\u00f6netimi<\/strong> gibi fakt\u00f6rler, \u00fcr\u00fcnlerimizin tasar\u0131m\u0131nda \u00f6nemli bir rol oynuyor. Di\u011fer yandan payda\u015flar\u0131m\u0131zla yapt\u0131\u011f\u0131m\u0131z i\u015f birlikleri ile s\u00fcrd\u00fcr\u00fclebilir malzemelerin ve \u00fcretim y\u00f6ntemlerinin tercih edildi\u011fi bir tedarik zinciri olu\u015fturmaya \u00f6zen g\u00f6steriyoruz. Bu s\u00fcre\u00e7te estetik, yenilik\u00e7i tasar\u0131m anlay\u0131\u015f\u0131, yeni teknoloji kullan\u0131m\u0131, enerji verimlili\u011fi ve \u00e7evreye duyarl\u0131l\u0131k konular\u0131nda binlerce projenin de\u011ferlendirildi\u011fi yar\u0131\u015fmalarda elde etti\u011fimiz birbirinden k\u0131ymetli \u00f6d\u00fcller bizi hedefimize bir ad\u0131m daha yakla\u015ft\u0131r\u0131yor. \u00c7evre ve insan sa\u011fl\u0131\u011f\u0131na olan \u00f6zenimizle, <strong>enerji verimlili\u011fi<\/strong> sa\u011flayan \u00fcr\u00fcnlerimizle, do\u011fal kaynaklar\u0131n korunmas\u0131na katk\u0131 sa\u011flamay\u0131 ve<strong> sekt\u00f6rde ye\u015fil d\u00f6n\u00fc\u015f\u00fcm\u00fcn \u00f6nc\u00fcs\u00fc<\/strong> olmay\u0131 s\u00fcrd\u00fcrece\u011fiz&#8221;<\/em> dedi.<\/p>","protected":false},"excerpt":{"rendered":"<p>Sorry, this entry is only available in Turkish. For the sake of viewer convenience, the content is shown below in the alternative language. You may click the link to switch the active language. \u0130klimlendirme sekt\u00f6r\u00fcn\u00fcn \u00f6nc\u00fc markalar\u0131ndan DemirD\u00f6k\u00fcm, \u201cye\u015fil d\u00f6n\u00fc\u015f\u00fcm\u201d stratejisi kapsam\u0131nda karbon ayak izini k\u00fc\u00e7\u00fcltme hedefiyle as\u0131rl\u0131k hedeflerine ilerliyor. Geni\u015f \u00fcr\u00fcn gam\u0131yla m\u00fc\u015fterilerine y\u00fcksek [&hellip;]<\/p>\n","protected":false},"author":1,"featured_media":174547,"comment_status":"open","ping_status":"open","sticky":false,"template":"","format":"standard","meta":[],"categories":[46,53,52],"tags":[869,102773],"views":38,"_links":{"self":[{"href":"https:\/\/www.enerjigazetesi.ist\/en\/wp-json\/wp\/v2\/posts\/174543"}],"collection":[{"href":"https:\/\/www.enerjigazetesi.ist\/en\/wp-json\/wp\/v2\/posts"}],"about":[{"href":"https:\/\/www.enerjigazetesi.ist\/en\/wp-json\/wp\/v2\/types\/post"}],"author":[{"embeddable":true,"href":"https:\/\/www.enerjigazetesi.ist\/en\/wp-json\/wp\/v2\/users\/1"}],"replies":[{"embeddable":true,"href":"https:\/\/www.enerjigazetesi.ist\/en\/wp-json\/wp\/v2\/comments?post=174543"}],"version-history":[{"count":1,"href":"https:\/\/www.enerjigazetesi.ist\/en\/wp-json\/wp\/v2\/posts\/174543\/revisions"}],"predecessor-version":[{"id":174544,"href":"https:\/\/www.enerjigazetesi.ist\/en\/wp-json\/wp\/v2\/posts\/174543\/revisions\/174544"}],"wp:featuredmedia":[{"embeddable":true,"href":"https:\/\/www.enerjigazetesi.ist\/en\/wp-json\/wp\/v2\/media\/174547"}],"wp:attachment":[{"href":"https:\/\/www.enerjigazetesi.ist\/en\/wp-json\/wp\/v2\/media?parent=174543"}],"wp:term":[{"taxonomy":"category","embeddable":true,"href":"https:\/\/www.enerjigazetesi.ist\/en\/wp-json\/wp\/v2\/categories?post=174543"},{"taxonomy":"post_tag","embeddable":true,"href":"https:\/\/www.enerjigazetesi.ist\/en\/wp-json\/wp\/v2\/tags?post=174543"}],"curies":[{"name":"wp","href":"https:\/\/api.w.org\/{rel}","templated":true}]}}