{"id":174536,"date":"2023-05-11T10:41:26","date_gmt":"2023-05-11T07:41:26","guid":{"rendered":"https:\/\/www.enerjigazetesi.ist\/?p=174536"},"modified":"2023-05-11T10:41:48","modified_gmt":"2023-05-11T07:41:48","slug":"izocam-is-sagligi-ve-guvenliginde-de-lider","status":"publish","type":"post","link":"https:\/\/www.enerjigazetesi.ist\/en\/izocam-is-sagligi-ve-guvenliginde-de-lider\/","title":{"rendered":"(Turkish) &#8217;\u0130zocam&#8217; &#8220;\u0130\u015f Sa\u011fl\u0131\u011f\u0131 ve G\u00fcvenli\u011fi&#8221;nde de Lider"},"content":{"rendered":"<p class=\"qtranxs-available-languages-message qtranxs-available-languages-message-en\">Sorry, this entry is only available in <a href=\"https:\/\/www.enerjigazetesi.ist\/tr\/wp-json\/wp\/v2\/posts\/174536\" class=\"qtranxs-available-language-link qtranxs-available-language-link-tr\" title=\"Turkish\">Turkish<\/a>. For the sake of viewer convenience, the content is shown below in the alternative language. You may click the link to switch the active language.<\/p><p><\/p>\n<h2>Yal\u0131t\u0131mda en y\u00fcksek \u00fcretim kapasitesine sahip sanayi devi \u0130zocam, i\u015f sa\u011fl\u0131\u011f\u0131 ve g\u00fcvenli\u011fini t\u00fcm tesislerinde \u00f6ncelik olarak benimsiyor. \u2018G\u00fcvenlik seninle ba\u015flar\u2019 mottosu ile s\u00fcrd\u00fcrd\u00fc\u011f\u00fc i\u015f sa\u011fl\u0131\u011f\u0131 ve g\u00fcvenli\u011fi alan\u0131ndaki ba\u015far\u0131l\u0131 \u00e7al\u0131\u015fmalar\u0131yla sekt\u00f6r\u00fcne liderlik eden \u0130zocam, 4-10 May\u0131s \u0130\u015f\u00e7i Sa\u011fl\u0131\u011f\u0131 ve \u0130\u015f G\u00fcvenli\u011fi Haftas\u0131\u2019nda kurumsal k\u00fclt\u00fcr\u00fcn\u00fcn bir par\u00e7as\u0131 haline getirdi\u011fi \u00e7al\u0131\u015fmalar\u0131na ve hedeflerine dikkat \u00e7ekti.<\/h2>\n<p style=\"text-align: center;\"><img loading=\"lazy\" class=\"aligncenter wp-image-174541\" src=\"https:\/\/www.enerjigazetesi.ist\/wp-content\/uploads\/2023\/05\/izocam-is-sagligi-ve-guvenliginde-de-lider-1.jpg\" alt=\"\" width=\"500\" height=\"281\" srcset=\"https:\/\/www.enerjigazetesi.ist\/wp-content\/uploads\/2023\/05\/izocam-is-sagligi-ve-guvenliginde-de-lider-1.jpg 550w, https:\/\/www.enerjigazetesi.ist\/wp-content\/uploads\/2023\/05\/izocam-is-sagligi-ve-guvenliginde-de-lider-1-300x169.jpg 300w, https:\/\/www.enerjigazetesi.ist\/wp-content\/uploads\/2023\/05\/izocam-is-sagligi-ve-guvenliginde-de-lider-1-500x281.jpg 500w, https:\/\/www.enerjigazetesi.ist\/wp-content\/uploads\/2023\/05\/izocam-is-sagligi-ve-guvenliginde-de-lider-1-80x45.jpg 80w\" sizes=\"(max-width: 500px) 100vw, 500px\" \/><\/p>\n<p><strong>\u201cS\u0131f\u0131r i\u015f kazas\u0131, s\u0131f\u0131r \u00e7evre kazas\u0131 ve s\u0131f\u0131r meslek hastal\u0131\u011f\u0131\u201d<\/strong> hedefiyle riskleri s\u0131f\u0131ra indirmekte kararl\u0131 olan \u0130zocam, 2022 y\u0131lsonu itibariyle <strong>Eski\u015fehir Tesisi&#8217;nde 5\u2019inci<\/strong> i\u015f kazas\u0131z y\u0131l\u0131n\u0131 tamamlad\u0131. <strong>Tarsus Tesisi&#8217;nde<\/strong> ise <strong>3\u2019\u00fcnc\u00fc i\u015f kazas\u0131z y\u0131l\u0131n\u0131<\/strong> geride b\u0131rakan \u0130zocam, bu ba\u015far\u0131lar\u0131n\u0131 gelecek y\u0131llara da ta\u015f\u0131mak amac\u0131yla <strong>g\u00fcvenli<\/strong> ve <strong>sa\u011fl\u0131kl\u0131 yar\u0131nlara<\/strong> yat\u0131r\u0131m yapmay\u0131 s\u00fcrd\u00fcr\u00fcyor.<\/p>\n<p><strong>\u00c7evre, \u0130\u015f Sa\u011fl\u0131\u011f\u0131 ve G\u00fcvenli\u011fi (EHS)<\/strong> konusundaki yat\u0131r\u0131mlar\u0131n\u0131n her zaman \u00f6ncelikli oldu\u011funu belirten <strong>\u0130zocam Genel Direkt\u00f6r\u00fc Murat Savc\u0131<\/strong>, <em>\u201c<strong>\u00c7evre, i\u015f sa\u011fl\u0131\u011f\u0131 ve g\u00fcvenli\u011fini<\/strong>, t\u00fcm \u00e7al\u0131\u015fanlar\u0131m\u0131z\u0131n kat\u0131l\u0131m\u0131 ile g\u00fcnl\u00fck i\u015fleyi\u015fimizin ayr\u0131lmaz bir par\u00e7as\u0131 haline getirerek, <strong>\u2018ki\u015fisel taahh\u00fct, liderlik ve m\u00fckemmellik\u2019<\/strong> yoluyla s\u00fcrd\u00fcr\u00fclebilir bir \u015firket olmay\u0131 hedefliyoruz. Biliyoruz ki; g\u00fcvenli ve sa\u011fl\u0131kl\u0131 ge\u00e7irdi\u011fimiz her g\u00fcn, g\u00fcvenli ve sa\u011fl\u0131kl\u0131 bir y\u0131l\u0131n, g\u00fcvenli ve sa\u011fl\u0131kl\u0131 yar\u0131nlar\u0131n ve hepimiz i\u00e7in g\u00fcvenli bir kariyer ortam\u0131n\u0131n temelini olu\u015fturacakt\u0131r. Biz de bu hedefle, \u00e7evre, i\u015f sa\u011fl\u0131\u011f\u0131 ve g\u00fcvenli\u011fi \u00f6zelinde \u00e7al\u0131\u015fanlar\u0131m\u0131z\u0131n duyarl\u0131l\u0131\u011f\u0131n\u0131 ve fark\u0131ndal\u0131\u011f\u0131n\u0131 artt\u0131rmaya y\u00f6nelik \u00e7al\u0131\u015fmalar\u0131m\u0131z\u0131 aral\u0131ks\u0131z s\u00fcrd\u00fcrmekteyiz.<\/em><\/p>\n<p><em>\u00c7al\u0131\u015fanlar\u0131m\u0131z\u0131n kat\u0131l\u0131mlar\u0131n\u0131 sa\u011flad\u0131\u011f\u0131m\u0131z EHS turnuvalar\u0131, davran\u0131\u015fsal k\u00fclt\u00fcr\u00fc geli\u015ftirmek i\u00e7in saha uygulamalar\u0131 ve \u00e7e\u015fitli etkinlikler d\u00fczenlemekteyiz. T\u00fcm bunlar\u0131n yan\u0131 s\u0131ra \u00c7evre, \u0130\u015f Sa\u011fl\u0131\u011f\u0131 ve G\u00fcvenli\u011fi kapsam\u0131nda \u00e7e\u015fitli e\u011fitimler organize ediyoruz. B\u00f6ylece \u00c7evre, \u0130\u015f Sa\u011fl\u0131\u011f\u0131 ve G\u00fcvenli\u011fi\u2019nin \u00f6nemini her zaman \u00e7al\u0131\u015fanlar\u0131m\u0131z\u0131n g\u00fcndeminde tutuyoruz.<\/em><\/p>\n<p><em>Her y\u0131l<strong> May\u0131s<\/strong> ay\u0131nda <strong>\u0130\u015f Sa\u011fl\u0131\u011f\u0131 ve G\u00fcvenli\u011fi Haftas\u0131<\/strong>\u2019n\u0131; her y\u0131l <strong>Haziran ay\u0131nda<\/strong> da <strong>\u00c7evre Haftas\u0131\u2019n\u0131<\/strong> kurum i\u00e7i ve kurum d\u0131\u015f\u0131 ileti\u015fim faaliyetlerimizle kutlayarak; \u00c7evre, \u0130\u015f Sa\u011fl\u0131\u011f\u0131 ve G\u00fcvenli\u011fi\u2019ni sadece \u00e7al\u0131\u015fanlar\u0131m\u0131z\u0131n de\u011fil m\u00fc\u015fteri ve payda\u015flar\u0131m\u0131z\u0131n da g\u00fcndeminde tutma misyonu ile hareket ediyoruz.<\/em><\/p>\n<p><em>Ayr\u0131ca \u0130zocam olarak, 1999 y\u0131l\u0131ndan bu yana <strong>ISO 14001 \u00c7evre Y\u00f6netim Sistemi<\/strong>\u2019ni ve 2001 y\u0131l\u0131nda <strong>OHSAS 18001<\/strong> ile belgelenerek, 2021 y\u0131l\u0131nda<strong> ISO 45001<\/strong> ile s\u00fcrd\u00fcrd\u00fc\u011f\u00fcm\u00fcz <strong>\u0130\u015f Sa\u011fl\u0131\u011f\u0131 ve G\u00fcvenli\u011fi Y\u00f6netim Sistemini<\/strong>, t\u00fcm tesislerimizde uyguluyoruz. Entegre Y\u00f6netim Sistemi\u2019nden ald\u0131\u011f\u0131m\u0131z g\u00fc\u00e7 ve \u00e7al\u0131\u015fanlar\u0131m\u0131z\u0131n etkin kat\u0131l\u0131m\u0131 sayesinde, <strong>y\u00fcksek verimlilik<\/strong> ve <strong>inan\u00e7<\/strong> ile s\u00fcrd\u00fcr\u00fclebilirlik politikalar\u0131m\u0131z\u0131 besleyecek \u015fekilde t\u00fcm faaliyetlerimizi ba\u015far\u0131yla devam ettiriyoruz\u201d<\/em> dedi.<\/p>\n<h3><strong>Ba\u015far\u0131lar\u0131n\u0131 \u201cSafety Diamond\u201d \u00f6d\u00fcl\u00fcyle ta\u00e7land\u0131rd\u0131!<\/strong><\/h3>\n<p>T\u00fcrkiye\u2019nin d\u00fcnyaca \u00fcnl\u00fc yal\u0131t\u0131m markas\u0131 \u0130zocam, i\u015f sa\u011fl\u0131\u011f\u0131 ve g\u00fcvenli\u011findeki ba\u015far\u0131lar\u0131n\u0131 ge\u00e7ti\u011fimiz aylarda ald\u0131\u011f\u0131 bir \u00f6d\u00fclle de ta\u00e7land\u0131rd\u0131. <strong>Saint-Gobain<\/strong> taraf\u0131ndan organize edilerek uluslararas\u0131 j\u00fcrinin se\u00e7imleriyle takdim edilen <strong>\u0130\u015f Sa\u011fl\u0131\u011f\u0131, G\u00fcvenli\u011fi ve \u00c7evre \u00d6d\u00fclleri (EHS Awards)<\/strong> \u00e7er\u00e7evesinde, <strong>\u201c\u0130\u015f G\u00fcvenli\u011fi K\u00fclt\u00fcr\u00fc De\u011fi\u015fimi\u201d (Safety Cultural Transformation)<\/strong> kategorisinde<strong> \u201cSafety Diamond\u201d \u00f6d\u00fcl\u00fcne<\/strong> lay\u0131k g\u00f6r\u00fcld\u00fcklerini hat\u0131rlatan \u0130zocam Genel Direkt\u00f6r\u00fc Murat Savc\u0131,<em> \u201c\u0130\u015f Sa\u011fl\u0131\u011f\u0131, G\u00fcvenli\u011fi ve \u00c7evre konular\u0131nda g\u00f6stermi\u015f oldu\u011fumuz geli\u015fmelerin olumlu y\u00f6nde artmas\u0131n\u0131 sa\u011flamak ve s\u00fcrd\u00fcr\u00fclebilir bir <strong>EHS K\u00fclt\u00fcr\u00fc olu\u015fturmak<\/strong> i\u00e7in dikkatli ve \u00f6zenli \u00e7al\u0131\u015fmalar\u0131m\u0131z\u0131 daha da g\u00fc\u00e7l\u00fc bir \u015fekilde devam ettirece\u011fiz. Daha yap\u0131lacak \u00e7ok i\u015fimiz var ve ben hep birlikte daha b\u00fcy\u00fck ba\u015far\u0131lar kazanaca\u011f\u0131m\u0131za derinden inanmaktay\u0131m&#8221;<\/em> diye konu\u015ftu.<\/p>","protected":false},"excerpt":{"rendered":"<p>Sorry, this entry is only available in Turkish. For the sake of viewer convenience, the content is shown below in the alternative language. You may click the link to switch the active language. Yal\u0131t\u0131mda en y\u00fcksek \u00fcretim kapasitesine sahip sanayi devi \u0130zocam, i\u015f sa\u011fl\u0131\u011f\u0131 ve g\u00fcvenli\u011fini t\u00fcm tesislerinde \u00f6ncelik olarak benimsiyor. \u2018G\u00fcvenlik seninle ba\u015flar\u2019 mottosu [&hellip;]<\/p>\n","protected":false},"author":1,"featured_media":174540,"comment_status":"open","ping_status":"open","sticky":false,"template":"","format":"standard","meta":[],"categories":[53,52],"tags":[19241,109295,6254],"views":35,"_links":{"self":[{"href":"https:\/\/www.enerjigazetesi.ist\/en\/wp-json\/wp\/v2\/posts\/174536"}],"collection":[{"href":"https:\/\/www.enerjigazetesi.ist\/en\/wp-json\/wp\/v2\/posts"}],"about":[{"href":"https:\/\/www.enerjigazetesi.ist\/en\/wp-json\/wp\/v2\/types\/post"}],"author":[{"embeddable":true,"href":"https:\/\/www.enerjigazetesi.ist\/en\/wp-json\/wp\/v2\/users\/1"}],"replies":[{"embeddable":true,"href":"https:\/\/www.enerjigazetesi.ist\/en\/wp-json\/wp\/v2\/comments?post=174536"}],"version-history":[{"count":0,"href":"https:\/\/www.enerjigazetesi.ist\/en\/wp-json\/wp\/v2\/posts\/174536\/revisions"}],"wp:featuredmedia":[{"embeddable":true,"href":"https:\/\/www.enerjigazetesi.ist\/en\/wp-json\/wp\/v2\/media\/174540"}],"wp:attachment":[{"href":"https:\/\/www.enerjigazetesi.ist\/en\/wp-json\/wp\/v2\/media?parent=174536"}],"wp:term":[{"taxonomy":"category","embeddable":true,"href":"https:\/\/www.enerjigazetesi.ist\/en\/wp-json\/wp\/v2\/categories?post=174536"},{"taxonomy":"post_tag","embeddable":true,"href":"https:\/\/www.enerjigazetesi.ist\/en\/wp-json\/wp\/v2\/tags?post=174536"}],"curies":[{"name":"wp","href":"https:\/\/api.w.org\/{rel}","templated":true}]}}