{"id":174490,"date":"2023-05-10T12:41:47","date_gmt":"2023-05-10T09:41:47","guid":{"rendered":"https:\/\/www.enerjigazetesi.ist\/?p=174490"},"modified":"2023-05-10T12:42:11","modified_gmt":"2023-05-10T09:42:11","slug":"oedas-dijital-arsiv-projesi-ile-basili-evrak-kullanimini-yuzde-90-azaltacak","status":"publish","type":"post","link":"https:\/\/www.enerjigazetesi.ist\/en\/oedas-dijital-arsiv-projesi-ile-basili-evrak-kullanimini-yuzde-90-azaltacak\/","title":{"rendered":"(Turkish) &#8217;OEDA\u015e&#8217; Dijital Ar\u015fiv Projesi ile Bas\u0131l\u0131 Evrak Kullan\u0131m\u0131n\u0131 % 90 Azaltacak"},"content":{"rendered":"<p class=\"qtranxs-available-languages-message qtranxs-available-languages-message-en\">Sorry, this entry is only available in <a href=\"https:\/\/www.enerjigazetesi.ist\/tr\/wp-json\/wp\/v2\/posts\/174490\" class=\"qtranxs-available-language-link qtranxs-available-language-link-tr\" title=\"Turkish\">Turkish<\/a>. For the sake of viewer convenience, the content is shown below in the alternative language. You may click the link to switch the active language.<\/p><p><\/p>\n<h2><strong>Elektrik da\u011f\u0131t\u0131m hizmeti faaliyetlerini y\u00fcr\u00fct\u00fcrken \u00e7evresel etkileri g\u00f6zeten ve s\u0131f\u0131r art\u0131k prensibiyle hareket eden OEDA\u015e, \u2018Dijital Ar\u015fiv\u2019 projesine ba\u015flad\u0131. Buna g\u00f6re \u015firketin ar\u015fivinde bulunan 5 milyonun \u00fczerinde abonelik hizmeti evrak\u0131, yapay zek\u00e2 destekli \u00f6zel taray\u0131c\u0131lar ile dijital ar\u015five aktar\u0131lacak. \u015eu ana kadar 100 bine yak\u0131n evrak\u0131 dijitalle\u015ftirdiklerini s\u00f6yleyen OEDA\u015e Direkt\u00f6r\u00fc Muzaffer Yal\u00e7\u0131n, \u00f6n\u00fcm\u00fczdeki s\u00fcre\u00e7te abonelik hizmetlerindeki bas\u0131l\u0131 evraklar\u0131 y\u00fczde 90 oran\u0131nda azaltmay\u0131 hedeflediklerini ve bu sayede her y\u0131l y\u00fczlerce a\u011fac\u0131n kesilmesini \u00f6nleyeceklerini belirtti. <\/strong><\/h2>\n<p><strong>Afyonkarahisar, Bilecik, Eski\u015fehir, K\u00fctahya ve U\u015fak<\/strong> illerinin elektrik da\u011f\u0131t\u0131m hizmetini sa\u011flayan <strong>Osmangazi Elektrik Da\u011f\u0131t\u0131m A\u015e (OEDA\u015e)<\/strong>, \u00e7evresel etkileri g\u00f6zeterek s\u00fcrd\u00fcrd\u00fc\u011f\u00fc \u00e7al\u0131\u015fmalar\u0131 kapsam\u0131nda <strong>\u2018Dijital Ar\u015fiv\u2019 projesini<\/strong> hayata ge\u00e7irdi. Buna g\u00f6re OEDA\u015e\u2019\u0131n ar\u015fivinde bulunan <strong>bas\u0131l\u0131 abonelik hizmetleri evraklar\u0131 dijital ortama<\/strong> aktar\u0131l\u0131yor.<\/p>\n<h3><strong>Muzaffer Yal\u00e7\u0131n: \u201cYasal olarak dijitalleri kabul edilen t\u00fcm evraklar\u0131 aktar\u0131yoruz\u201d<\/strong><\/h3>\n<p>Proje hakk\u0131nda bilgi veren <strong>OEDA\u015e Direkt\u00f6r\u00fc Muzaffer Yal\u00e7\u0131n<\/strong>, \u00e7evresel s\u00fcrd\u00fcr\u00fclebilirlik <img loading=\"lazy\" class=\"alignright wp-image-174495\" src=\"https:\/\/www.enerjigazetesi.ist\/wp-content\/uploads\/2023\/05\/oedas-dijital-arsiv-projesi-ile-basili-evrak-kullanimini-yuzde-90-azaltacak-1.jpg\" alt=\"\" width=\"320\" height=\"250\" srcset=\"https:\/\/www.enerjigazetesi.ist\/wp-content\/uploads\/2023\/05\/oedas-dijital-arsiv-projesi-ile-basili-evrak-kullanimini-yuzde-90-azaltacak-1.jpg 550w, https:\/\/www.enerjigazetesi.ist\/wp-content\/uploads\/2023\/05\/oedas-dijital-arsiv-projesi-ile-basili-evrak-kullanimini-yuzde-90-azaltacak-1-300x235.jpg 300w, https:\/\/www.enerjigazetesi.ist\/wp-content\/uploads\/2023\/05\/oedas-dijital-arsiv-projesi-ile-basili-evrak-kullanimini-yuzde-90-azaltacak-1-500x391.jpg 500w, https:\/\/www.enerjigazetesi.ist\/wp-content\/uploads\/2023\/05\/oedas-dijital-arsiv-projesi-ile-basili-evrak-kullanimini-yuzde-90-azaltacak-1-64x50.jpg 64w\" sizes=\"(max-width: 320px) 100vw, 320px\" \/>yakla\u015f\u0131mlar\u0131 \u00e7er\u00e7evesinde ham madde kullan\u0131m\u0131, d\u00fc\u015f\u00fck emisyon, at\u0131k y\u00f6netimi ve geri d\u00f6n\u00fc\u015f\u00fcm uygulamalar\u0131na yat\u0131r\u0131m yapt\u0131klar\u0131n\u0131 ve bu \u00e7al\u0131\u015fmalar\u0131 teknolojik geli\u015ftirmelerle desteklediklerini s\u00f6yledi. Dijital Ar\u015fiv projesinin de bu yakla\u015f\u0131mla ortaya \u00e7\u0131kt\u0131\u011f\u0131n\u0131 ifade eden <strong>Yal\u00e7\u0131n<\/strong>, <em>\u201cAr\u015fivimizde \u015fu anda 5 milyon adedin \u00fczerinde bilgi formu, s\u00f6zle\u015fme, makbuz ve \u00e7e\u015fitli ba\u015fvurular\u0131 kapsayan abonelik hizmeti evrak\u0131 bulunuyor. Yasal olarak bu evraklar\u0131n baz\u0131lar\u0131n\u0131n bas\u0131l\u0131 olmas\u0131 gerekiyor ancak \u00e7ok b\u00fcy\u00fck bir b\u00f6l\u00fcm\u00fc dijital olarak da saklanabiliyor. Biz de bu nedenle dijital olarak ar\u015fivlenmeye uygun olan evraklar\u0131m\u0131z\u0131 taramaya ba\u015flad\u0131k. Bu ar\u015fivleri, uluslararas\u0131 standartlar ile korunan veri merkezimizde sakl\u0131yoruz. \u015eu ana kadar 100 bine yak\u0131n evrak\u0131n aktar\u0131m\u0131 tamamland\u0131. Dijitale aktar\u0131lan evraklar\u0131n bas\u0131l\u0131 hallerini de geri d\u00f6n\u00fc\u015f\u00fcme kazand\u0131raca\u011f\u0131z. B\u00f6ylece 2030 y\u0131l\u0131na kadar at\u0131klar\u0131m\u0131z\u0131 y\u00fczde 50 azaltmay\u0131, 2050 y\u0131l\u0131nda da tamamen bitirmeyi hedefledi\u011fimiz s\u0131f\u0131r at\u0131k vizyonumuz \u00e7er\u00e7evesinde \u00f6nemli bir ad\u0131m daha atm\u0131\u015f bulunuyoruz.\u201d<\/em> dedi.<\/p>\n<h3><strong>\u201cYeni evraklar\u0131n y\u00fczde 90\u2019\u0131 direkt dijital ortamda olacak\u201d<\/strong><\/h3>\n<p>Proje kapsam\u0131nda yapay zek\u00e2 destekli \u00f6zel bir taray\u0131c\u0131 kullan\u0131p elle veri giri\u015fini azaltt\u0131klar\u0131n\u0131 belirten <strong>Yal\u00e7\u0131n<\/strong>, bu sayede operasyonel s\u00fcreci azalt\u0131p verimlili\u011fi art\u0131rd\u0131klar\u0131na vurgu yapt\u0131. \u00d6n\u00fcm\u00fczdeki s\u00fcre\u00e7te bas\u0131l\u0131 evrak oran\u0131n\u0131 y\u00fczde 90 azaltmay\u0131 hedeflediklerini a\u00e7\u0131klayan <strong>Yal\u00e7\u0131n<\/strong> \u015f\u00f6yle devam etti; <em>\u201cYasal zorunluluk haricindeki t\u00fcm evraklar\u0131 direkt olarak dijital ortamda olu\u015fturmak i\u00e7in \u2018Dijital Ar\u015fiv\u2019 projemize entegre edece\u011fimiz \u2018Enerji M\u00fcsaadesi\u2019 projesini geli\u015ftiriyoruz. Yak\u0131n zamanda devreye alaca\u011f\u0131m\u0131z bu ikinci proje ile bundan sonraki abonelik hizmetlerinde gerekli bas\u0131l\u0131 evraklar\u0131m\u0131z\u0131 y\u00fczde 90 azaltarak y\u00fczlerce a\u011fac\u0131n kesilmesini \u00f6nleyece\u011fiz.\u201d<\/em><\/p>","protected":false},"excerpt":{"rendered":"<p>Sorry, this entry is only available in Turkish. For the sake of viewer convenience, the content is shown below in the alternative language. You may click the link to switch the active language. Elektrik da\u011f\u0131t\u0131m hizmeti faaliyetlerini y\u00fcr\u00fct\u00fcrken \u00e7evresel etkileri g\u00f6zeten ve s\u0131f\u0131r art\u0131k prensibiyle hareket eden OEDA\u015e, \u2018Dijital Ar\u015fiv\u2019 projesine ba\u015flad\u0131. Buna g\u00f6re \u015firketin [&hellip;]<\/p>\n","protected":false},"author":1,"featured_media":174494,"comment_status":"open","ping_status":"open","sticky":false,"template":"","format":"standard","meta":[],"categories":[51,53],"tags":[109282,109283,15016,9749,7471],"views":33,"_links":{"self":[{"href":"https:\/\/www.enerjigazetesi.ist\/en\/wp-json\/wp\/v2\/posts\/174490"}],"collection":[{"href":"https:\/\/www.enerjigazetesi.ist\/en\/wp-json\/wp\/v2\/posts"}],"about":[{"href":"https:\/\/www.enerjigazetesi.ist\/en\/wp-json\/wp\/v2\/types\/post"}],"author":[{"embeddable":true,"href":"https:\/\/www.enerjigazetesi.ist\/en\/wp-json\/wp\/v2\/users\/1"}],"replies":[{"embeddable":true,"href":"https:\/\/www.enerjigazetesi.ist\/en\/wp-json\/wp\/v2\/comments?post=174490"}],"version-history":[{"count":0,"href":"https:\/\/www.enerjigazetesi.ist\/en\/wp-json\/wp\/v2\/posts\/174490\/revisions"}],"wp:featuredmedia":[{"embeddable":true,"href":"https:\/\/www.enerjigazetesi.ist\/en\/wp-json\/wp\/v2\/media\/174494"}],"wp:attachment":[{"href":"https:\/\/www.enerjigazetesi.ist\/en\/wp-json\/wp\/v2\/media?parent=174490"}],"wp:term":[{"taxonomy":"category","embeddable":true,"href":"https:\/\/www.enerjigazetesi.ist\/en\/wp-json\/wp\/v2\/categories?post=174490"},{"taxonomy":"post_tag","embeddable":true,"href":"https:\/\/www.enerjigazetesi.ist\/en\/wp-json\/wp\/v2\/tags?post=174490"}],"curies":[{"name":"wp","href":"https:\/\/api.w.org\/{rel}","templated":true}]}}