{"id":174428,"date":"2023-05-09T12:55:56","date_gmt":"2023-05-09T09:55:56","guid":{"rendered":"https:\/\/www.enerjigazetesi.ist\/?p=174428"},"modified":"2023-05-09T12:58:25","modified_gmt":"2023-05-09T09:58:25","slug":"vaillant-in-kucuk-akbaba-neslini-koruma-calismalari-8inci-yilinda","status":"publish","type":"post","link":"https:\/\/www.enerjigazetesi.ist\/en\/vaillant-in-kucuk-akbaba-neslini-koruma-calismalari-8inci-yilinda\/","title":{"rendered":"(Turkish) Vaillant\u2019\u0131n K\u00fc\u00e7\u00fck Akbaba Neslini Koruma \u00c7al\u0131\u015fmalar\u0131 8&#8217;inci Y\u0131l\u0131nda"},"content":{"rendered":"<p class=\"qtranxs-available-languages-message qtranxs-available-languages-message-en\">Sorry, this entry is only available in <a href=\"https:\/\/www.enerjigazetesi.ist\/tr\/wp-json\/wp\/v2\/posts\/174428\" class=\"qtranxs-available-language-link qtranxs-available-language-link-tr\" title=\"Turkish\">Turkish<\/a>. For the sake of viewer convenience, the content is shown below in the alternative language. You may click the link to switch the active language.<\/p><p><\/p>\n<h2><strong>Vaillant T\u00fcrkiye ve Do\u011fa Derne\u011fi i\u015f birli\u011fi ile hayata ge\u00e7irilen K\u00fc\u00e7\u00fck Akbabalar\u0131 Koruma Projesi, ekosistemin devaml\u0131l\u0131\u011f\u0131nda b\u00fcy\u00fck \u00f6nemi olan k\u00fc\u00e7\u00fck akbaba neslini, fark\u0131ndal\u0131k yoluyla koruma \u00e7al\u0131\u015fmalar\u0131 ile devam ediyor. Y\u0131l\u0131n ilk \u00e7eyre\u011finde \u00c7oban A\u011f\u0131 ile irtibat halinde ger\u00e7ekle\u015ftirilen g\u00f6zlem \u00e7al\u0131\u015fmalar\u0131 s\u00fcrd\u00fcr\u00fcl\u00fcrken, k\u00fc\u00e7\u00fck akbaba neslinin geni\u015f kitlelerce tan\u0131nmas\u0131na y\u00f6nelik etkinliklerin planlamas\u0131 yap\u0131ld\u0131.<\/strong><\/h2>\n<p>Yenilik\u00e7i \u00fcr\u00fcnleriyle iklimlendirme sekt\u00f6r\u00fcnde fark yaratan<strong> Vaillant<\/strong>\u2019\u0131n, <strong>Do\u011fa Derne\u011fi<\/strong> i\u015f birli\u011fi ile hayata ge\u00e7irdi\u011fi <strong>K\u00fc\u00e7\u00fck Akbabalar\u0131 Koruma Projesi 8\u2019inci y\u0131l\u0131nda<\/strong>. 2015 y\u0131l\u0131ndan bu yana, <strong>\u00c7oban A\u011f\u0131<\/strong> ve <strong>halk\u0131n katk\u0131lar\u0131 sayesinde<\/strong> kesintisiz olarak devam eden projede 2023 \u00e7al\u0131\u015fmalar\u0131 ba\u015flad\u0131. <strong>Ekosistemin devaml\u0131l\u0131\u011f\u0131nda<\/strong> b\u00fcy\u00fck \u00f6nemi olan <strong>k\u00fc\u00e7\u00fck akbaba neslini koruma hedefiyle<\/strong> s\u00fcrd\u00fcr\u00fclen projede,\u00a02023 y\u0131l\u0131n\u0131n ilk \u00fc\u00e7 ay\u0131nda<strong>\u00a0b\u00f6lgedeki \u00c7oban A\u011f\u0131<\/strong> ile g\u00f6r\u00fc\u015fmelere devam edildi. Ayr\u0131ca ya\u015fanan deprem felaketinin ard\u0131ndan proje ortaklar\u0131 taraf\u0131ndan <strong>b\u00f6lge halk\u0131na destek \u00e7al\u0131\u015fmalar\u0131na<\/strong> odaklan\u0131ld\u0131.<\/p>\n<h3><strong>Fark\u0131ndal\u0131k etkinlikleri devam ediyor<\/strong><\/h3>\n<p><strong>Vaillant Group T\u00fcrkiye Pazarlamadan Sorumlu Genel M\u00fcd\u00fcr Yard\u0131mc\u0131s\u0131 Ufuk Atan<\/strong>, k\u00fc\u00e7\u00fck <img loading=\"lazy\" class=\"alignright wp-image-174431\" src=\"https:\/\/www.enerjigazetesi.ist\/wp-content\/uploads\/2023\/05\/vaillantin-kucuk-akbaba-neslini-koruma-calismalari-8inci-yilinda-1.jpg\" alt=\"\" width=\"320\" height=\"214\" srcset=\"https:\/\/www.enerjigazetesi.ist\/wp-content\/uploads\/2023\/05\/vaillantin-kucuk-akbaba-neslini-koruma-calismalari-8inci-yilinda-1.jpg 550w, https:\/\/www.enerjigazetesi.ist\/wp-content\/uploads\/2023\/05\/vaillantin-kucuk-akbaba-neslini-koruma-calismalari-8inci-yilinda-1-300x200.jpg 300w, https:\/\/www.enerjigazetesi.ist\/wp-content\/uploads\/2023\/05\/vaillantin-kucuk-akbaba-neslini-koruma-calismalari-8inci-yilinda-1-500x334.jpg 500w, https:\/\/www.enerjigazetesi.ist\/wp-content\/uploads\/2023\/05\/vaillantin-kucuk-akbaba-neslini-koruma-calismalari-8inci-yilinda-1-75x50.jpg 75w, https:\/\/www.enerjigazetesi.ist\/wp-content\/uploads\/2023\/05\/vaillantin-kucuk-akbaba-neslini-koruma-calismalari-8inci-yilinda-1-450x300.jpg 450w\" sizes=\"(max-width: 320px) 100vw, 320px\" \/>akbaba neslini korumada fark\u0131ndal\u0131\u011f\u0131n \u00f6neminin b\u00fcy\u00fck oldu\u011funu s\u00f6yledi. Y\u0131l\u0131n ilk \u00fc\u00e7 ay\u0131nda bu do\u011frultudaki \u00e7al\u0131\u015fmalara devam edildi\u011fini belirten Atan, <em>\u201cK\u00fc\u00e7\u00fck akbabalar\u0131n \u00f6nemi konusundaki bilgiyi yaymak i\u00e7in d\u00fczenlenen etkinliklere ilk \u00fc\u00e7 ayda yenilerini ekledik.\u00a0<strong>Mersin Kent Konseyi ve Mersin B\u00fcy\u00fck\u015fehir Belediyesi<\/strong> ile<strong> ba\u015fta k\u00fc\u00e7\u00fck akbaba olmak \u00fczere di\u011fer s\u00fcz\u00fclerek g\u00f6\u00e7 eden ku\u015flar konusunda fark\u0131ndal\u0131\u011f\u0131n artt\u0131r\u0131lmas\u0131<\/strong> i\u00e7in<strong> ortak \u00e7al\u0131\u015fmalar\u0131m\u0131z<\/strong> devam ediyor. 2023 sonbahar g\u00f6\u00e7 d\u00f6nemi i\u00e7erisinde daha b\u00fcy\u00fck ve genel kat\u0131l\u0131ml\u0131 U\u011furlama ve Ku\u015f G\u00f6\u00e7\u00fc Festivali yapmay\u0131 planlad\u0131k. Ayr\u0131ca, gastroloji ve biyo\u00e7e\u015fitlili\u011fi destekleyen Mersin Tarsus Slow Food insiyatifi ile Tarsus Yery\u00fcz\u00fc Pazar\u0131 \u00f6ncesindeki toplant\u0131da, ba\u015fta k\u00fc\u00e7\u00fck akbabalar olmak \u00fczere biyo\u00e7e\u015fitlilik ve geleneksel \u00fcr\u00fcnlerin kullan\u0131m\u0131n\u0131n do\u011fa \u00fczerindeki etkisi hakk\u0131nda g\u00f6r\u00fc\u015fmeler ger\u00e7ekle\u015ftirdik\u201d<\/em> dedi.<\/p>\n<h3><strong>K\u00fc\u00e7\u00fck akbabalar\u0131n beslenme noktalar\u0131 ve habitat tercihleri ortaya \u00e7\u0131kar\u0131lacak<\/strong><\/h3>\n<p>Do\u011fa Derne\u011fi Genel Koordinat\u00f6r\u00fc Serdar \u00d6zuslu, bir yandan deprem b\u00f6lgesine yard\u0131m i\u00e7in \u00e7al\u0131\u015f\u0131rken, di\u011fer yandan b\u00f6lgedeki ekosistemin zarar g\u00f6rmemesi i\u00e7in y\u00fcr\u00fctt\u00fckleri faaliyetlere de devam ettiklerini s\u00f6yledi. \u00d6zuslu, <em>\u201c\u00d6zellikle in\u015faat molozlar\u0131n\u0131n b\u00f6lgedeki \u00f6nemli do\u011fa alanlar\u0131na at\u0131lmamas\u0131, b\u00f6lgelerdeki sulak alanlar\u0131n durumu ve ku\u015f g\u00f6\u00e7 yollar\u0131 konusunda \u00e7al\u0131\u015fmalar ger\u00e7ekle\u015ftirdik. <strong>Mersin<\/strong> ve <strong>Adana<\/strong> illerindeki <strong>elektrik izolasyon \u00e7al\u0131\u015fmalar\u0131na<\/strong> devam ediyoruz. \u00d6zellikle ku\u015f g\u00f6\u00e7leri esnas\u0131nda <strong>tehlikeli elektrik direkleri<\/strong> ve <strong>hatlar\u0131n\u0131<\/strong> tespit ediyoruz. Belirlenen hatlar\u0131n <strong>h\u0131zla izole edilmesi<\/strong> i\u00e7in \u00e7al\u0131\u015fmalar, \u00f6n\u00fcm\u00fczdeki d\u00f6nem i\u00e7erisinde de devam edecek. 2021 y\u0131l\u0131nda ilk kez tespit etti\u011fimiz <strong>Bolkar Da\u011flar\u0131<\/strong>\u2019ndaki <strong>k\u00fc\u00e7\u00fck akbaba \u00fcreme alanlar\u0131n\u0131n kontrol\u00fc<\/strong> ve <strong>yeni \u00fcreme alanlar\u0131n\u0131n belirlenmesi<\/strong> i\u00e7in May\u0131s ay\u0131 ile birlikte \u00e7al\u0131\u015fmalar ba\u015flayacak. Bu ba\u011flamda k\u00fc\u00e7\u00fck akbabalar\u0131n b\u00f6lgedeki <strong>\u00fcreme ba\u015far\u0131s\u0131, beslenme noktalar\u0131<\/strong> ve <strong>habitat tercihleri<\/strong> ortaya \u00e7\u0131kar\u0131lacak. K\u00fc\u00e7\u00fck akbabalar\u0131<strong> tehdit eden fakt\u00f6rler<\/strong> ve <strong>azalt\u0131c\u0131 \u00f6nlemler de<\/strong> \u00f6n\u00fcm\u00fczdeki d\u00f6nemin \u00e7al\u0131\u015fmalar\u0131 aras\u0131nda yer al\u0131yor\u201d<\/em> diye konu\u015ftu.<\/p>","protected":false},"excerpt":{"rendered":"<p>Sorry, this entry is only available in Turkish. For the sake of viewer convenience, the content is shown below in the alternative language. You may click the link to switch the active language. Vaillant T\u00fcrkiye ve Do\u011fa Derne\u011fi i\u015f birli\u011fi ile hayata ge\u00e7irilen K\u00fc\u00e7\u00fck Akbabalar\u0131 Koruma Projesi, ekosistemin devaml\u0131l\u0131\u011f\u0131nda b\u00fcy\u00fck \u00f6nemi olan k\u00fc\u00e7\u00fck akbaba neslini, [&hellip;]<\/p>\n","protected":false},"author":1,"featured_media":174430,"comment_status":"open","ping_status":"open","sticky":false,"template":"","format":"standard","meta":[],"categories":[53],"tags":[109260,39962,67202,11662],"views":33,"_links":{"self":[{"href":"https:\/\/www.enerjigazetesi.ist\/en\/wp-json\/wp\/v2\/posts\/174428"}],"collection":[{"href":"https:\/\/www.enerjigazetesi.ist\/en\/wp-json\/wp\/v2\/posts"}],"about":[{"href":"https:\/\/www.enerjigazetesi.ist\/en\/wp-json\/wp\/v2\/types\/post"}],"author":[{"embeddable":true,"href":"https:\/\/www.enerjigazetesi.ist\/en\/wp-json\/wp\/v2\/users\/1"}],"replies":[{"embeddable":true,"href":"https:\/\/www.enerjigazetesi.ist\/en\/wp-json\/wp\/v2\/comments?post=174428"}],"version-history":[{"count":0,"href":"https:\/\/www.enerjigazetesi.ist\/en\/wp-json\/wp\/v2\/posts\/174428\/revisions"}],"wp:featuredmedia":[{"embeddable":true,"href":"https:\/\/www.enerjigazetesi.ist\/en\/wp-json\/wp\/v2\/media\/174430"}],"wp:attachment":[{"href":"https:\/\/www.enerjigazetesi.ist\/en\/wp-json\/wp\/v2\/media?parent=174428"}],"wp:term":[{"taxonomy":"category","embeddable":true,"href":"https:\/\/www.enerjigazetesi.ist\/en\/wp-json\/wp\/v2\/categories?post=174428"},{"taxonomy":"post_tag","embeddable":true,"href":"https:\/\/www.enerjigazetesi.ist\/en\/wp-json\/wp\/v2\/tags?post=174428"}],"curies":[{"name":"wp","href":"https:\/\/api.w.org\/{rel}","templated":true}]}}