{"id":17437,"date":"2013-11-11T10:23:29","date_gmt":"2013-11-11T07:23:29","guid":{"rendered":"https:\/\/www.enerjigazetesi.ist\/?p=17437"},"modified":"2013-11-11T10:23:29","modified_gmt":"2013-11-11T07:23:29","slug":"polonyada-250-milyon-euroluk-stratejik-imza","status":"publish","type":"post","link":"https:\/\/www.enerjigazetesi.ist\/en\/polonyada-250-milyon-euroluk-stratejik-imza\/","title":{"rendered":"(Turkish) Polonya&#8217;da 250 Milyon Euro&#8217;luk Stratejik \u0130mza&#8230;"},"content":{"rendered":"<p class=\"qtranxs-available-languages-message qtranxs-available-languages-message-en\">Sorry, this entry is only available in <a href=\"https:\/\/www.enerjigazetesi.ist\/tr\/wp-json\/wp\/v2\/posts\/17437\" class=\"qtranxs-available-language-link qtranxs-available-language-link-tr\" title=\"Turkish\">Turkish<\/a>. For the sake of viewer convenience, the content is shown below in the alternative language. You may click the link to switch the active language.<\/p><p><strong>Ba\u015fbakan Tayyip Erdo\u011fan\u2019\u0131n Polonya ziyaretinde; merhum Cumhurba\u015fkan\u0131 Turgut \u00d6zal\u2019\u0131n 1985 y\u0131l\u0131nda ba\u015flatt\u0131\u011f\u0131 ve &#8220;Uyuyan G\u00fczel&#8221; olarak adland\u0131rd\u0131\u011f\u0131 Amasra Ta\u015fk\u00f6m\u00fcrleri ve Termik Santral Projesi i\u00e7in, Ekonomi Bakan\u0131 Zafer \u00c7a\u011flayan himayesinde Polonyal\u0131 firmalarla Hattat Enerji aras\u0131nda 250 milyon Euro\u2019luk stratejik i\u015fbirli\u011fi anla\u015fmas\u0131 imzaland\u0131.<\/strong><\/p>\n<p>Ta\u015fk\u00f6m\u00fcr\u00fcn\u00fcn yeralt\u0131 ve yer\u00fcst\u00fc mekanizasyon sistemleri ile \u00e7\u0131kar\u0131lmas\u0131 (elektronik sistemle \u00e7evreye duyarl\u0131, emniyetli ve g\u00fcvenli), rehabilitasyonu ayr\u0131ca, santral yak\u0131t\u0131, torba k\u00f6m\u00fcr ve kokla\u015fabilir k\u00f6m\u00fcr haline getirilinceye kadar olan safhalarda kullan\u0131lacak teknoloji transferi ve ticari konularda i\u015fbirli\u011fi anla\u015fmas\u0131 yap\u0131ld\u0131. Yer alt\u0131 ve yer\u00fcst\u00fc mekanizasyon sistemleri ile \u00e7evreye duyarl\u0131, emniyetli \u00fcretim sistemlerini \u00f6ng\u00f6ren anla\u015fmalar 250 milyon Euro\u2019luk i\u015fbirli\u011fini temsil ediyor.<\/p>\n<p>Hattat Holding Y\u00f6netim Kurulu \u00dcyesi \u0130pek Hattat, anla\u015fmaya ili\u015fkin yapt\u0131\u011f\u0131 a\u00e7\u0131klamada, \u201cToplam yat\u0131r\u0131m tutar\u0131 3,5 milyar Euro olan, T\u00fcrkiye\u2019nin k\u00f6m\u00fcr ithalat\u0131n\u0131 y\u0131ll\u0131k 5 Milyar dolar (%25) azaltarak, ta\u015fk\u00f6m\u00fcr\u00fc \u00fcretimini 3 kat\u0131na \u00e7\u0131karacak, T\u00fcrkiye\u2019nin toplam enerji \u00fcretiminin %12\u2019sini tek ba\u015f\u0131na kar\u015f\u0131layacak santrallerin, do\u011faya k\u00fck\u00fcrt ve gaz sal\u0131n\u0131m\u0131n\u0131 s\u0131f\u0131rl<a href=\"https:\/\/www.enerjigazetesi.ist\/wp-content\/uploads\/2013\/11\/polonya-39da-250-milyon-euro-39luk-stratejik-imza.jpg\"><img loading=\"lazy\" class=\"alignright size-medium wp-image-17438\" title=\"polonya-39da-250-milyon-euro-39luk-stratejik-imza\" src=\"https:\/\/www.enerjigazetesi.ist\/wp-content\/uploads\/2013\/11\/polonya-39da-250-milyon-euro-39luk-stratejik-imza-300x195.jpg\" alt=\"\" width=\"300\" height=\"195\" srcset=\"https:\/\/www.enerjigazetesi.ist\/wp-content\/uploads\/2013\/11\/polonya-39da-250-milyon-euro-39luk-stratejik-imza-300x195.jpg 300w, https:\/\/www.enerjigazetesi.ist\/wp-content\/uploads\/2013\/11\/polonya-39da-250-milyon-euro-39luk-stratejik-imza-76x50.jpg 76w, https:\/\/www.enerjigazetesi.ist\/wp-content\/uploads\/2013\/11\/polonya-39da-250-milyon-euro-39luk-stratejik-imza.jpg 446w\" sizes=\"(max-width: 300px) 100vw, 300px\" \/><\/a>ayan, tamam\u0131yla ekolojik ve \u00e7evreye duyarl\u0131 bu proje ile T\u00fcrkiye\u2019de ilk kez uygulanacak \u201cUltra S\u00fcper Kritik\u201d teknolojisi ile in\u015fa edilecek. \u015eu anda 1500 ki\u015finin istihdam edildi\u011fi projede k\u00f6m\u00fcr ve termik santral projelerinin hayata ge\u00e7irilmesi ile birlikte istihdam 11 bin ki\u015fiye ula\u015facak ve Bart\u0131n ili ve \u00e7evresine tersine g\u00f6\u00e7 ba\u015flayacakt\u0131r\u201d dedi.<\/p>\n<p>\u0130pek Hattat, Hattat Holding grup \u015firketlerinden &#8220;Hattat Enerji ve Maden Tic. A.\u015e.\u201d Bat\u0131 Karadeniz b\u00f6lgesinde bulunan ta\u015fk\u00f6m\u00fcr\u00fc ve ta\u015fk\u00f6m\u00fcr\u00fc ile \u00e7al\u0131\u015facak termik santral yat\u0131r\u0131mlar\u0131 yapmakta oldu\u011funu an\u0131msatarak \u015fu bilgileri verdi: \u201cHattat Enerji\u2019nin Bart\u0131n ve Amasra\u2019daki ta\u015f k\u00f6m\u00fcr\u00fc yataklar\u0131n\u0131n ekonomiyi kazand\u0131r\u0131lmas\u0131, enerji \u00fcretiminde yerli kaynaklara dayal\u0131 yat\u0131r\u0131mlar\u0131n artt\u0131r\u0131larak \u201cenerji arz\u0131 g\u00fcvenli\u011fi\u201dnin sa\u011flanmas\u0131, d\u0131\u015fa ba\u011f\u0131ml\u0131l\u0131\u011f\u0131n ve cari a\u00e7\u0131\u011f\u0131n azalt\u0131lmas\u0131 amac\u0131yla \u00c7inliler ile a\u00e7t\u0131\u011f\u0131 -800 ile -1000 metre derinli\u011findeki kuyular\u0131n devam \u00e7al\u0131\u015fmalar\u0131 h\u0131zla s\u00fcrd\u00fcr\u00fcl\u00fcyor.<\/p>\n<p>50 bin m2 lik alanda yap\u0131lan ve yap\u0131lmakta olan karotlu sondajlarla b\u00f6lgede bug\u00fcn 750 Milyon Ton, sondaj yap\u0131lmam\u0131\u015f sahalarda devam eden karotlu sondajlarla 1 Milyar Ton seviyesinde ta\u015fk\u00f6m\u00fcr\u00fc rezervi oldu\u011fu tahmin edilmektedir. \u00d6ncelikli olarak bu b\u00f6lgede \u00e7\u0131kar\u0131lacak 6000-6500 kalorili Ta\u015fk\u00f6m\u00fcr\u00fc hedefi ba\u015flang\u0131\u00e7ta 5 milyon ton\/y\u0131l\u2019d\u0131r. Di\u011fer projelerinde hayata ge\u00e7mesi ile nihai \u00fcretimin 10 milyon ton \/y\u0131l olmas\u0131 hedeflenmekte. Bu k\u00f6m\u00fcr \u00fcretim hedefleri ile b\u00f6lgede kurulacak ilk a\u015famas\u0131 2&#215;660 MW=1320 MW olmak \u00fczere toplam 4&#215;660 = 2640 MW g\u00fcc\u00fcnde termik santral projeleri \u00e7al\u0131\u015fmalar\u0131 devam etmekte.<\/p>\n<p>Polonya elektrik ihtiyac\u0131n\u0131n %90\u2019\u0131n\u0131 kendi \u00fclkesinde \u00e7\u0131kard\u0131\u011f\u0131 k\u00f6m\u00fcre dayal\u0131 Termik Santrallerden kar\u015f\u0131lamaktad\u0131r. Gerek k\u00f6m\u00fcr\u00fcn \u00e7\u0131kar\u0131lmas\u0131 gerekse termik santrallerin yap\u0131m\u0131 konusunda ge\u00e7mi\u015fe dayal\u0131 ciddi tecr\u00fcbe ve teknoloji birikimi olan bir \u00fclkedir. Bu paralelde 22 Nisan 1986 tarihinde T\u00fcrkiye Cumhuriyeti ve Polonya H\u00fck\u00fcmetleri aras\u0131nda imzalanan protokol ve 6 Temmuz 1986 tarihli Resmi gazete\u2019de yay\u0131mlanan Bakanlar Kurulu Karar\u0131 ile Amasra B\u00f6lgesinde ta\u015f k\u00f6m\u00fcr\u00fc \u00fcretimine y\u00f6nelik ortak proje geli\u015ftirilmesi kararla\u015ft\u0131r\u0131lm\u0131\u015ft\u0131r. O g\u00fcnlerde sondaj faaliyetleri ba\u015flat\u0131lan ancak muhtelif nedenlerle hayata ge\u00e7irelemeyen bu b\u00fcy\u00fck \u00f6l\u00e7ekli projenin ger\u00e7ekle\u015ftirilmesinde bayra\u011f\u0131 Hattat Enerji, H\u00fck\u00fcmetimizin enerji politikalar\u0131 \u00f6nderli\u011finde devralm\u0131\u015f bulunmaktad\u0131r.\u201d<\/p>\n<p>Kaynak: <a href=\"http:\/\/www.energyworld.com.tr\/root.vol?title=polonya-39da-250-milyon-euro-39luk-stratejik-imza&amp;exec=page&amp;nid=588052\" target=\"_blank\">Energy World<\/a><\/p>","protected":false},"excerpt":{"rendered":"<p>Sorry, this entry is only available in Turkish. For the sake of viewer convenience, the content is shown below in the alternative language. You may click the link to switch the active language.Ba\u015fbakan Tayyip Erdo\u011fan\u2019\u0131n Polonya ziyaretinde; merhum Cumhurba\u015fkan\u0131 Turgut \u00d6zal\u2019\u0131n 1985 y\u0131l\u0131nda ba\u015flatt\u0131\u011f\u0131 ve &#8220;Uyuyan G\u00fczel&#8221; olarak adland\u0131rd\u0131\u011f\u0131 Amasra Ta\u015fk\u00f6m\u00fcrleri ve Termik Santral Projesi [&hellip;]<\/p>\n","protected":false},"author":1,"featured_media":17438,"comment_status":"open","ping_status":"open","sticky":false,"template":"","format":"standard","meta":[],"categories":[53],"tags":[10248,1768,63,67,1009,165,10249,9577,9906,1190,10250,438],"views":546,"_links":{"self":[{"href":"https:\/\/www.enerjigazetesi.ist\/en\/wp-json\/wp\/v2\/posts\/17437"}],"collection":[{"href":"https:\/\/www.enerjigazetesi.ist\/en\/wp-json\/wp\/v2\/posts"}],"about":[{"href":"https:\/\/www.enerjigazetesi.ist\/en\/wp-json\/wp\/v2\/types\/post"}],"author":[{"embeddable":true,"href":"https:\/\/www.enerjigazetesi.ist\/en\/wp-json\/wp\/v2\/users\/1"}],"replies":[{"embeddable":true,"href":"https:\/\/www.enerjigazetesi.ist\/en\/wp-json\/wp\/v2\/comments?post=17437"}],"version-history":[{"count":1,"href":"https:\/\/www.enerjigazetesi.ist\/en\/wp-json\/wp\/v2\/posts\/17437\/revisions"}],"predecessor-version":[{"id":17439,"href":"https:\/\/www.enerjigazetesi.ist\/en\/wp-json\/wp\/v2\/posts\/17437\/revisions\/17439"}],"wp:featuredmedia":[{"embeddable":true,"href":"https:\/\/www.enerjigazetesi.ist\/en\/wp-json\/wp\/v2\/media\/17438"}],"wp:attachment":[{"href":"https:\/\/www.enerjigazetesi.ist\/en\/wp-json\/wp\/v2\/media?parent=17437"}],"wp:term":[{"taxonomy":"category","embeddable":true,"href":"https:\/\/www.enerjigazetesi.ist\/en\/wp-json\/wp\/v2\/categories?post=17437"},{"taxonomy":"post_tag","embeddable":true,"href":"https:\/\/www.enerjigazetesi.ist\/en\/wp-json\/wp\/v2\/tags?post=17437"}],"curies":[{"name":"wp","href":"https:\/\/api.w.org\/{rel}","templated":true}]}}