{"id":174341,"date":"2023-05-08T13:58:22","date_gmt":"2023-05-08T10:58:22","guid":{"rendered":"https:\/\/www.enerjigazetesi.ist\/?p=174341"},"modified":"2023-05-08T13:58:22","modified_gmt":"2023-05-08T10:58:22","slug":"gabar-dagindaki-yeni-petrol-rezervi-kesfi-ve-turkiye","status":"publish","type":"post","link":"https:\/\/www.enerjigazetesi.ist\/en\/gabar-dagindaki-yeni-petrol-rezervi-kesfi-ve-turkiye\/","title":{"rendered":"(Turkish) Gabar Da\u011f\u0131&#8217;ndaki Yeni Petrol Rezervi Ke\u015ffi ve T\u00fcrkiye&#8230;"},"content":{"rendered":"<p class=\"qtranxs-available-languages-message qtranxs-available-languages-message-en\">Sorry, this entry is only available in <a href=\"https:\/\/www.enerjigazetesi.ist\/tr\/wp-json\/wp\/v2\/posts\/174341\" class=\"qtranxs-available-language-link qtranxs-available-language-link-tr\" title=\"Turkish\">Turkish<\/a>. For the sake of viewer convenience, the content is shown below in the alternative language. You may click the link to switch the active language.<\/p><p><\/p>\n<h2>Enerji ve Tabii Kaynaklar Bakan\u0131 Fatih D\u00f6nmez, T\u00fcrkiye&#8217;nin g\u00fcnl\u00fck petrol \u00fcretiminin 5 y\u0131l \u00f6nce 40-50 bin varil, ge\u00e7en sene 80 bin varil oldu\u011funu belirterek, &#8220;Bu son sahayla (Gabar Da\u011f\u0131) birlikte birka\u00e7 y\u0131l i\u00e7inde ilave 100 bin varil daha \u00fcretim imkan\u0131na kavu\u015fmu\u015f olaca\u011f\u0131z. B\u00f6ylece y\u0131ll\u0131k \u00fcretimimiz, t\u00fcketimimizin neredeyse % 20&#8217;sini, belki bir miktar fazlas\u0131n\u0131 kar\u015f\u0131layabilir hale gelecek.&#8221; dedi.<\/h2>\n<p>Eski\u015fehir&#8217;de, Cumhurba\u015fkanl\u0131\u011f\u0131 \u0130nsan Kaynaklar\u0131 Ofisi ve Anadolu \u00dcniversitesi i\u015fbirli\u011fiyle d\u00fczenlenen <strong>\u0130\u00e7 Anadolu Kariyer Fuar\u0131<\/strong>&#8216;na kat\u0131lan D\u00f6nmez, Karadeniz&#8217;deki <strong>do\u011fal gaz<\/strong> ve <strong>\u015e\u0131rnak Gabar <img loading=\"lazy\" class=\"alignright wp-image-174343\" src=\"https:\/\/www.enerjigazetesi.ist\/wp-content\/uploads\/2023\/05\/gabar-dagindaki-yeni-petrol-rezervi-kesfi-ve-turkiye.jpg\" alt=\"\" width=\"320\" height=\"211\" srcset=\"https:\/\/www.enerjigazetesi.ist\/wp-content\/uploads\/2023\/05\/gabar-dagindaki-yeni-petrol-rezervi-kesfi-ve-turkiye.jpg 550w, https:\/\/www.enerjigazetesi.ist\/wp-content\/uploads\/2023\/05\/gabar-dagindaki-yeni-petrol-rezervi-kesfi-ve-turkiye-300x197.jpg 300w, https:\/\/www.enerjigazetesi.ist\/wp-content\/uploads\/2023\/05\/gabar-dagindaki-yeni-petrol-rezervi-kesfi-ve-turkiye-500x329.jpg 500w, https:\/\/www.enerjigazetesi.ist\/wp-content\/uploads\/2023\/05\/gabar-dagindaki-yeni-petrol-rezervi-kesfi-ve-turkiye-76x50.jpg 76w\" sizes=\"(max-width: 320px) 100vw, 320px\" \/>Da\u011f\u0131<\/strong>&#8216;ndaki <strong>petrol ke\u015fiflerine<\/strong> ili\u015fkin AA muhabirine a\u00e7\u0131klamalarda bulundu.<\/p>\n<p>Karadeniz&#8217;deki ke\u015ffi a\u00e7\u0131klar\u0131nda birilerinin inanmad\u0131\u011f\u0131n\u0131, a\u015famalar\u0131 ge\u00e7tik\u00e7e inananlar\u0131n say\u0131s\u0131n\u0131n artt\u0131\u011f\u0131n\u0131 dile getiren D\u00f6nmez, <em>&#8220;Karada da en son yakt\u0131k, sisteme de bu ay i\u00e7inde veriliyor. Bir yandan da Say\u0131n Cumhurba\u015fkan\u0131&#8217;m\u0131z vatanda\u015flar\u0131m\u0131za a\u00e7\u0131l\u0131\u015fta iki m\u00fcjde vermi\u015fti. Birisi 25 metrek\u00fcp mutfak kullan\u0131mlar\u0131n\u0131n bir y\u0131l s\u00fcreyle bedavaya verilmesi, di\u011feri de ilk bir ayda t\u00fcm faturalar\u0131n kar\u015f\u0131lanmas\u0131. Faturalar gitmeye ba\u015flad\u0131. Orada t\u00fcketim de\u011ferleri yaz\u0131yor ama<strong> &#8216;s\u0131f\u0131r&#8217; bedel<\/strong>, <strong>&#8216;Karadeniz gaz\u0131m\u0131z<\/strong> <strong>hay\u0131rl\u0131 olsun&#8217;<\/strong> \u015feklinde. Son derece olumlu geri d\u00f6n\u00fc\u015fler de al\u0131yoruz.&#8221;<\/em> ifadesini kulland\u0131.<\/p>\n<h3><strong>&#8220;Bu son y\u0131llardaki geli\u015fmeler ithalat\u0131m\u0131z\u0131 \u00f6nemli \u00f6l\u00e7\u00fcde azalt\u0131r&#8221;<\/strong><\/h3>\n<p>Bakan D\u00f6nmez, Cumhurba\u015fkan\u0131 Recep Tayyip Erdo\u011fan taraf\u0131ndan, Gabar Da\u011f\u0131&#8217;nda ke\u015ffedilen yeni <strong>petrol rezervinin<\/strong> duyurulmas\u0131n\u0131n <strong>\u00fclkede heyecanla kar\u015f\u0131land\u0131\u011f\u0131n\u0131<\/strong> s\u00f6yledi.<\/p>\n<p>T\u00fcrkiye&#8217;nin\u00a0enerjide d\u0131\u015fa ba\u011f\u0131ml\u0131l\u0131\u011f\u0131n\u0131 k\u0131racak, azaltacak m\u00fcjdelerin pe\u015fi s\u0131ra gelmeye ba\u015flad\u0131\u011f\u0131n\u0131 vurgulayan D\u00f6nmez, \u015f\u00f6yle devam etti:<\/p>\n<p><em>&#8220;Bu ni\u00e7in oluyor? Say\u0131n Cumhurba\u015fkan\u0131&#8217;m\u0131z\u0131n elbette bu projenin arkas\u0131nda kararl\u0131 \u015fekilde durmas\u0131, ekibimizin bu i\u015fe adanmas\u0131 ve inanmas\u0131. Aray\u0131nca da \u00e7al\u0131\u015f\u0131nca da Mevla&#8217;m nasip ediyor. Hakikaten son derece sevindirici anlar ve g\u00fcnler ya\u015f\u0131yoruz. 5 y\u0131l \u00f6nce bizim petrol \u00fcretimimiz <strong>g\u00fcnl\u00fck 40-50 bin<\/strong> varil band\u0131ndayd\u0131. Ge\u00e7ti\u011fimiz y\u0131l\u0131<strong> 80 bin varille<\/strong> kapatt\u0131k. Bu son sahayla birlikte birka\u00e7 y\u0131l i\u00e7inde <strong>ilave 100 bin varil<\/strong> daha \u00fcretim imkan\u0131na kavu\u015fmu\u015f olaca\u011f\u0131z. B\u00f6ylece y\u0131ll\u0131k \u00fcretimimiz, t\u00fcketimimizin neredeyse <strong>y\u00fczde 20<\/strong>&#8216;sini, <strong>belki bir miktar fazlas\u0131n\u0131<\/strong> kar\u015f\u0131layabilir hale gelecek. Bizim ithalatta en \u00f6nemli kalemlerimizden biri,<strong>\u00a0enerji\u00a0ithalat\u0131;<\/strong> <strong>petrol ve do\u011fal gaz<\/strong>. Bu son y\u0131llardaki geli\u015fmeler ithalat\u0131m\u0131z\u0131 \u00f6nemli \u00f6l\u00e7\u00fcde azalt\u0131r. Cari a\u00e7\u0131\u011f\u0131m\u0131za son derece pozitif katk\u0131s\u0131 olacak. Sadece <strong>ge\u00e7ti\u011fimiz y\u0131l 95 milyar dolarl\u0131k\u00a0enerji\u00a0ithalat\u0131<\/strong> vard\u0131,<strong> petrol<\/strong> ve <strong>do\u011fal gaz<\/strong> olmak \u00fczere. Ne kadar fazla \u00fcretirsek, <strong>yurt d\u0131\u015f\u0131na \u00f6deyece\u011fimiz d\u00f6viz de o kadar azalacakt\u0131r.<\/strong>&#8220;<\/em><\/p>\n<p>D\u00f6nmez, Gabar&#8217;daki kuyuya<strong> \u015fehit \u00f6\u011fretmen<\/strong> <strong>\u015eenay Ayb\u00fcke Yal\u00e7\u0131n<\/strong>&#8216;\u0131n isminin verildi\u011fini hat\u0131rlatt\u0131.<\/p>\n<p>Ge\u00e7en y\u0131l da yine Gabar&#8217;daki bir kuyuya \u015fehit <strong>Esma \u00c7evik&#8217;in<\/strong> ad\u0131n\u0131 verdiklerini anlatan D\u00f6nmez, &#8220;Bu \u015fehitler bizim kamu g\u00f6revlilerimiz. \u00c7al\u0131\u015f\u0131rken \u015fehit olmu\u015flard\u0131. Onlar\u0131n ad\u0131n\u0131 o sahalar faaliyet g\u00f6sterdi\u011fi m\u00fcddet\u00e7e hat\u0131ralar\u0131m\u0131zda ya\u015fatmak i\u00e7in bu sahalara verdik.&#8221; diye konu\u015ftu.<\/p>\n<p>Bu ke\u015ffin, T\u00fcrkiye&#8217;nin\u00a0enerjideki<strong> &#8220;makus talihini&#8221;<\/strong> <strong>\u00f6nemli \u00f6l\u00e7\u00fcde de\u011fi\u015ftirece\u011fini<\/strong> kaydeden D\u00f6nmez, &#8220;\u00c7\u00fcnk\u00fc o sahada bizim daha arayaca\u011f\u0131m\u0131z bir\u00e7ok b\u00f6lge var. Neden oraya giremedik y\u0131llarca? <strong>Ter\u00f6r vard\u0131, ter\u00f6r nedeniyle oralara giremiyorduk.<\/strong> Belki de ter\u00f6r\u00fcn olma nedenlerinden biri bu. \u015eimdi ter\u00f6rden ar\u0131nd\u0131r\u0131ld\u0131k\u00e7a o b\u00f6lgelerde aramalar\u0131m\u0131za, ara\u015ft\u0131rmalar\u0131m\u0131za h\u0131z verece\u011fiz.&#8221; diye konu\u015ftu.<\/p>\n<h3><strong>N\u00fckleer\u00a0enerjiyle ilgili \u00e7al\u0131\u015fmalar<\/strong><\/h3>\n<p>Bakan Fatih D\u00f6nmez, Mersin&#8217;deki <strong>n\u00fckleer g\u00fc\u00e7 santraline n\u00fckleer yak\u0131t\u0131 getirdiklerini<\/strong>, s\u00f6z konusu <strong>santralin n\u00fckleer tesis stat\u00fcs\u00fcn\u00fc kavu\u015ftu\u011funu<\/strong> an\u0131msatt\u0131.<\/p>\n<p>Tesisteki 4 \u00fcnite devreye girdi\u011finde, \u00fclkenin elektrik t\u00fcketiminin <strong>y\u00fczde 10<\/strong>&#8216;unu kar\u015f\u0131layabilecek kabiliyette oldu\u011funu aktaran D\u00f6nmez, <span style=\"text-decoration: underline;\">\u015funlar\u0131 kaydetti:<\/span><\/p>\n<p><em>&#8220;Maalesef n\u00fckleer teknoloji sahip olmad\u0131\u011f\u0131m\u0131z, bir t\u00fcrl\u00fc ger\u00e7ekle\u015ftiremedi\u011fimiz bir aland\u0131. Konuyu sadece\u00a0enerji\u00a0ba\u011flam\u0131nda da g\u00f6r\u00fclmemek laz\u0131m. Farkl\u0131 alanlarda da <strong>n\u00fckleer teknoloji<\/strong> kullan\u0131l\u0131yor, \u00f6zellikle sa\u011fl\u0131k alan\u0131nda. <strong>N\u00fckleer t\u0131p, gerek g\u00f6r\u00fcnt\u00fcleme, gerek te\u015fhis<\/strong> ve <strong>tedavide<\/strong> bu tip s\u00fcre\u00e7lerde de yo\u011fun olarak kullan\u0131l\u0131yor. M\u00fchendislerimiz, uzmanlar\u0131m\u0131z art\u0131k bu alanlarda da kendilerini geli\u015ftirebilecek, ara\u015ft\u0131rmalar yapabilecek noktaya do\u011fru gidiyor. T\u00fcrkiye\u00a0Enerji, N\u00fckleer ve Maden Ara\u015ft\u0131rma Kurumu (TENMAK) b\u00fcnyesinde N\u00fckleer Ara\u015ft\u0131rma Enstit\u00fcm\u00fcz var. Orada gerek \u00f6zel ara\u015ft\u0131rmalar\u0131nda, denemelerde kullan\u0131lacak te\u00e7hizat\u0131 ve alt yap\u0131y\u0131 kurduk gerekse t\u0131p alan\u0131ndaki ihtiya\u00e7lar\u0131m\u0131z\u0131 kar\u015f\u0131lamak \u00fczere proton h\u0131zland\u0131r\u0131c\u0131m\u0131z var. Onunla birtak\u0131m AR-GE \u00e7al\u0131\u015fmalar\u0131m\u0131z\u0131 yap\u0131yoruz. \u00dcniversitelerimiz yo\u011fun bir \u015fekilde kullan\u0131yor. Zaman zaman \u00f6zel sekt\u00f6rden talepler geliyor.&#8221;<\/em><\/p>\n<p>Yeni m\u00fcjdelerin gelebilece\u011fini vurgulayan D\u00f6nmez, &#8220;\u00c7al\u0131\u015fmalar\u0131m\u0131z\u0131 ilerliyor. Netice ald\u0131k\u00e7a elbette yeni m\u00fcjdelerimiz gelecek. Vatanda\u015flar\u0131m\u0131z\u0131n bizi izlemesi laz\u0131m. Bizi izlemeye devam edin.&#8221; dedi.<\/p>","protected":false},"excerpt":{"rendered":"<p>Sorry, this entry is only available in Turkish. For the sake of viewer convenience, the content is shown below in the alternative language. You may click the link to switch the active language. Enerji ve Tabii Kaynaklar Bakan\u0131 Fatih D\u00f6nmez, T\u00fcrkiye&#8217;nin g\u00fcnl\u00fck petrol \u00fcretiminin 5 y\u0131l \u00f6nce 40-50 bin varil, ge\u00e7en sene 80 bin varil [&hellip;]<\/p>\n","protected":false},"author":1,"featured_media":174343,"comment_status":"open","ping_status":"open","sticky":false,"template":"","format":"standard","meta":[],"categories":[53,44],"tags":[1389,27530,109242,4681,3331],"views":47,"_links":{"self":[{"href":"https:\/\/www.enerjigazetesi.ist\/en\/wp-json\/wp\/v2\/posts\/174341"}],"collection":[{"href":"https:\/\/www.enerjigazetesi.ist\/en\/wp-json\/wp\/v2\/posts"}],"about":[{"href":"https:\/\/www.enerjigazetesi.ist\/en\/wp-json\/wp\/v2\/types\/post"}],"author":[{"embeddable":true,"href":"https:\/\/www.enerjigazetesi.ist\/en\/wp-json\/wp\/v2\/users\/1"}],"replies":[{"embeddable":true,"href":"https:\/\/www.enerjigazetesi.ist\/en\/wp-json\/wp\/v2\/comments?post=174341"}],"version-history":[{"count":0,"href":"https:\/\/www.enerjigazetesi.ist\/en\/wp-json\/wp\/v2\/posts\/174341\/revisions"}],"wp:featuredmedia":[{"embeddable":true,"href":"https:\/\/www.enerjigazetesi.ist\/en\/wp-json\/wp\/v2\/media\/174343"}],"wp:attachment":[{"href":"https:\/\/www.enerjigazetesi.ist\/en\/wp-json\/wp\/v2\/media?parent=174341"}],"wp:term":[{"taxonomy":"category","embeddable":true,"href":"https:\/\/www.enerjigazetesi.ist\/en\/wp-json\/wp\/v2\/categories?post=174341"},{"taxonomy":"post_tag","embeddable":true,"href":"https:\/\/www.enerjigazetesi.ist\/en\/wp-json\/wp\/v2\/tags?post=174341"}],"curies":[{"name":"wp","href":"https:\/\/api.w.org\/{rel}","templated":true}]}}