{"id":174281,"date":"2023-05-08T09:34:50","date_gmt":"2023-05-08T06:34:50","guid":{"rendered":"https:\/\/www.enerjigazetesi.ist\/?p=174281"},"modified":"2023-05-08T09:42:40","modified_gmt":"2023-05-08T06:42:40","slug":"escevder-korosu-turk-halk-muzigi-konseri-veriyor","status":"publish","type":"post","link":"https:\/\/www.enerjigazetesi.ist\/en\/escevder-korosu-turk-halk-muzigi-konseri-veriyor\/","title":{"rendered":"ES\u00c7EVDER KOROSU THM KONSER\u0130 VER\u0130YOR"},"content":{"rendered":"<p class=\"qtranxs-available-languages-message qtranxs-available-languages-message-en\">Sorry, this entry is only available in <a href=\"https:\/\/www.enerjigazetesi.ist\/tr\/wp-json\/wp\/v2\/posts\/174281\" class=\"qtranxs-available-language-link qtranxs-available-language-link-tr\" title=\"Turkish\">Turkish<\/a>. For the sake of viewer convenience, the content is shown below in the alternative language. You may click the link to switch the active language.<\/p><p><\/p>\n<h2><strong>Eski\u015fehir \u00c7evre Koruma ve Geli\u015ftirme Derne\u011fi ( ES\u00c7EVDER ) tamam\u0131 \u00fcyelerinden olu\u015fan T\u00fcrk Halk M\u00fczi\u011fi ( THM ) konserini 8 May\u0131s&#8217;ta veriyor.<\/strong><\/h2>\n<p>Eski\u015fehir \u00c7evre Derne\u011fi ( ES\u00c7EVDER ) olarak ilk konserini ge\u00e7en sene veren THM korosu bu sene de <img loading=\"lazy\" class=\"alignright wp-image-174286\" src=\"https:\/\/www.enerjigazetesi.ist\/wp-content\/uploads\/2023\/05\/Escevder-THM-korosu.jpg\" alt=\"\" width=\"320\" height=\"427\" srcset=\"https:\/\/www.enerjigazetesi.ist\/wp-content\/uploads\/2023\/05\/Escevder-THM-korosu.jpg 360w, https:\/\/www.enerjigazetesi.ist\/wp-content\/uploads\/2023\/05\/Escevder-THM-korosu-225x300.jpg 225w, https:\/\/www.enerjigazetesi.ist\/wp-content\/uploads\/2023\/05\/Escevder-THM-korosu-300x400.jpg 300w, https:\/\/www.enerjigazetesi.ist\/wp-content\/uploads\/2023\/05\/Escevder-THM-korosu-38x50.jpg 38w\" sizes=\"(max-width: 320px) 100vw, 320px\" \/><strong>Yunusemre K\u00fclt\u00fcr Merkezi<\/strong>nde <strong>8 May\u0131s Pazartesi<\/strong> saat.<strong>20,00<\/strong> de<strong> Yunusemre K\u00fclt\u00fcr Merkezi<\/strong>&#8216;nde ikinci konserini verecektir.<\/p>\n<p>\u00c7evre Derne\u011fi \u00fcyelerinden olu\u015fan THM korosu \u015fef Muharrem Atabay taraf\u0131ndan haz\u0131rlanm\u0131\u015f <strong>\u00c7evreden Gelen Sesler Korosu &#8211; 2\u00a0<\/strong> ad\u0131yla sahneye \u00e7\u0131karak ikinci konserini vermenin mutlulu\u011funu ya\u015famaktad\u0131r.<\/p>\n<p>Orman, A\u011fa\u00e7, Su ve \u00c7evrenin g\u00fcn\u00fcm\u00fczde en \u00f6nde gelen konular\u0131n ba\u015f\u0131nda yer almas\u0131 ve iklim krizinin ucuz atlat\u0131labilmesi ve karbon ayak izinin azalt\u0131lmas\u0131 i\u00e7in fark\u0131ndal\u0131k yaratmak \u00fczere kurulmu\u015f olan <strong>ES\u00c7EVDER THM korosu<\/strong> \u00e7al\u0131\u015fmalar\u0131n\u0131n meyvesini <strong>Yunusemre K\u00fclt\u00fcr Merkezinde<\/strong> ikinci konserini vererek sergileyecektir.<\/p>\n<p>A\u011fa\u00e7 ve Ormanlar\u0131n insanlar\u0131n ya\u015famas\u0131 bak\u0131m\u0131ndan birinci derece \u00f6neme sahip oldu\u011fundan ge\u00e7en sene Orman temas\u0131n\u0131 i\u015fleyen ES\u00c7EVDER y\u00f6netimi, bu sene de yoklu\u011fu ya\u015famam\u0131z\u0131 \u00e7ok yak\u0131ndan ilgilendiren SU yu tema olarak g\u00fcndemine alm\u0131\u015f ve bu konuyu i\u015flemi\u015ftir.<\/p>\n<p><strong>ES\u00c7EVDER THM korosundan sorumlu Ba\u015fkan yard\u0131mc\u0131s\u0131 Filiz Fatma \u00d6zko\u00e7<\/strong> T\u00fcrk Halk M\u00fczi\u011fi korosunu dinlemeye t\u00fcm halk\u0131m\u0131z\u0131 davet ederek ; eme\u011fi ge\u00e7enlere, \u00fcyelerimize, koro \u015fefine, koristlere ve solistlere ayr\u0131 ayr\u0131 te\u015fekk\u00fcr etmi\u015ftir.<\/p>\n<p>Eski\u015fehir \u00c7evre Derne\u011fi ( ES\u00c7EVDER ) olarak \u00e7evreye olan sevgi ,sayg\u0131 ve ho\u015fg\u00f6r\u00fcn\u00fcn t\u00fcm bireylere yans\u0131mas\u0131n\u0131 ve t\u00fcm halk\u0131m\u0131z\u0131n \u00e7evre bilincine ula\u015fmas\u0131, \u00e7evre kirli\u011finin \u00f6n\u00fcne ge\u00e7ilmesi ve geri d\u00f6n\u00fc\u015f\u00fcm\u00fcn \u00f6nemini kavrayarak gelece\u011fe ya\u015fanabilir bir <strong>T\u00fcrkiye\/Eski\u015fehir<\/strong> b\u0131rakmak oldu\u011funu\u00a0 ve t\u00fcm halk\u0131m\u0131z\u0131 \u00e7evreyi kirletmemeyi ve kirletenleri uyarmay\u0131 kendilerinde g\u00f6rev olarak g\u00f6rmeleri gerekti\u011fini bir kez daha\u00a0 vurgulanm\u0131\u015ft\u0131r. 07.05.2023<\/p>","protected":false},"excerpt":{"rendered":"<p>Sorry, this entry is only available in Turkish. For the sake of viewer convenience, the content is shown below in the alternative language. You may click the link to switch the active language. Eski\u015fehir \u00c7evre Koruma ve Geli\u015ftirme Derne\u011fi ( ES\u00c7EVDER ) tamam\u0131 \u00fcyelerinden olu\u015fan T\u00fcrk Halk M\u00fczi\u011fi ( THM ) konserini 8 May\u0131s&#8217;ta veriyor. [&hellip;]<\/p>\n","protected":false},"author":1,"featured_media":174285,"comment_status":"open","ping_status":"open","sticky":false,"template":"","format":"standard","meta":[],"categories":[53],"tags":[109225,71840,109226,109227,109228],"views":25,"_links":{"self":[{"href":"https:\/\/www.enerjigazetesi.ist\/en\/wp-json\/wp\/v2\/posts\/174281"}],"collection":[{"href":"https:\/\/www.enerjigazetesi.ist\/en\/wp-json\/wp\/v2\/posts"}],"about":[{"href":"https:\/\/www.enerjigazetesi.ist\/en\/wp-json\/wp\/v2\/types\/post"}],"author":[{"embeddable":true,"href":"https:\/\/www.enerjigazetesi.ist\/en\/wp-json\/wp\/v2\/users\/1"}],"replies":[{"embeddable":true,"href":"https:\/\/www.enerjigazetesi.ist\/en\/wp-json\/wp\/v2\/comments?post=174281"}],"version-history":[{"count":1,"href":"https:\/\/www.enerjigazetesi.ist\/en\/wp-json\/wp\/v2\/posts\/174281\/revisions"}],"predecessor-version":[{"id":174282,"href":"https:\/\/www.enerjigazetesi.ist\/en\/wp-json\/wp\/v2\/posts\/174281\/revisions\/174282"}],"wp:featuredmedia":[{"embeddable":true,"href":"https:\/\/www.enerjigazetesi.ist\/en\/wp-json\/wp\/v2\/media\/174285"}],"wp:attachment":[{"href":"https:\/\/www.enerjigazetesi.ist\/en\/wp-json\/wp\/v2\/media?parent=174281"}],"wp:term":[{"taxonomy":"category","embeddable":true,"href":"https:\/\/www.enerjigazetesi.ist\/en\/wp-json\/wp\/v2\/categories?post=174281"},{"taxonomy":"post_tag","embeddable":true,"href":"https:\/\/www.enerjigazetesi.ist\/en\/wp-json\/wp\/v2\/tags?post=174281"}],"curies":[{"name":"wp","href":"https:\/\/api.w.org\/{rel}","templated":true}]}}