{"id":17427,"date":"2013-11-10T20:42:32","date_gmt":"2013-11-10T17:42:32","guid":{"rendered":"https:\/\/www.enerjigazetesi.ist\/?p=17427"},"modified":"2013-11-10T20:43:07","modified_gmt":"2013-11-10T17:43:07","slug":"iran-ve-bati-nukleer-anlasmanin-taslagini-hazirlamaya-basliyor","status":"publish","type":"post","link":"https:\/\/www.enerjigazetesi.ist\/en\/iran-ve-bati-nukleer-anlasmanin-taslagini-hazirlamaya-basliyor\/","title":{"rendered":"(Turkish) \u0130ran ve Bat\u0131, N\u00fckleer Anla\u015fman\u0131n Tasla\u011f\u0131n\u0131 Haz\u0131rlamaya Ba\u015fl\u0131yor"},"content":{"rendered":"<p class=\"qtranxs-available-languages-message qtranxs-available-languages-message-en\">Sorry, this entry is only available in <a href=\"https:\/\/www.enerjigazetesi.ist\/tr\/wp-json\/wp\/v2\/posts\/17427\" class=\"qtranxs-available-language-link qtranxs-available-language-link-tr\" title=\"Turkish\">Turkish<\/a>. For the sake of viewer convenience, the content is shown below in the alternative language. You may click the link to switch the active language.<\/p><p><strong>\u0130ran D\u0131\u015fi\u015fleri Bakan\u0131 Muhammed Zarif, d\u00fcn Cenevre\u2019de yap\u0131lan g\u00f6r\u00fc\u015fmelerde \u00e7ok b\u00fcy\u00fck bir ilerleme kaydedildi\u011fini ve bug\u00fcn bir anla\u015fman\u0131n tasla\u011f\u0131n\u0131n haz\u0131rlanmas\u0131 i\u00e7in \u00e7al\u0131\u015fmalara ba\u015flayacaklar\u0131n\u0131 s\u00f6yledi. ABD D\u0131\u015fi\u015fleri Bakan\u0131 da bug\u00fcn Cenevre\u2019ye gidiyor.<\/strong><\/p>\n<p>Guardian\u2019a \u00f6zel a\u00e7\u0131klamalar yapan Zarif, bug\u00fcn ak\u015fama kadar taslak metnin tamamlanmas\u0131n\u0131n \u00e7ok olas\u0131 oldu\u011funu ancak zamanlaman\u0131n Bat\u0131l\u0131 diplomatlar\u0131n yapaca\u011f\u0131 katk\u0131ya ba\u011fl\u0131 oldu\u011funu belirtti.<\/p>\n<p>Zarif, \u201cBizimle birlikte ka\u011f\u0131da ne koyacaklar\u0131na ba\u011fl\u0131 olarak bunun b\u00fcy\u00fck bir anla\u015fma m\u0131 yoksa do\u011fru y\u00f6nde at\u0131lm\u0131\u015f k\u00fc\u00e7\u00fck bir ad\u0131m m\u0131 oldu\u011funa karar verece\u011fiz. Ama her \u015fekilde do\u011fru y\u00f6nde ilerledi\u011fimiz i\u00e7in memnun olaca\u011f\u0131m\u201d dedi. \u0130ranl\u0131 bakan, \u201cBen gerekli malzemelerin elimizde oldu\u011funa inan\u0131<a href=\"https:\/\/www.enerjigazetesi.ist\/wp-content\/uploads\/2013\/11\/iran-ve-bati-nukleer-anlasmanin-taslaginin-hazirlanmasi-icin-calismalara-basliyor.jpg\"><img loading=\"lazy\" class=\"alignleft size-medium wp-image-17428\" title=\"iran-ve-bati-nukleer-anlasmanin-taslaginin-hazirlanmasi-icin-calismalara-basliyor\" src=\"https:\/\/www.enerjigazetesi.ist\/wp-content\/uploads\/2013\/11\/iran-ve-bati-nukleer-anlasmanin-taslaginin-hazirlanmasi-icin-calismalara-basliyor-300x201.jpg\" alt=\"\" width=\"300\" height=\"201\" srcset=\"https:\/\/www.enerjigazetesi.ist\/wp-content\/uploads\/2013\/11\/iran-ve-bati-nukleer-anlasmanin-taslaginin-hazirlanmasi-icin-calismalara-basliyor-300x201.jpg 300w, https:\/\/www.enerjigazetesi.ist\/wp-content\/uploads\/2013\/11\/iran-ve-bati-nukleer-anlasmanin-taslaginin-hazirlanmasi-icin-calismalara-basliyor-74x50.jpg 74w, https:\/\/www.enerjigazetesi.ist\/wp-content\/uploads\/2013\/11\/iran-ve-bati-nukleer-anlasmanin-taslaginin-hazirlanmasi-icin-calismalara-basliyor.jpg 467w\" sizes=\"(max-width: 300px) 100vw, 300px\" \/><\/a>yorum. \u0130nan\u0131yorum ki olay\u0131n i\u00e7indeki herkes genel olarak uzla\u015fm\u0131\u015f durumda. Ancak ayn\u0131 zamanda her \u015feye siyah ve beyaz olarak ba\u015flay\u0131p metin \u00fczerinden y\u00fcr\u00fcmek de \u00f6nemli\u201d dedi.<\/p>\n<p>Zarif, Cenevre\u2019deki g\u00f6r\u00fc\u015fmelere kat\u0131lan di\u011fer alt\u0131 \u00fclkenin \u0130ran\u2019\u0131n \u00f6ne s\u00fcrd\u00fc\u011f\u00fc \u00e7ok a\u015famal\u0131 plan\u0131 kabul etti\u011fini de belirtti. Bir \u00e7er\u00e7eve \u00fczerinde anla\u015fman\u0131n \u00f6tesine ge\u00e7tiklerini ifade eden \u0130ran D\u0131\u015fi\u015fleri Bakan\u0131, \u201cBu a\u015famalar\u0131n her birinde at\u0131lacak somut ad\u0131mlar \u00fczerinde anla\u015ft\u0131k. Bu ad\u0131mlar\u0131 nas\u0131l ayaca\u011f\u0131m\u0131z ve bu unsurlar aras\u0131ndaki dengeyi nas\u0131l sa\u011flayaca\u011f\u0131m\u0131z sorusu ise yar\u0131n [bug\u00fcn] yan\u0131t bulacak\u201d dedi.<\/p>\n<p>Hem ge\u00e7ici anla\u015fma hem de uzun vadeli uzla\u015f\u0131 kapsam\u0131nda Bat\u0131\u2019n\u0131n \u0130ran\u2019\u0131n n\u00fckleer zenginle\u015ftirme program\u0131n\u0131 kabul etmesi, kar\u015f\u0131l\u0131\u011f\u0131nda da \u0130ran\u2019\u0131n program\u0131n kapsam\u0131n\u0131 daraltmas\u0131 \u00f6ng\u00f6r\u00fcl\u00fcyor. Bu do\u011frultuda \u0130ran uranyum zenginle\u015ftirmeyi n\u00fckleer enerji tesislerinde kullan\u0131lan yak\u0131tlar\u0131n seviyesi olan y\u00fczde 5\u2032le s\u0131n\u0131rland\u0131racak.<\/p>\n<p>Bu arada ABD D\u0131\u015fi\u015fleri Bakanl\u0131\u011f\u0131\u2019ndan bir yetkili, Bakan John Kerry\u2019nin de Avrupa Birli\u011fi D\u0131\u015f \u0130li\u015fkiler Y\u00fcksek Temsilcisi Catherine Ashton\u2019\u0131n daveti \u00fczerine bug\u00fcn Cenevre\u2019ye gidece\u011fini a\u00e7\u0131klad\u0131.<\/p>\n<p>Yetkili davetin amac\u0131n\u0131n \u201cfarkl\u0131l\u0131klar\u0131 azaltmak\u201d oldu\u011funu ifade etti. \u0130ranl\u0131 yetkililer ise bu g\u00f6r\u00fc\u015fmelerden sonu\u00e7 al\u0131nmas\u0131 halinde anla\u015fman\u0131n hafta sonu ilan edilebilece\u011fini belirtti.<\/p>\n<p>Kaynak: <a href=\"http:\/\/enerjienstitusu.com\/2013\/11\/08\/iran-ve-bati-nukleer-anlasmanin-taslaginin-hazirlanmasi-icin-calismalara-basliyor\/\" target=\"_blank\">Enerji Enstit\u00fcs\u00fc<\/a><\/p>","protected":false},"excerpt":{"rendered":"<p>Sorry, this entry is only available in Turkish. For the sake of viewer convenience, the content is shown below in the alternative language. You may click the link to switch the active language.\u0130ran D\u0131\u015fi\u015fleri Bakan\u0131 Muhammed Zarif, d\u00fcn Cenevre\u2019de yap\u0131lan g\u00f6r\u00fc\u015fmelerde \u00e7ok b\u00fcy\u00fck bir ilerleme kaydedildi\u011fini ve bug\u00fcn bir anla\u015fman\u0131n tasla\u011f\u0131n\u0131n haz\u0131rlanmas\u0131 i\u00e7in \u00e7al\u0131\u015fmalara ba\u015flayacaklar\u0131n\u0131 [&hellip;]<\/p>\n","protected":false},"author":1,"featured_media":17428,"comment_status":"open","ping_status":"open","sticky":false,"template":"","format":"standard","meta":[],"categories":[53,43],"tags":[1198,3840,10243,63,67,1009,165,1333,7846,10242,71,21],"views":497,"_links":{"self":[{"href":"https:\/\/www.enerjigazetesi.ist\/en\/wp-json\/wp\/v2\/posts\/17427"}],"collection":[{"href":"https:\/\/www.enerjigazetesi.ist\/en\/wp-json\/wp\/v2\/posts"}],"about":[{"href":"https:\/\/www.enerjigazetesi.ist\/en\/wp-json\/wp\/v2\/types\/post"}],"author":[{"embeddable":true,"href":"https:\/\/www.enerjigazetesi.ist\/en\/wp-json\/wp\/v2\/users\/1"}],"replies":[{"embeddable":true,"href":"https:\/\/www.enerjigazetesi.ist\/en\/wp-json\/wp\/v2\/comments?post=17427"}],"version-history":[{"count":2,"href":"https:\/\/www.enerjigazetesi.ist\/en\/wp-json\/wp\/v2\/posts\/17427\/revisions"}],"predecessor-version":[{"id":17430,"href":"https:\/\/www.enerjigazetesi.ist\/en\/wp-json\/wp\/v2\/posts\/17427\/revisions\/17430"}],"wp:featuredmedia":[{"embeddable":true,"href":"https:\/\/www.enerjigazetesi.ist\/en\/wp-json\/wp\/v2\/media\/17428"}],"wp:attachment":[{"href":"https:\/\/www.enerjigazetesi.ist\/en\/wp-json\/wp\/v2\/media?parent=17427"}],"wp:term":[{"taxonomy":"category","embeddable":true,"href":"https:\/\/www.enerjigazetesi.ist\/en\/wp-json\/wp\/v2\/categories?post=17427"},{"taxonomy":"post_tag","embeddable":true,"href":"https:\/\/www.enerjigazetesi.ist\/en\/wp-json\/wp\/v2\/tags?post=17427"}],"curies":[{"name":"wp","href":"https:\/\/api.w.org\/{rel}","templated":true}]}}