{"id":174260,"date":"2023-05-06T14:47:00","date_gmt":"2023-05-06T11:47:00","guid":{"rendered":"https:\/\/www.enerjigazetesi.ist\/?p=174260"},"modified":"2023-05-06T14:47:20","modified_gmt":"2023-05-06T11:47:20","slug":"ruzgar-gunu-zirvesinde-surdurulebilir-enerji-donusumu-konusuldu","status":"publish","type":"post","link":"https:\/\/www.enerjigazetesi.ist\/en\/ruzgar-gunu-zirvesinde-surdurulebilir-enerji-donusumu-konusuldu\/","title":{"rendered":"(Turkish) &#8217;R\u00fczgar G\u00fcn\u00fc Zirvesi\u2019nde S\u00fcrd\u00fcr\u00fclebilir Enerji D\u00f6n\u00fc\u015f\u00fcm\u00fc Konu\u015fuldu"},"content":{"rendered":"<p class=\"qtranxs-available-languages-message qtranxs-available-languages-message-en\">Sorry, this entry is only available in <a href=\"https:\/\/www.enerjigazetesi.ist\/tr\/wp-json\/wp\/v2\/posts\/174260\" class=\"qtranxs-available-language-link qtranxs-available-language-link-tr\" title=\"Turkish\">Turkish<\/a>. For the sake of viewer convenience, the content is shown below in the alternative language. You may click the link to switch the active language.<\/p><p><\/p>\n<h2><strong>Enerji sekt\u00f6r\u00fcn\u00fcn s\u00fcrd\u00fcr\u00fclebilir gelece\u011fi i\u00e7in \u00f6nemli bir rol oynayan yenilenebilir enerji kaynaklar\u0131 hakk\u0131nda fark\u0131ndal\u0131k yaratmak ve gen\u00e7lerin sekt\u00f6re olan ilgisini art\u0131rmak amac\u0131yla her y\u0131l d\u00fczenlenen Enerjisa \u00dcretim R\u00fczgar G\u00fcn\u00fc Zirvesi bu y\u0131l, Harvard Business Review T\u00fcrkiye&#8217;nin stratejik ortakl\u0131\u011f\u0131 ve &#8220;Enerjimiz R\u00fczgarla, Gelece\u011fimiz Seninle&#8221; temas\u0131yla d\u00fczenlendi. Online olarak ger\u00e7ekle\u015ftirilen zirvede alan\u0131nda yetkin isimler yenilenebilir enerjinin gelece\u011fini, enerjinin d\u00f6n\u00fc\u015f\u00fcm\u00fcn\u00fc, enerji d\u00f6n\u00fc\u015f\u00fcm\u00fcnde f\u0131rsatlar\u0131, al\u0131nacak aksiyonlar\u0131 ve r\u00fczgar santrallerinin yolculu\u011funu konu\u015ftu.<\/strong><\/h2>\n<p>Ya\u015fama sayg\u0131 duyarak daha g\u00fczel bir gelecek i\u00e7in enerji \u00fcreten Enerjisa \u00dcretim, her y\u0131l d\u00fczenledi\u011fi R\u00fczgar G\u00fcn\u00fc Zirvesi\u2019ni, bu y\u0131l Harvard Business Review T\u00fcrkiye\u2019nin stratejik ortakl\u0131\u011f\u0131 ile ger\u00e7ekle\u015ftirdi. <strong>\u201cEnerjimiz R\u00fczgarla, Gelece\u011fimiz Seninle\u201d<\/strong> temas\u0131yla d\u00fczenlenen R\u00fczgar G\u00fcn\u00fc Zirvesi\u2019nde, enerji sekt\u00f6r\u00fcn\u00fcn \u00f6nde gelen isimleri konu\u015fmac\u0131 olarak yer ald\u0131 ve r\u00fczgar enerjisinin s\u00fcrd\u00fcr\u00fclebilir gelece\u011fimizdeki rol\u00fcn\u00fc de\u011ferlendirdi. Zirvenin a\u00e7\u0131l\u0131\u015f konu\u015fmas\u0131n\u0131 ger\u00e7ekle\u015ftiren <strong>Harvard Business <img loading=\"lazy\" class=\"alignright wp-image-174264\" src=\"https:\/\/www.enerjigazetesi.ist\/wp-content\/uploads\/2023\/05\/ruzgar-gunu-zirvesinde-surdurulebilir-enerji-donusumu-konusuldu.jpg\" alt=\"\" width=\"320\" height=\"214\" srcset=\"https:\/\/www.enerjigazetesi.ist\/wp-content\/uploads\/2023\/05\/ruzgar-gunu-zirvesinde-surdurulebilir-enerji-donusumu-konusuldu.jpg 550w, https:\/\/www.enerjigazetesi.ist\/wp-content\/uploads\/2023\/05\/ruzgar-gunu-zirvesinde-surdurulebilir-enerji-donusumu-konusuldu-300x200.jpg 300w, https:\/\/www.enerjigazetesi.ist\/wp-content\/uploads\/2023\/05\/ruzgar-gunu-zirvesinde-surdurulebilir-enerji-donusumu-konusuldu-500x334.jpg 500w, https:\/\/www.enerjigazetesi.ist\/wp-content\/uploads\/2023\/05\/ruzgar-gunu-zirvesinde-surdurulebilir-enerji-donusumu-konusuldu-75x50.jpg 75w, https:\/\/www.enerjigazetesi.ist\/wp-content\/uploads\/2023\/05\/ruzgar-gunu-zirvesinde-surdurulebilir-enerji-donusumu-konusuldu-450x300.jpg 450w\" sizes=\"(max-width: 320px) 100vw, 320px\" \/>Review T\u00fcrkiye Genel Yay\u0131n Y\u00f6netmeni Serdar Turan<\/strong>, gelece\u011fin yenilenebilir enerji ile \u015fekillenece\u011fini vurgulad\u0131.<\/p>\n<p>Bo\u011fazi\u00e7i \u00dcniversitesi \u0130klim De\u011fi\u015fikli\u011fi ve Politikalar\u0131 Uygulama ve Ara\u015ft\u0131rma Merkezi Y\u00f6netim Kurulu ve TEMA Vakf\u0131 Bilim Kurulu \u00dcyesi Prof. Dr. Murat T\u00fcrke\u015f<strong> \u201c\u0130klim Krizinde Ne Durumday\u0131z?\u201d<\/strong> sunumu ile <strong>ortalama s\u0131cakl\u0131k art\u0131\u015f\u0131<\/strong> konusunu vurgulayarak kat\u0131l\u0131mc\u0131lar\u0131 bilgilendirdi.<\/p>\n<p><strong>\u201cYenilenebilir Enerjinin Gelece\u011fi: F\u0131rsatlar ve Aksiyonlar\u201d<\/strong> ba\u015fl\u0131kl\u0131 oturumda<strong> Serdar Turan<\/strong> ile sohbet eden <strong>Enerjisa \u00dcretim CEO\u2019su \u0130hsan Erbil Bay\u00e7\u00f6l<\/strong>, \u201c<em>Bu y\u0131l ikincisini d\u00fczenledi\u011fimiz Enerjisa \u00dcretim R\u00fczgar G\u00fcn\u00fc Zirvesi kapsam\u0131nda sekt\u00f6r kat\u0131l\u0131mc\u0131lar\u0131 ve gen\u00e7ler ile birlikte olmaktan b\u00fcy\u00fck mutluluk duyuyoruz. Gelece\u011fimizi \u015fekillendirecek olan gen\u00e7leri, sekt\u00f6r\u00fcm\u00fcz ve \u00f6zellikle r\u00fczgar enerjisi konusunda bilgilendirmek ve enerji sekt\u00f6r\u00fcne kazand\u0131rmak en b\u00fcy\u00fck \u00f6nceliklerimiz aras\u0131nda yer al\u0131yor. R\u00fczgar enerjisi, gelece\u011fimiz demek \u00e7ocuklar\u0131m\u0131z demek. Her y\u0131l ger\u00e7ekle\u015ftirmeyi hedefledi\u011fimiz <strong>R\u00fczgar G\u00fcn\u00fc Zirvesi de<\/strong> bundan dolay\u0131 bizim i\u00e7in b\u00fcy\u00fck \u00f6nem ta\u015f\u0131yor\u201d dedi.<\/em><\/p>\n<h3><strong>\u201cYenilenebilir Enerjideki Pay\u0131m\u0131z\u0131 Y\u00fczde 60\u2019a Y\u00fckseltmeyi Hedefliyoruz\u201d<\/strong><\/h3>\n<p>Enerjisa \u00dcretim olarak emisyon sal\u0131mlar\u0131nda <strong>2032\u2019de \u2018ba\u015fa ba\u015f\u2019<\/strong>, <strong>2045\u2019te ise \u2018net s\u0131f\u0131r\u2019<\/strong> olma hedefleri oldu\u011funu belirten Bay\u00e7\u00f6l, <em>\u201cYenilenebilir enerjide T\u00fcrkiye\u2019nin b\u00fcy\u00fck ve g\u00fc\u00e7l\u00fc bir potansiyeli bulunuyor. R\u00fczgar da T\u00fcrkiye i\u00e7in \u00f6nemli bir f\u0131rsat. D\u00fcnyada oldu\u011fu gibi T\u00fcrkiye\u2019de de enerji \u00fcretiminde r\u00fczgar\u0131n kapasitesi y\u00fckseliyor. Gelece\u011fin anahtar\u0131n\u0131n yenilenebilir enerjide oldu\u011fu bilinci ile do\u011fru strateji ve planlamalar ile T\u00fcrkiye\u2019nin, orta ve uzun vadede bu alanda merkez olabilece\u011fine inan\u0131yoruz.<\/em> <em>Enerjisa \u00dcretim olarak T\u00fcrkiye&#8217;nin en y\u00fcksek kurulu g\u00fcce sahip temiz enerji \u00fcreticisiyiz. Bu alanda <strong>ger\u00e7ekle\u015ftirece\u011fimiz\u00a0<\/strong><\/em><em><strong>yat\u0131r\u0131mlar<\/strong> ile <strong>yenilenebilir enerji pay\u0131m\u0131z\u0131 y\u00fczde 60\u2019a<\/strong> y\u00fckseltmeyi hedefliyoruz. Yak\u0131n zamanda <strong>Enercon<\/strong> ile birlikte heyecan ve gurur duydu\u011fumuz bir anla\u015fmaya daha imza att\u0131k. Anla\u015fma ile T\u00fcrkiye\u2019de ilk kez kurulacak olan yeni bir karasal r\u00fczgar t\u00fcrbini modeli olan <strong>E-175 EP5\u2019in prototipini Band\u0131rma Enerji \u00dcss\u00fcm\u00fcz ve Bal\u0131kesir R\u00fczgar Enerji Santrali\u2019mizde<\/strong> test edebilece\u011fiz. Yat\u0131r\u0131mlar\u0131n yan\u0131 s\u0131ra Enerjisa \u00dcretim b\u00fcnyesinde <strong>toplumsal cinsiyet e\u015fitli\u011fine de<\/strong> b\u00fcy\u00fck \u00f6nem veriyoruz. Bir santralimizin tamamen kad\u0131nlardan olu\u015fmas\u0131 i\u00e7in \u00e7al\u0131\u015f\u0131yoruz. 3 y\u0131l i\u00e7inde <strong>santral m\u00fcd\u00fcr\u00fcm\u00fczden kad\u0131n teknisyenler<\/strong> ve <strong>kad\u0131n m\u00fchendislere<\/strong> kadar <strong>Womentum program\u0131m\u0131z<\/strong> sayesinde bu hedefe ula\u015fmay\u0131 ama\u00e7l\u0131yoruz\u201d dedi.<\/em><\/p>\n<p>Enerjiyi Merkeze Koyan Yeni Nesil Meslekler ba\u015fl\u0131kl\u0131 oturumda <strong>Enerjisa \u00dcretim \u0130nsan ve K\u00fclt\u00fcr Genel M\u00fcd\u00fcr Yard\u0131mc\u0131s\u0131 Ay\u015feg\u00fcl G\u00fcrkale<\/strong>;<em>\u00a0\u201cEnerjisa \u00dcretim yenilenebilir enerji alan\u0131ndaki yeni yat\u0131r\u0131mlar\u0131 ile b\u00fcy\u00fcme trendinde olan bir enerji \u015firketi. Bu noktada<\/em> <em>ki\u015fisel geli\u015fimden kariyer planlamas\u0131na, s\u00fcrd\u00fcr\u00fclebilirlikten enerji teknolojilerine ve \u00fcretimine bir \u00e7ok konuda e\u011fitim ve geli\u015fim alanlar\u0131yla hem \u00e7al\u0131\u015fanlar\u0131m\u0131z\u0131 hem de sekt\u00f6r\u00fcm\u00fcz\u00fc desteklemeye devam ediyoruz. Enerjisa \u00dcretim olarak farkl\u0131 alanlarda projeler ger\u00e7ekle\u015ftiriyoruz; sadece kendi \u00e7al\u0131\u015fanlar\u0131m\u0131z i\u00e7in de\u011fil, t\u00fcm sekt\u00f6r\u00fcn ve enerji ekosistemindeki t\u00fcm payda\u015flar\u0131m\u0131z\u0131n geli\u015fimi i\u00e7in yeni i\u015fler yapma arzusunday\u0131z.<\/em> <em>Bununla birlikte enerji sekt\u00f6r\u00fc ilk bak\u0131\u015fta her ne kadar erkek egemen bir sekt\u00f6r olarak alg\u0131lansa da, asl\u0131nda bizim yapt\u0131\u011f\u0131m\u0131z i\u015fin kad\u0131n\u0131, erke\u011fi yok, i\u015fimizi tamamen <strong>ak\u0131l, bilgi ve teknoloji<\/strong> ile yap\u0131yoruz. Bu bak\u0131\u015f a\u00e7\u0131m\u0131z do\u011frultusunda enerji sekt\u00f6r\u00fcnde r\u00fczgar alan\u0131nda <strong>daha fazla kad\u0131n \u00e7al\u0131\u015fan kazand\u0131rmak<\/strong> i\u00e7in<\/em> <em><strong>R\u00fczgar\u0131 Enerjiye D\u00f6n\u00fc\u015ft\u00fcren Kad\u0131nlar program\u0131n\u0131<\/strong> ba\u015flatt\u0131k\u201d dedi.<\/em><\/p>\n<h3><strong>\u00d6\u011frenciler ve kat\u0131l\u0131mc\u0131lar r\u00fczgar enerji santralleri hakk\u0131nda bilgi ald\u0131<\/strong><\/h3>\n<p>Yakla\u015f\u0131k <strong>1600 kat\u0131l\u0131mc\u0131n\u0131n<\/strong> online olarak takip etti\u011fi <strong>&#8220;Enerjimiz R\u00fczgarla, Gelece\u011fimiz Seninle&#8221;<\/strong> temas\u0131yla d\u00fczenlenen R\u00fczgar G\u00fcn\u00fc Zirvesi\u2019nde <strong>kat\u0131l\u0131mc\u0131lar<\/strong> ve <strong>\u00f6\u011frenciler<\/strong> enerji sekt\u00f6r\u00fcn\u00fcn \u00f6nde gelen isimlerinden r\u00fczgar enerjisi ve santralleri hakk\u0131nda bilgi ald\u0131. Uzmanlar\u0131n perspektifinden <strong>yenilenebilir enerjinin gelece\u011fi, enerji d\u00f6n\u00fc\u015f\u00fcm\u00fc<\/strong> ve <strong>enerjinin gelece\u011fi<\/strong> konular\u0131 kat\u0131l\u0131mc\u0131lara aktar\u0131ld\u0131.<\/p>","protected":false},"excerpt":{"rendered":"<p>Sorry, this entry is only available in Turkish. For the sake of viewer convenience, the content is shown below in the alternative language. You may click the link to switch the active language. Enerji sekt\u00f6r\u00fcn\u00fcn s\u00fcrd\u00fcr\u00fclebilir gelece\u011fi i\u00e7in \u00f6nemli bir rol oynayan yenilenebilir enerji kaynaklar\u0131 hakk\u0131nda fark\u0131ndal\u0131k yaratmak ve gen\u00e7lerin sekt\u00f6re olan ilgisini art\u0131rmak amac\u0131yla [&hellip;]<\/p>\n","protected":false},"author":1,"featured_media":174264,"comment_status":"open","ping_status":"open","sticky":false,"template":"","format":"standard","meta":[],"categories":[51,53,50],"tags":[35365,91824,5320,109219,109218,105],"views":53,"_links":{"self":[{"href":"https:\/\/www.enerjigazetesi.ist\/en\/wp-json\/wp\/v2\/posts\/174260"}],"collection":[{"href":"https:\/\/www.enerjigazetesi.ist\/en\/wp-json\/wp\/v2\/posts"}],"about":[{"href":"https:\/\/www.enerjigazetesi.ist\/en\/wp-json\/wp\/v2\/types\/post"}],"author":[{"embeddable":true,"href":"https:\/\/www.enerjigazetesi.ist\/en\/wp-json\/wp\/v2\/users\/1"}],"replies":[{"embeddable":true,"href":"https:\/\/www.enerjigazetesi.ist\/en\/wp-json\/wp\/v2\/comments?post=174260"}],"version-history":[{"count":0,"href":"https:\/\/www.enerjigazetesi.ist\/en\/wp-json\/wp\/v2\/posts\/174260\/revisions"}],"wp:featuredmedia":[{"embeddable":true,"href":"https:\/\/www.enerjigazetesi.ist\/en\/wp-json\/wp\/v2\/media\/174264"}],"wp:attachment":[{"href":"https:\/\/www.enerjigazetesi.ist\/en\/wp-json\/wp\/v2\/media?parent=174260"}],"wp:term":[{"taxonomy":"category","embeddable":true,"href":"https:\/\/www.enerjigazetesi.ist\/en\/wp-json\/wp\/v2\/categories?post=174260"},{"taxonomy":"post_tag","embeddable":true,"href":"https:\/\/www.enerjigazetesi.ist\/en\/wp-json\/wp\/v2\/tags?post=174260"}],"curies":[{"name":"wp","href":"https:\/\/api.w.org\/{rel}","templated":true}]}}