{"id":174237,"date":"2023-05-06T12:50:06","date_gmt":"2023-05-06T09:50:06","guid":{"rendered":"https:\/\/www.enerjigazetesi.ist\/?p=174237"},"modified":"2023-05-06T12:51:58","modified_gmt":"2023-05-06T09:51:58","slug":"yek-belgeli-tesislerin-yekdem-fiyatlari-guncellendi","status":"publish","type":"post","link":"https:\/\/www.enerjigazetesi.ist\/en\/yek-belgeli-tesislerin-yekdem-fiyatlari-guncellendi\/","title":{"rendered":"(Turkish) YEK Belgeli Tesislerin YEKDEM Fiyatlar\u0131 G\u00fcncellendi"},"content":{"rendered":"<p class=\"qtranxs-available-languages-message qtranxs-available-languages-message-en\">Sorry, this entry is only available in <a href=\"https:\/\/www.enerjigazetesi.ist\/tr\/wp-json\/wp\/v2\/posts\/174237\" class=\"qtranxs-available-language-link qtranxs-available-language-link-tr\" title=\"Turkish\">Turkish<\/a>. For the sake of viewer convenience, the content is shown below in the alternative language. You may click the link to switch the active language.<\/p><p><\/p>\n<h2><strong>YEK Belgeli yenilenebilir enerji kaynaklar\u0131na dayal\u0131 elektrik \u00fcretim tesislerinden 1 Temmuz 2021\u2019den 31 Aral\u0131k 2030 tarihine kadar i\u015fletmeye girmi\u015f ve girecekler i\u00e7in uygulanacak fiyatlar ve s\u00fcrelerin g\u00fcncellenmesine ili\u015fkin Cumhurba\u015fkan\u0131 karar\u0131 yay\u0131mland\u0131.<\/strong><\/h2>\n<p>Resmi Gazete\u2019nin <strong>1 May\u0131s<\/strong> tarihli say\u0131s\u0131nda yer alan karara g\u00f6re, <strong>t\u00fcm santral tipleri i\u00e7in TL cinsi destekleme fiyatlar\u0131<\/strong> belirlenirken <strong>g\u00fcne\u015f enerjisine dayal\u0131 \u00fcretim tesisleri<\/strong> i\u00e7in YEKDEM taban <img loading=\"lazy\" class=\"alignright wp-image-174239\" src=\"https:\/\/www.enerjigazetesi.ist\/wp-content\/uploads\/2023\/05\/yek-belgeli-tesislerin-yekdem-fiyatlari-guncellendi.jpg\" alt=\"\" width=\"320\" height=\"240\" srcset=\"https:\/\/www.enerjigazetesi.ist\/wp-content\/uploads\/2023\/05\/yek-belgeli-tesislerin-yekdem-fiyatlari-guncellendi.jpg 550w, https:\/\/www.enerjigazetesi.ist\/wp-content\/uploads\/2023\/05\/yek-belgeli-tesislerin-yekdem-fiyatlari-guncellendi-300x225.jpg 300w, https:\/\/www.enerjigazetesi.ist\/wp-content\/uploads\/2023\/05\/yek-belgeli-tesislerin-yekdem-fiyatlari-guncellendi-500x375.jpg 500w, https:\/\/www.enerjigazetesi.ist\/wp-content\/uploads\/2023\/05\/yek-belgeli-tesislerin-yekdem-fiyatlari-guncellendi-67x50.jpg 67w\" sizes=\"(max-width: 320px) 100vw, 320px\" \/>fiyat\u0131 kWh ba\u015f\u0131na <strong>4.95 cent<\/strong>; tavan fiyat\u0131 <strong>6.05 cent<\/strong>, uygulama s\u00fcresi ise<strong> 10 y\u0131l<\/strong> olarak belirlendi. Bu kapsamda yerli katk\u0131 uygulama s\u00fcresi <strong>5 y\u0131l<\/strong> olacak.<\/p>\n<p><strong>R\u00fczgar<\/strong> veya <strong>g\u00fcne\u015f enerjisine dayal\u0131<\/strong> \u00fcretim tesisi ile <strong>b\u00fct\u00fcnle\u015fik elektrik depolama tesisleri<\/strong> i\u00e7in YEKDEM taban fiyat\u0131 <strong>kWh ba\u015f\u0131na 5.85 cent<\/strong>,<strong> tavan fiyat\u0131 7.15 cent<\/strong> ve <strong>YEKDEM fiyat uygulama s\u00fcresi<\/strong> de <strong>10 y\u0131l<\/strong> olarak tespit edildi. Ayr\u0131ca fiyatlar\u0131n <strong>ayl\u0131k g\u00fcncelleme<\/strong> y\u00f6nteminde <strong>d\u00f6viz kurunun a\u011f\u0131rl\u0131\u011f\u0131<\/strong> art\u0131r\u0131ld\u0131, t\u00fcketici enflasyonunun a\u011f\u0131rl\u0131\u011f\u0131 azalt\u0131ld\u0131.<\/p>\n<p>Karar kapsam\u0131nda,<strong> 1 Temmuz 2021<\/strong> tarihi ile <strong>1 May\u0131s<\/strong> aras\u0131nda i\u015fletmeye giren ve <strong>YEK destekleme mekanizmas\u0131ndan<\/strong> yararlanan <strong>YEK Belgeli \u00dcretim tesisleri<\/strong> i\u00e7in karar \u00e7er\u00e7evesinde geriye d\u00f6n\u00fck herhangi bir fiyat fark\u0131 \u00f6denmeyecek. <strong>Yerli katk\u0131 fiyatlar\u0131n\u0131n uygulanmas\u0131na<\/strong> ili\u015fkin esaslar bakanl\u0131k taraf\u0131ndan \u00e7\u0131kar\u0131lan y\u00f6netmelikle d\u00fczenlenecek.<\/p>\n<p><strong>\u0130lgili Karara Ula\u015fmak \u0130\u00e7in <a href=\"https:\/\/www.resmigazete.gov.tr\/eskiler\/2023\/05\/20230501-7.pdf\" target=\"_blank\" rel=\"noopener\">T\u0131klay\u0131n&gt;&gt;<\/a><\/strong><\/p>","protected":false},"excerpt":{"rendered":"<p>Sorry, this entry is only available in Turkish. For the sake of viewer convenience, the content is shown below in the alternative language. You may click the link to switch the active language. YEK Belgeli yenilenebilir enerji kaynaklar\u0131na dayal\u0131 elektrik \u00fcretim tesislerinden 1 Temmuz 2021\u2019den 31 Aral\u0131k 2030 tarihine kadar i\u015fletmeye girmi\u015f ve girecekler i\u00e7in [&hellip;]<\/p>\n","protected":false},"author":1,"featured_media":174239,"comment_status":"open","ping_status":"open","sticky":false,"template":"","format":"standard","meta":[],"categories":[51,53,49,50],"tags":[2206,5320,79415,508],"views":59,"_links":{"self":[{"href":"https:\/\/www.enerjigazetesi.ist\/en\/wp-json\/wp\/v2\/posts\/174237"}],"collection":[{"href":"https:\/\/www.enerjigazetesi.ist\/en\/wp-json\/wp\/v2\/posts"}],"about":[{"href":"https:\/\/www.enerjigazetesi.ist\/en\/wp-json\/wp\/v2\/types\/post"}],"author":[{"embeddable":true,"href":"https:\/\/www.enerjigazetesi.ist\/en\/wp-json\/wp\/v2\/users\/1"}],"replies":[{"embeddable":true,"href":"https:\/\/www.enerjigazetesi.ist\/en\/wp-json\/wp\/v2\/comments?post=174237"}],"version-history":[{"count":0,"href":"https:\/\/www.enerjigazetesi.ist\/en\/wp-json\/wp\/v2\/posts\/174237\/revisions"}],"wp:featuredmedia":[{"embeddable":true,"href":"https:\/\/www.enerjigazetesi.ist\/en\/wp-json\/wp\/v2\/media\/174239"}],"wp:attachment":[{"href":"https:\/\/www.enerjigazetesi.ist\/en\/wp-json\/wp\/v2\/media?parent=174237"}],"wp:term":[{"taxonomy":"category","embeddable":true,"href":"https:\/\/www.enerjigazetesi.ist\/en\/wp-json\/wp\/v2\/categories?post=174237"},{"taxonomy":"post_tag","embeddable":true,"href":"https:\/\/www.enerjigazetesi.ist\/en\/wp-json\/wp\/v2\/tags?post=174237"}],"curies":[{"name":"wp","href":"https:\/\/api.w.org\/{rel}","templated":true}]}}