{"id":174154,"date":"2023-05-05T10:41:25","date_gmt":"2023-05-05T07:41:25","guid":{"rendered":"https:\/\/www.enerjigazetesi.ist\/?p=174154"},"modified":"2023-05-05T10:41:42","modified_gmt":"2023-05-05T07:41:42","slug":"coruh-edas-169-saha-calisanini-odullendirdi","status":"publish","type":"post","link":"https:\/\/www.enerjigazetesi.ist\/en\/coruh-edas-169-saha-calisanini-odullendirdi\/","title":{"rendered":"(Turkish) &#8217;\u00c7oruh EDA\u015e&#8217; 169 Saha \u00c7al\u0131\u015fan\u0131n\u0131 \u00d6d\u00fcllendirdi"},"content":{"rendered":"<p class=\"qtranxs-available-languages-message qtranxs-available-languages-message-en\">Sorry, this entry is only available in <a href=\"https:\/\/www.enerjigazetesi.ist\/tr\/wp-json\/wp\/v2\/posts\/174154\" class=\"qtranxs-available-language-link qtranxs-available-language-link-tr\" title=\"Turkish\">Turkish<\/a>. For the sake of viewer convenience, the content is shown below in the alternative language. You may click the link to switch the active language.<\/p><p><\/p>\n<h2><strong>Do\u011fu Karadeniz B\u00f6lgesi\u2019nde yakla\u015f\u0131k 1,5 milyon aboneye elektrik da\u011f\u0131t\u0131m hizmeti sunan \u00c7oruh Elektrik Da\u011f\u0131t\u0131m A.\u015e. (\u00c7oruh EDA\u015e), 2022 y\u0131l\u0131 boyunca \u00fcst\u00fcn performans ve ba\u015far\u0131 ortaya koyan saha \u00e7al\u0131\u015fanlar\u0131n\u0131 \u00f6d\u00fcllendirdi.<\/strong><\/h2>\n<p style=\"text-align: center;\"><img loading=\"lazy\" class=\"aligncenter wp-image-174156\" src=\"https:\/\/www.enerjigazetesi.ist\/wp-content\/uploads\/2023\/05\/coruh-edas-169-saha-calisanini-odullendirdi.jpg\" alt=\"\" width=\"500\" height=\"297\" srcset=\"https:\/\/www.enerjigazetesi.ist\/wp-content\/uploads\/2023\/05\/coruh-edas-169-saha-calisanini-odullendirdi.jpg 550w, https:\/\/www.enerjigazetesi.ist\/wp-content\/uploads\/2023\/05\/coruh-edas-169-saha-calisanini-odullendirdi-300x178.jpg 300w, https:\/\/www.enerjigazetesi.ist\/wp-content\/uploads\/2023\/05\/coruh-edas-169-saha-calisanini-odullendirdi-500x297.jpg 500w, https:\/\/www.enerjigazetesi.ist\/wp-content\/uploads\/2023\/05\/coruh-edas-169-saha-calisanini-odullendirdi-80x48.jpg 80w\" sizes=\"(max-width: 500px) 100vw, 500px\" \/><\/p>\n<p>Artvin, Giresun, G\u00fcm\u00fc\u015fhane, Rize ve Trabzon olarak 5 il 61 il\u00e7ede elektrik da\u011f\u0131t\u0131m hizmeti sunan \u00c7oruh Elektrik Da\u011f\u0131t\u0131m A.\u015e. (\u00c7oruh EDA\u015e), \u00e7al\u0131\u015fan odakl\u0131 yat\u0131r\u0131mlar\u0131na devam ediyor. \u015eirket taraf\u0131ndan d\u00fczenlenen 2022 Y\u0131l\u0131 Performans De\u011ferlendirme Toplant\u0131s\u0131\u2019na<em> Da\u011f\u0131t\u0131m Operasyonlar\u0131 Genel M\u00fcd\u00fcr\u00fc \u00d6mer Kandemir, Y\u00f6netim Kurulu \u00dcyeleri, \u015eirket M\u00fcd\u00fcr\u00fc Mehmet Ayd\u0131n ve b\u00f6lge y\u00f6neticileri<\/em> kat\u0131ld\u0131.<\/p>\n<h3><strong>\u201cKES\u0130NT\u0130S\u0130Z ENERJ\u0130 HEDEF\u0130YLE GECE G\u00dcND\u00dcZ \u00c7ALI\u015eAN SAHA EK\u0130PLER\u0130M\u0130ZLE GURUR DUYUYORUZ\u201d<\/strong><\/h3>\n<p>M\u00fc\u015fteri memnuniyetinde oldu\u011fu kadar \u00e7al\u0131\u015fan odakl\u0131 yat\u0131r\u0131mlar\u0131yla da fark yaratt\u0131klar\u0131n\u0131n alt\u0131n\u0131 \u00e7izen <strong>Da\u011f\u0131t\u0131m Operasyonlar\u0131 Genel M\u00fcd\u00fcr\u00fc \u00d6mer Kandemir<\/strong>, <em>\u201cHizmet alan\u0131m\u0131zda yer alan illerde kesintisiz enerji odakl\u0131 \u00e7al\u0131\u015fmalar\u0131m\u0131za ara vermeden devam ediyoruz. Bu \u00e7al\u0131\u015fmalar\u0131n b\u00f6lgelere ula\u015fmas\u0131n\u0131 sa\u011flayan saha \u00e7al\u0131\u015fanlar\u0131m\u0131za g\u00f6stermi\u015f olduklar\u0131 emekten \u00f6t\u00fcr\u00fc te\u015fekk\u00fcrlerimizi sunuyoruz. \u00c7al\u0131\u015fma arkada\u015flar\u0131m\u0131z\u0131n ortaya koydu\u011fu \u00f6zverili \u00e7al\u0131\u015fmalarla gurur duyuyoruz\u201d<\/em> dedi.<\/p>\n<p>\u00c7al\u0131\u015fanlar\u0131n sa\u011fl\u0131klar\u0131n\u0131n ve g\u00fcvenliklerinin \u00f6nde geldi\u011fini dile getiren <strong>Kandemir,<\/strong> <em>\u201c\u00c7al\u0131\u015fanlar\u0131m\u0131z i\u00e7in kendilerini geli\u015ftirebilecekleri uygun ko\u015fullar\u0131 sa\u011flamay\u0131 hedef edindik. \u015eirket olarak \u00f6zverili \u00e7al\u0131\u015fmalar\u0131 takdir etmek, ekip arkada\u015flar\u0131m\u0131z\u0131n fiziksel, sosyal ve duygusal motivasyonunu y\u00fcksek tutmak en b\u00fcy\u00fck \u00f6nceli\u011fimiz. Saha ekiplerimizin sundu\u011fu hizmetin kalitesi g\u00f6z \u00f6n\u00fcne al\u0131nd\u0131\u011f\u0131nda bu konuda ortaya koyduklar\u0131 ba\u015far\u0131ya hep birlikte tan\u0131k oluyoruz. \u00c7al\u0131\u015fmalar\u0131ndan ve \u00f6zverilerden dolay\u0131 b\u00fct\u00fcn \u00e7al\u0131\u015fanlar\u0131m\u0131za bir kez daha te\u015fekk\u00fcr ediyoruz\u201d<\/em> \u015feklinde konu\u015ftu.<\/p>","protected":false},"excerpt":{"rendered":"<p>Sorry, this entry is only available in Turkish. For the sake of viewer convenience, the content is shown below in the alternative language. You may click the link to switch the active language. Do\u011fu Karadeniz B\u00f6lgesi\u2019nde yakla\u015f\u0131k 1,5 milyon aboneye elektrik da\u011f\u0131t\u0131m hizmeti sunan \u00c7oruh Elektrik Da\u011f\u0131t\u0131m A.\u015e. (\u00c7oruh EDA\u015e), 2022 y\u0131l\u0131 boyunca \u00fcst\u00fcn performans [&hellip;]<\/p>\n","protected":false},"author":1,"featured_media":174156,"comment_status":"open","ping_status":"open","sticky":false,"template":"","format":"standard","meta":[],"categories":[51,53],"tags":[39601,97932,3879,4546,109200,52682],"views":41,"_links":{"self":[{"href":"https:\/\/www.enerjigazetesi.ist\/en\/wp-json\/wp\/v2\/posts\/174154"}],"collection":[{"href":"https:\/\/www.enerjigazetesi.ist\/en\/wp-json\/wp\/v2\/posts"}],"about":[{"href":"https:\/\/www.enerjigazetesi.ist\/en\/wp-json\/wp\/v2\/types\/post"}],"author":[{"embeddable":true,"href":"https:\/\/www.enerjigazetesi.ist\/en\/wp-json\/wp\/v2\/users\/1"}],"replies":[{"embeddable":true,"href":"https:\/\/www.enerjigazetesi.ist\/en\/wp-json\/wp\/v2\/comments?post=174154"}],"version-history":[{"count":0,"href":"https:\/\/www.enerjigazetesi.ist\/en\/wp-json\/wp\/v2\/posts\/174154\/revisions"}],"wp:featuredmedia":[{"embeddable":true,"href":"https:\/\/www.enerjigazetesi.ist\/en\/wp-json\/wp\/v2\/media\/174156"}],"wp:attachment":[{"href":"https:\/\/www.enerjigazetesi.ist\/en\/wp-json\/wp\/v2\/media?parent=174154"}],"wp:term":[{"taxonomy":"category","embeddable":true,"href":"https:\/\/www.enerjigazetesi.ist\/en\/wp-json\/wp\/v2\/categories?post=174154"},{"taxonomy":"post_tag","embeddable":true,"href":"https:\/\/www.enerjigazetesi.ist\/en\/wp-json\/wp\/v2\/tags?post=174154"}],"curies":[{"name":"wp","href":"https:\/\/api.w.org\/{rel}","templated":true}]}}