{"id":174100,"date":"2023-05-04T10:55:45","date_gmt":"2023-05-04T07:55:45","guid":{"rendered":"https:\/\/www.enerjigazetesi.ist\/?p=174100"},"modified":"2023-05-04T10:56:28","modified_gmt":"2023-05-04T07:56:28","slug":"mobil-oildan-kadinlarin-tedarik-zincirinde-guclenmesine-tam-destek","status":"publish","type":"post","link":"https:\/\/www.enerjigazetesi.ist\/en\/mobil-oildan-kadinlarin-tedarik-zincirinde-guclenmesine-tam-destek\/","title":{"rendered":"(Turkish) Mobil Oil&#8217;dan Kad\u0131nlar\u0131n Tedarik Zincirinde G\u00fc\u00e7lenmesine Tam Destek"},"content":{"rendered":"<p class=\"qtranxs-available-languages-message qtranxs-available-languages-message-en\">Sorry, this entry is only available in <a href=\"https:\/\/www.enerjigazetesi.ist\/tr\/wp-json\/wp\/v2\/posts\/174100\" class=\"qtranxs-available-language-link qtranxs-available-language-link-tr\" title=\"Turkish\">Turkish<\/a>. For the sake of viewer convenience, the content is shown below in the alternative language. You may click the link to switch the active language.<\/p><p><\/p>\n<h2><strong>Mobil Oil T\u00fcrk A\u015e\u2019nin deste\u011fiyle WEConnect International\u2019\u0131n hayata ge\u00e7irdi\u011fi \u201cSat\u0131n Almac\u0131yla Tan\u0131\u015fma Toplant\u0131s\u0131 \u2013 \u0130STANBUL ve \u00d6TES\u0130\u201d, bu y\u0131l 8\u2019inci kez d\u00fczenlenecek. 5 May\u0131s Cuma g\u00fcn\u00fc Renaissance \u0130stanbul Polat Bosphorus Hotel\u2019de ger\u00e7ekle\u015ftirilecek toplant\u0131 kapsam\u0131nda d\u00fcnya \u00e7ap\u0131nda ve T\u00fcrkiye\u2019de kad\u0131n sahipli\u011findeki i\u015fletmelerin desteklenmesi ve <em>\u201cKad\u0131n\u0131n tedarik zincirinde g\u00fc\u00e7lenmesi\u201d<\/em> ama\u00e7lan\u0131yor. <em>\u201cTedarikte \u00c7e\u015fitlilik\u201d<\/em> ilkesini benimseyen ve kendi tedarik zincirine kad\u0131n i\u015f sahiplerini katmay\u0131 hedefleyen bir\u00e7ok global ve lokal \u015firketin \u00fcst d\u00fczey y\u00f6neticileri bu etkinlikte bir araya gelecek.\u00a0 \u00dccretsiz olan etkinlik kapsam\u0131nda T\u00fcrkiye\u2019deki kad\u0131n i\u015f sahipleri, kurumsal network ile tan\u0131\u015farak, kurumsal tedarik zincirine girme f\u0131rsat\u0131 yakalayabilecek.<\/strong><\/h2>\n<p>Kad\u0131nlar\u0131n i\u015f hayat\u0131ndaki etkinli\u011finin ve pay\u0131n\u0131n art\u0131r\u0131lmas\u0131 i\u00e7in \u00f6nemli \u00e7al\u0131\u015fmalara imza atan Mobil Oil T\u00fcrk A\u015e, ger\u00e7ekle\u015ftirdi\u011fi i\u015f birlikleriyle de dikkat \u00e7ekiyor. Mobil Oil T\u00fcrk, <strong>T\u00fcrkiye\u2019de i\u015fletme sahibi olan kad\u0131nlar\u0131 desteklemek<\/strong> ve<strong> tedarik zincirinde daha g\u00fc\u00e7l\u00fc bir konuma<\/strong> ula\u015fmalar\u0131na yard\u0131mc\u0131 olmak i\u00e7in bir organizasyona daha imzas\u0131n\u0131 atmaya haz\u0131rlan\u0131yor. \u00d6nceki y\u0131llarda bir\u00e7ok ba\u015far\u0131 hikayesine arac\u0131 olan <strong>\u201cSat\u0131n Almac\u0131yla Tan\u0131\u015fma Toplant\u0131s\u0131 \u2013 \u0130STANBUL ve \u00d6TES\u0130\u201d<\/strong>, 5 May\u0131s Cuma g\u00fcn\u00fc <strong>Renaissance \u0130stanbul Polat Bosphorus Hotel\u2019de<\/strong> d\u00fczenlenecek.<\/p>\n<p style=\"text-align: center;\"><img loading=\"lazy\" class=\"aligncenter wp-image-174104\" src=\"https:\/\/www.enerjigazetesi.ist\/wp-content\/uploads\/2023\/05\/mobil-oildan-kadinlarin-tedarik-zincirinde-guclenmesine-tam-destek-1.jpg\" alt=\"\" width=\"500\" height=\"278\" srcset=\"https:\/\/www.enerjigazetesi.ist\/wp-content\/uploads\/2023\/05\/mobil-oildan-kadinlarin-tedarik-zincirinde-guclenmesine-tam-destek-1.jpg 550w, https:\/\/www.enerjigazetesi.ist\/wp-content\/uploads\/2023\/05\/mobil-oildan-kadinlarin-tedarik-zincirinde-guclenmesine-tam-destek-1-300x167.jpg 300w, https:\/\/www.enerjigazetesi.ist\/wp-content\/uploads\/2023\/05\/mobil-oildan-kadinlarin-tedarik-zincirinde-guclenmesine-tam-destek-1-500x278.jpg 500w, https:\/\/www.enerjigazetesi.ist\/wp-content\/uploads\/2023\/05\/mobil-oildan-kadinlarin-tedarik-zincirinde-guclenmesine-tam-destek-1-80x45.jpg 80w\" sizes=\"(max-width: 500px) 100vw, 500px\" \/><\/p>\n<h3><strong>Bu y\u0131l 8\u2019incisi d\u00fczenleniyor<\/strong><\/h3>\n<p>D\u00fcnyan\u0131n bir\u00e7ok \u00fclkesindeki kad\u0131n i\u015f sahiplerine, lokal ya da global kurumlar\u0131n tedarik zincirine dahil olmalar\u0131 i\u00e7in f\u0131rsatlar sunmay\u0131 ama\u00e7layan WEConnect International\u2019\u0131n bu y\u0131l 8\u2019incisini d\u00fczenledi\u011fi etkinli\u011fin sponsorlar\u0131 aras\u0131nda <strong>Mobil Oil T\u00fcrk A\u015e\u2019nin<\/strong> yan\u0131 s\u0131ra <strong>Renaissance \u0130stanbul Polat Bosphorus Hotel<\/strong> ve <strong>T\u00fcrk Ekonomi Bankas\u0131 (TEB)<\/strong> da bulunuyor. Etkinlik kapsam\u0131nda d\u00fcnya \u00e7ap\u0131nda ve <strong>T\u00fcrkiye\u2019de kad\u0131n sahipli\u011findeki i\u015fletmelerin desteklenmesi<\/strong> ve \u201cKad\u0131n\u0131n tedarik zincirinde g\u00fc\u00e7lenmesi\u201d ama\u00e7lan\u0131yor. <strong>\u201cTedarikte \u00c7e\u015fitlilik\u201d<\/strong> ilkesini benimseyen ve kendi tedarik zincirine kad\u0131n i\u015f sahiplerini katmay\u0131 hedefleyen bir\u00e7ok global ve lokal \u015firketin \u00fcst d\u00fczey y\u00f6neticileri bu etkinlikte bir araya gelecek. Organizasyon kapsam\u0131nda d\u00fczenlenecek oturumlarda kad\u0131n i\u015f sahipleri, \u00fcr\u00fcn ve hizmetlerini kurumsal \u015firketlerin sat\u0131n alma y\u00f6neticilerine sunma ve bu sayede sat\u0131\u015f yapma f\u0131rsat\u0131 yakalayacaklar. Kad\u0131nlara ait i\u015fletmelere tedarik zincirindeki f\u0131rsatlar i\u00e7in rekabet etme imk\u00e2n\u0131 sa\u011fland\u0131\u011f\u0131nda ve b\u00fcy\u00fcmelerine yat\u0131r\u0131m yap\u0131ld\u0131\u011f\u0131nda, yaln\u0131zca iyi ve yarat\u0131c\u0131 tedarik\u00e7iler ortaya \u00e7\u0131kmakla kalm\u0131yor, ayn\u0131 zamanda s\u00fcrd\u00fcr\u00fclebilir ve kapsay\u0131c\u0131 bir b\u00fcy\u00fcme de h\u0131z kazanm\u0131\u015f oluyor.<\/p>\n<h3><strong>Kurumsal tedarik zincirine girme f\u0131rsat\u0131 sunuyor<\/strong><\/h3>\n<p><strong>WEConnect International\u2019a<\/strong> \u00fcye olarak kay\u0131t yapt\u0131ran T\u00fcrkiye\u2019deki kad\u0131n i\u015f sahipleri, bu etkinli\u011fe \u00fccretsiz olarak kat\u0131labilece\u011fi gibi <strong>kurumsal network<\/strong> ile tan\u0131\u015farak,<strong> kurumsal tedarik zincirine<\/strong> girme f\u0131rsat\u0131 yakalayabilecek.<\/p>\n<p>WEConnect International, 2009\u2019dan beri d\u00fcnyada, 2013\u2019ten beri T\u00fcrkiye\u2019de faaliyet g\u00f6stermekte olan, d\u00fcnyan\u0131n<strong> 140\u2019tan fazla \u00fclkesindeki<\/strong> kad\u0131n i\u015f sahiplerini global \u015firketlerin ve kurumlar\u0131n tedarik zincirine dahil etme hedefi ile \u00e7al\u0131\u015fan <strong>k\u00e2r amac\u0131 g\u00fctmeyen<\/strong> bir kurulu\u015ftur. WECommunity platformunda yer alan <strong>17 binden fazla<\/strong> kay\u0131tl\u0131 kad\u0131n giri\u015fimci, <strong>180\u2019den fazla<\/strong> kurumsal \u00fcyeye ula\u015farak global pazarlara a\u00e7\u0131lma \u015fans\u0131 elde ediyor.<\/p>","protected":false},"excerpt":{"rendered":"<p>Sorry, this entry is only available in Turkish. For the sake of viewer convenience, the content is shown below in the alternative language. You may click the link to switch the active language. Mobil Oil T\u00fcrk A\u015e\u2019nin deste\u011fiyle WEConnect International\u2019\u0131n hayata ge\u00e7irdi\u011fi \u201cSat\u0131n Almac\u0131yla Tan\u0131\u015fma Toplant\u0131s\u0131 \u2013 \u0130STANBUL ve \u00d6TES\u0130\u201d, bu y\u0131l 8\u2019inci kez d\u00fczenlenecek. [&hellip;]<\/p>\n","protected":false},"author":1,"featured_media":174103,"comment_status":"open","ping_status":"open","sticky":false,"template":"","format":"standard","meta":[],"categories":[53,44],"tags":[109184,37513,108897,109183,86219,109182,80176],"views":16,"_links":{"self":[{"href":"https:\/\/www.enerjigazetesi.ist\/en\/wp-json\/wp\/v2\/posts\/174100"}],"collection":[{"href":"https:\/\/www.enerjigazetesi.ist\/en\/wp-json\/wp\/v2\/posts"}],"about":[{"href":"https:\/\/www.enerjigazetesi.ist\/en\/wp-json\/wp\/v2\/types\/post"}],"author":[{"embeddable":true,"href":"https:\/\/www.enerjigazetesi.ist\/en\/wp-json\/wp\/v2\/users\/1"}],"replies":[{"embeddable":true,"href":"https:\/\/www.enerjigazetesi.ist\/en\/wp-json\/wp\/v2\/comments?post=174100"}],"version-history":[{"count":0,"href":"https:\/\/www.enerjigazetesi.ist\/en\/wp-json\/wp\/v2\/posts\/174100\/revisions"}],"wp:featuredmedia":[{"embeddable":true,"href":"https:\/\/www.enerjigazetesi.ist\/en\/wp-json\/wp\/v2\/media\/174103"}],"wp:attachment":[{"href":"https:\/\/www.enerjigazetesi.ist\/en\/wp-json\/wp\/v2\/media?parent=174100"}],"wp:term":[{"taxonomy":"category","embeddable":true,"href":"https:\/\/www.enerjigazetesi.ist\/en\/wp-json\/wp\/v2\/categories?post=174100"},{"taxonomy":"post_tag","embeddable":true,"href":"https:\/\/www.enerjigazetesi.ist\/en\/wp-json\/wp\/v2\/tags?post=174100"}],"curies":[{"name":"wp","href":"https:\/\/api.w.org\/{rel}","templated":true}]}}