{"id":174033,"date":"2023-05-03T10:43:26","date_gmt":"2023-05-03T07:43:26","guid":{"rendered":"https:\/\/www.enerjigazetesi.ist\/?p=174033"},"modified":"2023-05-03T10:43:26","modified_gmt":"2023-05-03T07:43:26","slug":"aksa-elektrik-coruh-firat-bolgelerindeki-elektrik-tuketim-oranlarini-acikladi-2","status":"publish","type":"post","link":"https:\/\/www.enerjigazetesi.ist\/en\/aksa-elektrik-coruh-firat-bolgelerindeki-elektrik-tuketim-oranlarini-acikladi-2\/","title":{"rendered":"(Turkish) &#8217;Aksa Elektrik&#8217; \u00c7oruh-F\u0131rat B\u00f6lgelerindeki Elektrik T\u00fcketim Oranlar\u0131n\u0131 A\u00e7\u0131klad\u0131"},"content":{"rendered":"<p class=\"qtranxs-available-languages-message qtranxs-available-languages-message-en\">Sorry, this entry is only available in <a href=\"https:\/\/www.enerjigazetesi.ist\/tr\/wp-json\/wp\/v2\/posts\/174033\" class=\"qtranxs-available-language-link qtranxs-available-language-link-tr\" title=\"Turkish\">Turkish<\/a>. For the sake of viewer convenience, the content is shown below in the alternative language. You may click the link to switch the active language.<\/p><p><\/p>\n<h2>\u00c7oruh ve F\u0131rat b\u00f6lgelerindeki 9 ilde elektrik tedarik hizmeti sunan Aksa Elektrik, 2023 y\u0131l\u0131n\u0131n Ocak, \u015eubat ve Mart aylar\u0131na ait t\u00fcketim oranlar\u0131n\u0131 a\u00e7\u0131klad\u0131.<\/h2>\n<p><strong>Artvin, Giresun, G\u00fcm\u00fc\u015fhane, Rize ve Trabzon<\/strong>\u00a0illerinin ba\u011fl\u0131 bulundu\u011fu <strong>\u00c7oruh b\u00f6lgesinde<\/strong>, toplam elektrik t\u00fcketiminde (mesken, sanayi ve ticarethane) bir \u00f6nceki y\u0131l\u0131n ilk \u00e7eyre\u011fine k\u0131yasla yakla\u015f\u0131k y\u00fczde\u00a0<strong>7\u00a0<\/strong>oran\u0131nda art\u0131\u015f g\u00f6r\u00fcld\u00fc.\u00a0<strong>Malatya, Elaz\u0131\u011f, Tunceli ve Bing\u00f6l<\/strong>\u00a0illerinin yer ald\u0131\u011f\u0131 F\u0131rat <img loading=\"lazy\" class=\"alignright wp-image-174036\" src=\"https:\/\/www.enerjigazetesi.ist\/wp-content\/uploads\/2023\/05\/thumbs_b_c_6bad8d9b0091535f6fde7287be510eda.jpg\" alt=\"\" width=\"320\" height=\"180\" srcset=\"https:\/\/www.enerjigazetesi.ist\/wp-content\/uploads\/2023\/05\/thumbs_b_c_6bad8d9b0091535f6fde7287be510eda.jpg 863w, https:\/\/www.enerjigazetesi.ist\/wp-content\/uploads\/2023\/05\/thumbs_b_c_6bad8d9b0091535f6fde7287be510eda-300x169.jpg 300w, https:\/\/www.enerjigazetesi.ist\/wp-content\/uploads\/2023\/05\/thumbs_b_c_6bad8d9b0091535f6fde7287be510eda-768x433.jpg 768w, https:\/\/www.enerjigazetesi.ist\/wp-content\/uploads\/2023\/05\/thumbs_b_c_6bad8d9b0091535f6fde7287be510eda-500x282.jpg 500w, https:\/\/www.enerjigazetesi.ist\/wp-content\/uploads\/2023\/05\/thumbs_b_c_6bad8d9b0091535f6fde7287be510eda-80x45.jpg 80w\" sizes=\"(max-width: 320px) 100vw, 320px\" \/>b\u00f6lgesinin toplam elektrik t\u00fcketiminde ise deprem felaketinin de etkisiyle <strong>y\u00fczde\u00a04\u00a0<\/strong>oran\u0131nda azalma g\u00f6r\u00fcld\u00fc.<\/p>\n<h3><strong>F\u0131rat ve \u00c7oruh b\u00f6lgelerinde Malatya d\u0131\u015f\u0131nda b\u00fct\u00fcn illerde elektrik t\u00fcketimi artt\u0131<\/strong><\/h3>\n<p>\u00c7oruh-F\u0131rat b\u00f6lgesinde <strong>mesken, sanayi ve ticarethane gruplar\u0131ndan<\/strong> toplam elektrik t\u00fcketimine bak\u0131ld\u0131\u011f\u0131nda G\u00fcm\u00fc\u015fhane\u2019de ge\u00e7en y\u0131l\u0131n ayn\u0131 d\u00f6nemine g\u00f6re y\u00fczde\u00a0<strong>45\u00a0<\/strong>art\u0131\u015f g\u00f6r\u00fcl\u00fcrken, deprem felaketinden etkilenen ilimiz Malatya\u2019da ise y\u00fczde\u00a0<strong>22<\/strong> oran\u0131nda d\u00fc\u015f\u00fc\u015f g\u00f6r\u00fcld\u00fc.<\/p>\n<p><strong>F\u0131rat b\u00f6lgesinde<\/strong> yer alan di\u011fer illerin toplam elektrik t\u00fcketimine bak\u0131ld\u0131\u011f\u0131nda, y\u00fczde\u00a0<strong>18<\/strong>\u00a0oran\u0131nda Bing\u00f6l\u2019de, Tunceli\u2019de y\u00fczde\u00a0<strong>20<\/strong>, Elaz\u0131\u011f\u2019da y\u00fczde\u00a0<strong>8\u00a0<\/strong>oran\u0131nda art\u0131\u015f g\u00f6r\u00fcld\u00fc.<\/p>\n<p><strong>\u00c7oruh b\u00f6lgesinde<\/strong> ise Artvin\u2019de y\u00fczde\u00a0<strong>2<\/strong>, Trabzon\u2019da y\u00fczde\u00a0<strong>3<\/strong>, Giresun\u2019da y\u00fczde\u00a0<strong>8<\/strong>\u00a0ve Rize\u2019de y\u00fczde\u00a0<strong>10<\/strong>\u00a0oran\u0131nda art\u0131\u015f ger\u00e7ekle\u015fti.<\/p>\n<h3><strong>Sanayi ve ticarethane grubunun toplam elektrik t\u00fcketimi artt\u0131<\/strong><\/h3>\n<p>\u0130ki b\u00f6lgedeki illerde abone gruplar\u0131 dahil edilerek bak\u0131ld\u0131\u011f\u0131nda, y\u0131l\u0131n ilk \u00e7eyre\u011finde, bir \u00f6nceki y\u0131l\u0131n ayn\u0131 d\u00f6nemine g\u00f6re, sanayi ve ticarethane toplam t\u00fcketiminde art\u0131\u015f g\u00f6r\u00fcld\u00fc. F\u0131rat b\u00f6lgesinde art\u0131\u015f oran\u0131 y\u00fczde\u00a0<strong>14<\/strong>\u00a0olarak g\u00f6r\u00fcl\u00fcrken, \u00c7oruh b\u00f6lgesine ise yakla\u015f\u0131k y\u00fczde\u00a0<strong>12<\/strong>\u00a0oran\u0131nda art\u0131\u015f kaydedildi.<\/p>\n<p>Sanayi ve Ticarethane toplam t\u00fcketim oranlar\u0131nda en y\u00fcksek t\u00fcketim \u00c7oruh b\u00f6lgesinde y\u00fczde\u00a0<strong>92<\/strong>\u00a0ile G\u00fcm\u00fc\u015fhane\u2019de g\u00f6r\u00fcl\u00fcrken, F\u0131rat b\u00f6lgesinde de y\u00fczde\u00a0<strong>37<\/strong>\u00a0ile Tunceli\u2019de g\u00f6r\u00fcld\u00fc.<\/p>\n<h3><strong>Mesken baz\u0131nda elektrik t\u00fcketiminde Tunceli\u2019de bir \u00f6nceki y\u0131l ile neredeyse ayn\u0131 oranda t\u00fcketim g\u00f6r\u00fcld\u00fc<\/strong><\/h3>\n<p>2023 y\u0131l\u0131n\u0131n ilk \u00e7eyre\u011finde bir \u00f6nceki y\u0131l\u0131n ayn\u0131 d\u00f6nemine k\u0131yasla F\u0131rat b\u00f6lgesindeki meskenlerde toplam elektrik t\u00fcketimi deprem sebebiyle yakla\u015f\u0131k y\u00fczde\u00a0<strong>22<\/strong>\u00a0oran\u0131nda azal\u0131rken, \u00c7oruh b\u00f6lgesinde ise bu oranda yakla\u015f\u0131k y\u00fczde\u00a0<strong>4\u00a0<\/strong>art\u0131\u015f oldu\u011fu g\u00f6zlendi.<\/p>\n<p>\u00c7oruh b\u00f6lgesinde; Artvin\u2019de y\u00fczde\u00a0<strong>7<\/strong>, Giresun\u2019da\u00a0<strong>4<\/strong>, G\u00fcm\u00fc\u015fhane\u2019de y\u00fczde\u00a0<strong>1<\/strong>, Rize\u2019de\u00a0<strong>6<\/strong>\u00a0ve Trabzon\u2019da\u00a0<strong>2<\/strong>\u00a0oran\u0131nda art\u0131\u015f kaydedildi. F\u0131rat b\u00f6lgesinde ise en \u00e7ok art\u0131\u015f y\u00fczde\u00a0<strong>12<\/strong>\u00a0ile Elaz\u0131\u011f\u2019da kaydedilirken Bing\u00f6l\u2019de de y\u00fczde\u00a0<strong>5\u00a0<\/strong>oran\u0131nda art\u0131\u015f g\u00f6r\u00fcld\u00fc. Tunceli\u2019de ise bir \u00f6nceki y\u0131l\u0131n ayn\u0131 d\u00f6nemi ile neredeyse ayn\u0131 oranda t\u00fcketim kaydedildi\u011fi g\u00f6zlemlendi.<\/p>","protected":false},"excerpt":{"rendered":"<p>Sorry, this entry is only available in Turkish. For the sake of viewer convenience, the content is shown below in the alternative language. You may click the link to switch the active language. \u00c7oruh ve F\u0131rat b\u00f6lgelerindeki 9 ilde elektrik tedarik hizmeti sunan Aksa Elektrik, 2023 y\u0131l\u0131n\u0131n Ocak, \u015eubat ve Mart aylar\u0131na ait t\u00fcketim oranlar\u0131n\u0131 [&hellip;]<\/p>\n","protected":false},"author":1,"featured_media":174036,"comment_status":"open","ping_status":"open","sticky":false,"template":"","format":"standard","meta":[],"categories":[51,53],"tags":[24146,68547,26353,85452,4653,109158],"views":32,"_links":{"self":[{"href":"https:\/\/www.enerjigazetesi.ist\/en\/wp-json\/wp\/v2\/posts\/174033"}],"collection":[{"href":"https:\/\/www.enerjigazetesi.ist\/en\/wp-json\/wp\/v2\/posts"}],"about":[{"href":"https:\/\/www.enerjigazetesi.ist\/en\/wp-json\/wp\/v2\/types\/post"}],"author":[{"embeddable":true,"href":"https:\/\/www.enerjigazetesi.ist\/en\/wp-json\/wp\/v2\/users\/1"}],"replies":[{"embeddable":true,"href":"https:\/\/www.enerjigazetesi.ist\/en\/wp-json\/wp\/v2\/comments?post=174033"}],"version-history":[{"count":0,"href":"https:\/\/www.enerjigazetesi.ist\/en\/wp-json\/wp\/v2\/posts\/174033\/revisions"}],"wp:featuredmedia":[{"embeddable":true,"href":"https:\/\/www.enerjigazetesi.ist\/en\/wp-json\/wp\/v2\/media\/174036"}],"wp:attachment":[{"href":"https:\/\/www.enerjigazetesi.ist\/en\/wp-json\/wp\/v2\/media?parent=174033"}],"wp:term":[{"taxonomy":"category","embeddable":true,"href":"https:\/\/www.enerjigazetesi.ist\/en\/wp-json\/wp\/v2\/categories?post=174033"},{"taxonomy":"post_tag","embeddable":true,"href":"https:\/\/www.enerjigazetesi.ist\/en\/wp-json\/wp\/v2\/tags?post=174033"}],"curies":[{"name":"wp","href":"https:\/\/api.w.org\/{rel}","templated":true}]}}