{"id":17399,"date":"2013-11-08T18:18:33","date_gmt":"2013-11-08T15:18:33","guid":{"rendered":"https:\/\/www.enerjigazetesi.ist\/?p=17399"},"modified":"2013-11-08T18:19:43","modified_gmt":"2013-11-08T15:19:43","slug":"bakan-yildiz-elektrikte-avrupaya-girdigimiz-ilerleme-raporuyla-teyit-edildi","status":"publish","type":"post","link":"https:\/\/www.enerjigazetesi.ist\/en\/bakan-yildiz-elektrikte-avrupaya-girdigimiz-ilerleme-raporuyla-teyit-edildi\/","title":{"rendered":"(Turkish) Bakan Y\u0131ld\u0131z: Elektrikte Avrupa\u2019ya Girdi\u011fimizin \u0130lerleme Raporuyla Teyidi!"},"content":{"rendered":"<p class=\"qtranxs-available-languages-message qtranxs-available-languages-message-en\">Sorry, this entry is only available in <a href=\"https:\/\/www.enerjigazetesi.ist\/tr\/wp-json\/wp\/v2\/posts\/17399\" class=\"qtranxs-available-language-link qtranxs-available-language-link-tr\" title=\"Turkish\">Turkish<\/a>. For the sake of viewer convenience, the content is shown below in the alternative language. You may click the link to switch the active language.<\/p><p><strong>Enerji ve Tabii Kaynaklar Bakan\u0131 Taner Y\u0131ld\u0131z, elektrik alan\u0131nda Avrupa\u2019ya girildi\u011finin \u0130lerleme Raporu\u2019nda teyit edildi\u011fini s\u00f6yledi. Enerji ve Tabii Kaynaklar Bakan\u0131 Taner Y\u0131ld\u0131z, \u201cTE\u0130A\u015e\u2019\u0131n ENTSO-E ile senkron paralel i\u015fletme \u00e7al\u0131\u015fmalar\u0131 ve elektrik piyasas\u0131ndaki ileri d\u00fczeyde uyum g\u00f6z \u00f6n\u00fcnde bulunduruldu\u011funda elektrik alan\u0131nda Avrupa\u2019ya girdi\u011fimiz \u0130lerleme Raporu\u2019nda teyit edilmektedir\u201d ifadesini kulland\u0131.<\/strong><\/p>\n<p>Y\u0131ld\u0131z, 2013 y\u0131l\u0131 AB T\u00fcrkiye \u0130lerleme Raporu\u2019nun enerji fasl\u0131 k\u0131sm\u0131n\u0131 yapt\u0131\u011f\u0131 yaz\u0131l\u0131 a\u00e7\u0131klamayla de\u011ferlendirdi.<\/p>\n<p>Avrupa Birli\u011fi\u2019nin yay\u0131nlad\u0131\u011f\u0131 2013 \u0130lerleme Raporunda genel olarak T\u00fcrkiye\u2019nin enerji alan\u0131nda AB ile gayet ileri d\u00fczeyde uyumlu oldu\u011funun ifade edildi\u011fini aktaran Y\u0131ld\u0131z, Bakanl\u0131\u011f\u0131n enerji alan\u0131nda ger\u00e7ekle\u015ftirdi\u011fi yo\u011fun \u00e7al\u0131\u015fmalar\u0131n sonu\u00e7lar\u0131n\u0131n bununla teyit edildi\u011fini vurgulad\u0131.<\/p>\n<p>Y\u0131ld\u0131z, \u00f6zellikle arz g\u00fcvenli\u011fi noktas\u0131nda TANAP Projesi\u2019nin Evsahibi H\u00fck\u00fcmet Anla\u015fmas\u0131\u2019n\u0131n Bakanlar Kurulunca onaylanmas\u0131na, \u00f6nceki yasama y\u0131l\u0131nda kanunla\u015fan T\u00fcrk Petrol Kanunu\u2019na ve Avrupa ile elektrik \u015febekesinin ba\u011flanmas\u0131 anlam\u0131na gelen ENTSO-E i\u015fletmesinde son faza ge\u00e7ilmesine \u00f6zellikle vurgu yap\u0131ld\u0131\u011f\u0131n\u0131, ayr\u0131ca G\u00fcrcistan ile asenkron elektrik ba\u011flant\u0131s\u0131 in\u015fas\u0131nda ileri d\u00fczeyde ilerleme sa\u011fland\u0131\u011f\u0131n\u0131n da belirtildi\u011fini anlatt\u0131.<a href=\"https:\/\/www.enerjigazetesi.ist\/wp-content\/uploads\/2013\/09\/bakan-yildiz-abde-en-ucuz-gazi-alan-ulke-degiliz-ama-en-ucuz-sataniyiz.jpg\"><img loading=\"lazy\" class=\"alignright size-medium wp-image-15175\" title=\"bakan-yildiz\" src=\"https:\/\/www.enerjigazetesi.ist\/wp-content\/uploads\/2013\/09\/bakan-yildiz-abde-en-ucuz-gazi-alan-ulke-degiliz-ama-en-ucuz-sataniyiz-300x206.jpg\" alt=\"\" width=\"300\" height=\"206\" srcset=\"https:\/\/www.enerjigazetesi.ist\/wp-content\/uploads\/2013\/09\/bakan-yildiz-abde-en-ucuz-gazi-alan-ulke-degiliz-ama-en-ucuz-sataniyiz-300x206.jpg 300w, https:\/\/www.enerjigazetesi.ist\/wp-content\/uploads\/2013\/09\/bakan-yildiz-abde-en-ucuz-gazi-alan-ulke-degiliz-ama-en-ucuz-sataniyiz-72x50.jpg 72w, https:\/\/www.enerjigazetesi.ist\/wp-content\/uploads\/2013\/09\/bakan-yildiz-abde-en-ucuz-gazi-alan-ulke-degiliz-ama-en-ucuz-sataniyiz.jpg 496w\" sizes=\"(max-width: 300px) 100vw, 300px\" \/><\/a><\/p>\n<p>Elektrik piyasas\u0131nda, Mart 2013\u2032te kabul edilen yeni Elektrik Piyasas\u0131 Kanunu ile rekabet g\u00fcc\u00fcn\u00fcn daha y\u00fcksek ve AB\u2019nin 3. Enerji Paketi drektifleriyle daha uyumlu bir i\u00e7 elektrik pazar\u0131 tesis edildi\u011fine i\u015faret eden Y\u0131ld\u0131z, \u015funlar\u0131 kaydetti:<\/p>\n<p>\u201cRaporda da elektrik piyasas\u0131 alan\u0131nda uyumun tatmin edici d\u00fczeye ula\u015ft\u0131\u011f\u0131 belirtilmektedir. Bakanl\u0131k olarak elektri\u011fin toptan sat\u0131\u015f\u0131n\u0131n organizasyonu ve mali uzla\u015ft\u0131rmay\u0131 sa\u011flamak amac\u0131yla EP\u0130A\u015e\u2019\u0131 kurduk. Elektri\u011fin da\u011f\u0131t\u0131m ve perakende faaliyetlerinin ayr\u0131\u015ft\u0131r\u0131lmas\u0131, serbest t\u00fcketici limitinin pazar\u0131n y\u00fczde 85 oran\u0131nda teorik a\u00e7\u0131l\u0131\u015f\u0131na izin verecek d\u00fczeye indirilmesi, elektrik da\u011f\u0131t\u0131m \u00f6zelle\u015ftirmeleri elektrik piyasas\u0131nda ger\u00e7ekle\u015fen di\u011fer ilerlemelerdir. TE\u0130A\u015e\u2019\u0131n, ENTSO-E ile senkron paralel i\u015fletme \u00e7al\u0131\u015fmalar\u0131 ve elektrik piyasas\u0131ndaki ileri d\u00fczeyde uyum g\u00f6z \u00f6n\u00fcnde bulunduruldu\u011funda elektrik alan\u0131nda Avrupa\u2019ya girdi\u011fimiz \u0130lerleme Raporu\u2019nda teyit edilmektedir.\u201d<\/p>\n<h2>\u201c\u0130leri uyum d\u00fczeyinin bir benzeri do\u011fal gazda da temin edilecek\u201d<\/h2>\n<p>Bakan Y\u0131ld\u0131z, elektrik piyasas\u0131nda ger\u00e7ekle\u015ftirilen hukuki altyap\u0131 ve d\u00fczenlemelerle sa\u011flanan ileri uyum d\u00fczeyinin bir benzerinin Do\u011falgaz Piyasas\u0131 Kanunu \u00e7al\u0131\u015fmalar\u0131n\u0131n tamamlanmas\u0131 ile bu sekt\u00f6rde de temin edilece\u011fine dikkati \u00e7ekti.<\/p>\n<p>Yenilenebilir enerji alan\u0131nda da bir\u00e7ok ilerleme sa\u011fland\u0131\u011f\u0131n\u0131 ifade eden Y\u0131ld\u0131z, lisanss\u0131z elektrik \u00fcretimi i\u00e7in \u00fcst s\u0131n\u0131r\u0131n 1 megavata y\u00fckseltildi\u011fini, r\u00fczgar ve g\u00fcne\u015f enerjisi \u00f6l\u00e7\u00fcm standartlar\u0131n\u0131n revize edildi\u011fini, 2012 sonunda elektri\u011fin y\u00fczde 27\u2032sinin yenilenebilir enerjiden \u00fcretildi\u011fini anlatt\u0131.<\/p>\n<p>T\u00fcrkiye\u2019de elektrik \u00fcretiminde yenilenebilir enerjinin pay\u0131 g\u00f6z \u00f6n\u00fcne al\u0131nd\u0131\u011f\u0131nda AB ortalamas\u0131n\u0131n da \u00fcst\u00fcnde oldu\u011funu belirten Y\u0131ld\u0131z, \u015f\u00f6yle devam etti: \u201c\u015eu anda Avrupa Parlamentosu\u2019nun AB\u2019ye a\u00e7\u0131lmas\u0131n\u0131 tavsiye etti\u011fi 4 fas\u0131ldan biri enerji fasl\u0131d\u0131r. T\u00fcrkiye\u2019nin teknik olarak enerji fasl\u0131n\u0131n a\u00e7\u0131lmas\u0131na haz\u0131r oldu\u011funu AB de bilmektedir. Bundan sonra enerji fasl\u0131n\u0131n a\u00e7\u0131lmamas\u0131 y\u00f6n\u00fcnde al\u0131nacak bir karar, mutlaka siyasi bir karar olacakt\u0131r.<\/p>\n<p>T\u00fcrkiye uluslararas\u0131 enerji projeleri ile kendi enerji arz g\u00fcvenli\u011finin yan\u0131 s\u0131ra bir yandan ihracat\u00e7\u0131 \u00fclkelerin pazar ve g\u00fczergahlar\u0131n \u00e7e\u015fitlili\u011fini art\u0131r\u0131rken; di\u011fer yandan ithalat\u00e7\u0131 \u00fclkeler i\u00e7in de kaynak \u00e7e\u015fitlendirmesine yap\u0131c\u0131 katk\u0131 sa\u011flamaktad\u0131r. Burada as\u0131l \u00f6nemli olan, T\u00fcrkiye\u2019nin geli\u015ftirdi\u011fi projelerle Avrupa Birli\u011fi\u2019nin katk\u0131s\u0131 olmadan Avrupa\u2019n\u0131n enerji arz g\u00fcvenli\u011fine katk\u0131 sunma \u00e7abas\u0131d\u0131r. Geli\u015ftirdi\u011fimiz uluslararas\u0131 projeler, asl\u0131nda T\u00fcrkiye\u2019nin AB\u2019ye girmesini sa\u011flayacak projeler de\u011fil, AB\u2019yi T\u00fcrkiye\u2019ye bor\u00e7lu \u00e7\u0131karacak projelerdir.\u201d<\/p>\n<p>Kaynak: <a href=\"http:\/\/enerjienstitusu.com\/2013\/11\/08\/bakan-yildiz-elektrikte-avrupaya-girdigimiz-ilerleme-raporuyla-teyit-edildi\/\" target=\"_blank\">Enerji Enstit\u00fcs\u00fc<\/a><\/p>","protected":false},"excerpt":{"rendered":"<p>Sorry, this entry is only available in Turkish. For the sake of viewer convenience, the content is shown below in the alternative language. You may click the link to switch the active language.Enerji ve Tabii Kaynaklar Bakan\u0131 Taner Y\u0131ld\u0131z, elektrik alan\u0131nda Avrupa\u2019ya girildi\u011finin \u0130lerleme Raporu\u2019nda teyit edildi\u011fini s\u00f6yledi. Enerji ve Tabii Kaynaklar Bakan\u0131 Taner Y\u0131ld\u0131z, [&hellip;]<\/p>\n","protected":false},"author":1,"featured_media":15175,"comment_status":"open","ping_status":"open","sticky":false,"template":"","format":"standard","meta":[],"categories":[51,53],"tags":[1364,10232,710,68,61,10234,19,63,67,1009,1306,165,3502,667,10233],"views":555,"_links":{"self":[{"href":"https:\/\/www.enerjigazetesi.ist\/en\/wp-json\/wp\/v2\/posts\/17399"}],"collection":[{"href":"https:\/\/www.enerjigazetesi.ist\/en\/wp-json\/wp\/v2\/posts"}],"about":[{"href":"https:\/\/www.enerjigazetesi.ist\/en\/wp-json\/wp\/v2\/types\/post"}],"author":[{"embeddable":true,"href":"https:\/\/www.enerjigazetesi.ist\/en\/wp-json\/wp\/v2\/users\/1"}],"replies":[{"embeddable":true,"href":"https:\/\/www.enerjigazetesi.ist\/en\/wp-json\/wp\/v2\/comments?post=17399"}],"version-history":[{"count":4,"href":"https:\/\/www.enerjigazetesi.ist\/en\/wp-json\/wp\/v2\/posts\/17399\/revisions"}],"predecessor-version":[{"id":17403,"href":"https:\/\/www.enerjigazetesi.ist\/en\/wp-json\/wp\/v2\/posts\/17399\/revisions\/17403"}],"wp:featuredmedia":[{"embeddable":true,"href":"https:\/\/www.enerjigazetesi.ist\/en\/wp-json\/wp\/v2\/media\/15175"}],"wp:attachment":[{"href":"https:\/\/www.enerjigazetesi.ist\/en\/wp-json\/wp\/v2\/media?parent=17399"}],"wp:term":[{"taxonomy":"category","embeddable":true,"href":"https:\/\/www.enerjigazetesi.ist\/en\/wp-json\/wp\/v2\/categories?post=17399"},{"taxonomy":"post_tag","embeddable":true,"href":"https:\/\/www.enerjigazetesi.ist\/en\/wp-json\/wp\/v2\/tags?post=17399"}],"curies":[{"name":"wp","href":"https:\/\/api.w.org\/{rel}","templated":true}]}}