{"id":173922,"date":"2023-05-01T16:56:45","date_gmt":"2023-05-01T13:56:45","guid":{"rendered":"https:\/\/www.enerjigazetesi.ist\/?p=173922"},"modified":"2023-05-01T16:56:45","modified_gmt":"2023-05-01T13:56:45","slug":"dogal-gaz-tuketiminin-tamami-bir-ay-sureyle-ucretsiz","status":"publish","type":"post","link":"https:\/\/www.enerjigazetesi.ist\/en\/dogal-gaz-tuketiminin-tamami-bir-ay-sureyle-ucretsiz\/","title":{"rendered":"(Turkish) \u201cDo\u011fal Gaz T\u00fcketiminin Tamam\u0131 Bir Ay S\u00fcreyle \u00dccretsiz\u201d"},"content":{"rendered":"<p class=\"qtranxs-available-languages-message qtranxs-available-languages-message-en\">Sorry, this entry is only available in <a href=\"https:\/\/www.enerjigazetesi.ist\/tr\/wp-json\/wp\/v2\/posts\/173922\" class=\"qtranxs-available-language-link qtranxs-available-language-link-tr\" title=\"Turkish\">Turkish<\/a>. For the sake of viewer convenience, the content is shown below in the alternative language. You may click the link to switch the active language.<\/p><p><\/p>\n<h2>Cumhurba\u015fkan\u0131 Recep Tayyip Erdo\u011fan T\u00fcrkiye Petrolleri Liman\u0131&#8217;ndaki Karadeniz Do\u011fal Gaz\u0131 Devreye Alma T\u00f6reni&#8217;nde yapt\u0131\u011f\u0131 konu\u015fmada, ge\u00e7en sene salg\u0131n ve k\u00fcresel kriz sebebiyle artan enerji fiyatlar\u0131n\u0131n olumsuz etkilerini hafifletmek i\u00e7in do\u011fal gazda y\u00fczde 75 indirim uygulad\u0131klar\u0131n\u0131 s\u00f6yledi. Milletin \u00f6demesi gereken her 100 TL\u2019lik do\u011fal gaz faturas\u0131n\u0131n 75 TL\u2019sini devlet olarak \u00fcstlendiklerini kaydeden Erdo\u011fan, \u201cYine hat\u0131rlarsan\u0131z Karadeniz gaz\u0131n\u0131n ilk ke\u015ffi yap\u0131ld\u0131\u011f\u0131nda milletimize m\u00fcjdeler olsun demi\u015ftik\u201d dedi.<\/h2>\n<p>Erdo\u011fan, T\u00fcrkiye&#8217;nin imkanlar\u0131n\u0131 milletin her bir ferdinin hayat\u0131na yans\u0131yacak \u015fekilde kullanma s\u00f6zlerini de burada unutmad\u0131klar\u0131n\u0131 dile getirerek, \u015f\u00f6yle devam etti:<\/p>\n<p><em><img loading=\"lazy\" class=\"alignright wp-image-173924\" src=\"https:\/\/www.enerjigazetesi.ist\/wp-content\/uploads\/2023\/05\/dogal-gaz-tuketiminin-tamami-bir-ay-sureyle-ucretsiz.jpg\" alt=\"\" width=\"320\" height=\"209\" srcset=\"https:\/\/www.enerjigazetesi.ist\/wp-content\/uploads\/2023\/05\/dogal-gaz-tuketiminin-tamami-bir-ay-sureyle-ucretsiz.jpg 469w, https:\/\/www.enerjigazetesi.ist\/wp-content\/uploads\/2023\/05\/dogal-gaz-tuketiminin-tamami-bir-ay-sureyle-ucretsiz-300x196.jpg 300w, https:\/\/www.enerjigazetesi.ist\/wp-content\/uploads\/2023\/05\/dogal-gaz-tuketiminin-tamami-bir-ay-sureyle-ucretsiz-76x50.jpg 76w\" sizes=\"(max-width: 320px) 100vw, 320px\" \/>\u201c\u0130\u015fte bug\u00fcn bu s\u00f6z\u00fcm\u00fcz\u00fcn gere\u011fini yerine getiriyoruz. \u015eimdi sizlerle \u00fclkemizin her bir hanesindeki do\u011fal gaz faturas\u0131n\u0131 d\u00fc\u015f\u00fcrecek 2 m\u00fcjdeyi payla\u015fmak istiyorum. Birinci m\u00fcjdemizi a\u00e7\u0131kl\u0131yorum: Vatanda\u015flar\u0131m\u0131z\u0131n evlerindeki mutfaklar\u0131nda ve s\u0131cak su t\u00fcketiminde kulland\u0131klar\u0131 do\u011fal gaz\u0131 bir y\u0131l s\u00fcreyle \u00fccretsiz veriyoruz. Ayl\u0131k ortalama 25 metrek\u00fcpe denk gelen mutfak ve s\u0131cak su t\u00fcketimi i\u00e7in gereken do\u011fal gaz\u0131n bedeli bir y\u0131l boyunca faturalardan d\u00fc\u015f\u00fcr\u00fclecektir. Bu ayn\u0131 zamanda \u00f6n\u00fcm\u00fcz\u00fcn yaz oldu\u011funu dikkate al\u0131rsak pek \u00e7ok hanenin neredeyse hi\u00e7 do\u011fal gaz faturas\u0131 \u00f6demeyece\u011fi anlam\u0131na geliyor. \u00d6zellikle emeklisinden \u00f6\u011frencisine t\u00fcm dar gelirli vatanda\u015flar\u0131m\u0131z\u0131n b\u00fct\u00e7esine \u00fccretsiz do\u011fal gaz kullan\u0131m\u0131n\u0131n \u00f6nemli bir katk\u0131 yapaca\u011f\u0131na inan\u0131yorum.\u201d<\/em><\/p>\n<p><em>\u201cAyl\u0131k mutfak ve s\u0131cak su t\u00fcketimini kar\u015f\u0131layacak bedava do\u011fal gaz\u0131n\u0131z hay\u0131rl\u0131 olsun\u201d diyen Erdo\u011fan, \u201c\u015eimdi de Karadeniz gaz\u0131n\u0131n sevincini, mutlulu\u011funu, co\u015fkusunu 85 milyon doya doya ya\u015fayabilelim diye ikinci m\u00fcjdemizi a\u00e7\u0131kl\u0131yorum. Bir ay boyunca T\u00fcrkiye\u2019nin tamam\u0131ndaki konutlar\u0131n do\u011fal gaz t\u00fcketiminden \u00fccret almayaca\u011f\u0131z. Yani mutfa\u011f\u0131n ve s\u0131cak suyun yan\u0131 s\u0131ra \u0131s\u0131nma dahil do\u011fal gaz t\u00fcketiminin tamam\u0131n\u0131 bir ay s\u00fcreyle \u00fccretsiz yap\u0131yoruz. Halen s\u00fcrmekte olan ve yeni ba\u015flataca\u011f\u0131m\u0131z \u00e7al\u0131\u015fmalarla milletimizin kar\u015f\u0131s\u0131na daha pek \u00e7ok m\u00fcjdeyle \u00e7\u0131kaca\u011f\u0131z.\u201d<\/em> Konu\u015fmas\u0131n\u0131n ard\u0131ndan Cumhurba\u015fkan\u0131 Erdo\u011fan&#8217;a, Enerji ve Tabii Kaynaklar Bakan\u0131 Fatih D\u00f6nmez g\u00fcn\u00fcn an\u0131s\u0131na bir hediye takdim etti.<\/p>\n<p><strong>Kaynak:\u00a0<\/strong><a href=\"https:\/\/www.bloomberght.com\/erdogan-dogalgaz-tuketiminin-tamami-bir-ay-sureyle-ucretsiz-2330183\" target=\"_blank\" rel=\"noopener\"><strong>BLOOMBERGHT<\/strong><\/a><\/p>","protected":false},"excerpt":{"rendered":"<p>Sorry, this entry is only available in Turkish. For the sake of viewer convenience, the content is shown below in the alternative language. You may click the link to switch the active language. Cumhurba\u015fkan\u0131 Recep Tayyip Erdo\u011fan T\u00fcrkiye Petrolleri Liman\u0131&#8217;ndaki Karadeniz Do\u011fal Gaz\u0131 Devreye Alma T\u00f6reni&#8217;nde yapt\u0131\u011f\u0131 konu\u015fmada, ge\u00e7en sene salg\u0131n ve k\u00fcresel kriz sebebiyle [&hellip;]<\/p>\n","protected":false},"author":1,"featured_media":173924,"comment_status":"open","ping_status":"open","sticky":false,"template":"","format":"standard","meta":[],"categories":[46,53],"tags":[22923,23219,108964,109113],"views":32,"_links":{"self":[{"href":"https:\/\/www.enerjigazetesi.ist\/en\/wp-json\/wp\/v2\/posts\/173922"}],"collection":[{"href":"https:\/\/www.enerjigazetesi.ist\/en\/wp-json\/wp\/v2\/posts"}],"about":[{"href":"https:\/\/www.enerjigazetesi.ist\/en\/wp-json\/wp\/v2\/types\/post"}],"author":[{"embeddable":true,"href":"https:\/\/www.enerjigazetesi.ist\/en\/wp-json\/wp\/v2\/users\/1"}],"replies":[{"embeddable":true,"href":"https:\/\/www.enerjigazetesi.ist\/en\/wp-json\/wp\/v2\/comments?post=173922"}],"version-history":[{"count":0,"href":"https:\/\/www.enerjigazetesi.ist\/en\/wp-json\/wp\/v2\/posts\/173922\/revisions"}],"wp:featuredmedia":[{"embeddable":true,"href":"https:\/\/www.enerjigazetesi.ist\/en\/wp-json\/wp\/v2\/media\/173924"}],"wp:attachment":[{"href":"https:\/\/www.enerjigazetesi.ist\/en\/wp-json\/wp\/v2\/media?parent=173922"}],"wp:term":[{"taxonomy":"category","embeddable":true,"href":"https:\/\/www.enerjigazetesi.ist\/en\/wp-json\/wp\/v2\/categories?post=173922"},{"taxonomy":"post_tag","embeddable":true,"href":"https:\/\/www.enerjigazetesi.ist\/en\/wp-json\/wp\/v2\/tags?post=173922"}],"curies":[{"name":"wp","href":"https:\/\/api.w.org\/{rel}","templated":true}]}}