{"id":173871,"date":"2023-04-29T13:18:22","date_gmt":"2023-04-29T10:18:22","guid":{"rendered":"https:\/\/www.enerjigazetesi.ist\/?p=173871"},"modified":"2023-04-29T13:20:45","modified_gmt":"2023-04-29T10:20:45","slug":"iklim-krizine-dair-yapilmasi-ve-yapilmamasi-gerekenler-masaya-yatirildi","status":"publish","type":"post","link":"https:\/\/www.enerjigazetesi.ist\/en\/iklim-krizine-dair-yapilmasi-ve-yapilmamasi-gerekenler-masaya-yatirildi\/","title":{"rendered":"(Turkish) \u0130klim Krizine Dair Yap\u0131lmas\u0131 ve Yap\u0131lmamas\u0131 Gerekenler Masaya Yat\u0131r\u0131ld\u0131"},"content":{"rendered":"<p class=\"qtranxs-available-languages-message qtranxs-available-languages-message-en\">Sorry, this entry is only available in <a href=\"https:\/\/www.enerjigazetesi.ist\/tr\/wp-json\/wp\/v2\/posts\/173871\" class=\"qtranxs-available-language-link qtranxs-available-language-link-tr\" title=\"Turkish\">Turkish<\/a>. For the sake of viewer convenience, the content is shown below in the alternative language. You may click the link to switch the active language.<\/p><p><\/p>\n<h2><strong>\u00c7EVKO Vakf\u0131 S\u00f6yle\u015fileri, 2023 y\u0131l\u0131nda da devam ediyor. K\u00fcresel Is\u0131nma Kurultay\u0131 Komitesi i\u015fbirli\u011fiyle,<\/strong>\u00a0<strong>\u00c7EVKO Vakf\u0131 \u0130klim De\u011fi\u015fikli\u011fi ve S\u00fcrd\u00fcr\u00fclebilirlik \u00c7al\u0131\u015fma Grubu&#8217;nun haz\u0131rlad\u0131\u011f\u0131 bu y\u0131lki s\u00f6yle\u015filerin ikincisi, \u201c\u0130klim De\u011fi\u015fikli\u011fi, Ye\u015fil Mutabakat ve S\u00fcrd\u00fcr\u00fclebilirlikteki Son Geli\u015fmeler\u201d ba\u015fl\u0131\u011f\u0131yla ger\u00e7ekle\u015ftirildi.<\/strong><\/h2>\n<p style=\"text-align: center;\"><img loading=\"lazy\" class=\"aligncenter wp-image-173875\" src=\"https:\/\/www.enerjigazetesi.ist\/wp-content\/uploads\/2023\/04\/iklim-krizine-dair-yapilmasi-ve-yapilmamasi-gerekenler-masaya-yatirildi.jpg\" alt=\"\" width=\"500\" height=\"333\" srcset=\"https:\/\/www.enerjigazetesi.ist\/wp-content\/uploads\/2023\/04\/iklim-krizine-dair-yapilmasi-ve-yapilmamasi-gerekenler-masaya-yatirildi.jpg 550w, https:\/\/www.enerjigazetesi.ist\/wp-content\/uploads\/2023\/04\/iklim-krizine-dair-yapilmasi-ve-yapilmamasi-gerekenler-masaya-yatirildi-300x200.jpg 300w, https:\/\/www.enerjigazetesi.ist\/wp-content\/uploads\/2023\/04\/iklim-krizine-dair-yapilmasi-ve-yapilmamasi-gerekenler-masaya-yatirildi-500x333.jpg 500w, https:\/\/www.enerjigazetesi.ist\/wp-content\/uploads\/2023\/04\/iklim-krizine-dair-yapilmasi-ve-yapilmamasi-gerekenler-masaya-yatirildi-75x50.jpg 75w, https:\/\/www.enerjigazetesi.ist\/wp-content\/uploads\/2023\/04\/iklim-krizine-dair-yapilmasi-ve-yapilmamasi-gerekenler-masaya-yatirildi-450x300.jpg 450w\" sizes=\"(max-width: 500px) 100vw, 500px\" \/><\/p>\n<p>\u00c7EVKO Vakf\u0131, \u00c7EVKO Vakf\u0131 S\u00f6yle\u015fileri ile iklim krizi konusunu t\u00fcm y\u00f6nleriyle ele al\u0131yor. K\u00fcresel Is\u0131nma Kurultay\u0131 Komitesi i\u015fbirli\u011fiyle, \u00c7EVKO Vakf\u0131 \u0130klim De\u011fi\u015fikli\u011fi ve S\u00fcrd\u00fcr\u00fclebilirlik \u00c7al\u0131\u015fma Grubu&#8217;nun haz\u0131rlad\u0131\u011f\u0131 bu y\u0131lki s\u00f6yle\u015filerin ikincisi, &#8220;\u0130klim De\u011fi\u015fikli\u011fi, Ye\u015fil Mutabakat ve S\u00fcrd\u00fcr\u00fclebilirlikteki Son Geli\u015fmeler&#8221; ba\u015fl\u0131\u011f\u0131yla ger\u00e7ekle\u015ftirildi. Zoom platformu \u00fczerinde d\u00fczenlenen s\u00f6yle\u015finin moderat\u00f6rl\u00fc\u011f\u00fcn\u00fc, K\u00fcresel Is\u0131nma Kurultay\u0131 Komitesi Ba\u015fkan\u0131<strong> Celal Toprak<\/strong> \u00fcstlenirken, s\u00f6yle\u015fiye \u00c7EVKO Vakf\u0131 Genel Sekreteri <strong>Mete \u0130mer<\/strong> ev sahipli\u011fi yapt\u0131. 2023 y\u0131l\u0131ndaki <strong>\u201c\u00c7EVKO Vakf\u0131 S\u00f6yle\u015fileri<\/strong>\u201dnin ikincisinin konu\u015fmac\u0131lar\u0131 ise P&amp;G T\u00fcrkiye, Kafkasya ve Orta Asya Kurumsal \u0130leti\u015fim ve Medya Direkt\u00f6r\u00fc <strong>Nesli K\u0131l\u0131\u00e7al<\/strong>, Bursa Uluda\u011f \u00dcniversitesi \u00c7evre M\u00fchendisli\u011fi B\u00f6l\u00fcm\u00fc \u00d6\u011fretim \u00dcyesi &#8211; S\u00fcrd\u00fcr\u00fclebilir Kamp\u00fcs Koordinat\u00f6r\u00fc<strong> Prof. Dr. G\u00fcray Saliho\u011flu<\/strong>, Bursa Uluda\u011f \u00dcniversitesi \u0130klim El\u00e7isi ve S\u00fcrd\u00fcr\u00fclebilir Kamp\u00fcs \u00d6\u011frenci Toplulu\u011fu \u00dcyesi<strong> Simge \u00c7a\u011flar<\/strong> oldu.<\/p>\n<h3><strong>\u00c7EVKO Vakf\u0131 Genel Sekreteri Mete \u0130mer\u2019den Siyasi Partilerin Mutlaka Dikkate Almas\u0131 Gereken 10 Madde\u00a0<\/strong><\/h3>\n<p>Moderat\u00f6r Celal Toprak, \u00c7EVKO Vakf\u0131 S\u00f6yle\u015fileri\u2019nin \u00f6nemini vurgulayarak ilk s\u00f6z\u00fc <strong>\u00c7EVKO Vakf\u0131 Genel Sekreteri Mete \u0130mer<\/strong>\u2019e verdi. 2021 y\u0131l\u0131nda \u00c7EVKO Vakf\u0131\u2019n\u0131n 30\u2019uncu kurulu\u015f y\u0131l\u0131 \u00e7er\u00e7evesinde ba\u015flat\u0131lan ve \u00fc\u00e7\u00fcnc\u00fc y\u0131l\u0131na giren s\u00f6yle\u015filerin toplumda fark\u0131ndal\u0131\u011f\u0131n y\u00fckselmesine katk\u0131 sa\u011flad\u0131\u011f\u0131n\u0131 s\u00f6yleyen Mete \u0130mer, s\u00f6zlerini \u015f\u00f6yle s\u00fcrd\u00fcrd\u00fc: <em>\u201c\u00d6n\u00fcm\u00fczde genel se\u00e7imler var. Bu vesile ile bir sivil toplum kurulu\u015fu olarak siyasal partilere \u00e7evre ile ilgili birtak\u0131m \u00f6neri ve \u00e7a\u011fr\u0131larda bulunmak istiyorum. \u00d6zellikle \u00e7evre konusunda kamu otoritesini olu\u015fturacak, siyasal partilerin sivil toplumu dinlemesi, onlarla birlikte \u00e7al\u0131\u015fmas\u0131 ba\u015far\u0131 a\u00e7\u0131s\u0131ndan \u00e7ok \u00f6nemli. Biz \u00c7EVKO Vakf\u0131 olarak, \u201cCumhuriyetin 100. Y\u0131l\u0131nda \u00c7evre Politikas\u0131 \u00d6nerisi\u201d haz\u0131rlad\u0131k. \u00c7evre, \u00e7ok kapsaml\u0131 bir alan. \u00d6ncelikli konumuz olan \u0130klim Krizi\u2019ne kar\u015f\u0131 yap\u0131lmas\u0131 gerekenleri, \u00c7EVKO Vakf\u0131 olarak uzunca bir zamand\u0131r \u00e7e\u015fitli vesilelerle ifade ediyoruz. T\u00fcm siyasal partilere bu konunun \u00f6nemini an\u0131msatmak bak\u0131m\u0131ndan, iklim krizi ile m\u00fccadele konusunda geli\u015ftirdi\u011fimiz 10 maddeden olu\u015fan \u00f6neriler paketimizin burada k\u0131saca \u00fczerinden ge\u00e7mek istiyorum. Biliyorsunuz, iklim krizi ile m\u00fccadele kapsam\u0131nda Paris Anla\u015fmas\u0131\u2019n\u0131 kabul ederek \u00fclke olarak <strong>\u201c2053\u2019te Karbon N\u00f6tr Olma Hedefi\u201d<\/strong> belirledik. Birinci \u00f6nerimiz, BM\u2019ye verdi\u011fimiz <strong>ulusal katk\u0131 beyan\u0131n\u0131n g\u00fcncellenerek daha iddial\u0131 hale getirilmesi y\u00f6n\u00fcndeydi<\/strong>; bu konuda <strong>27. BM Taraflar Konferans\u0131\u2019nda<\/strong>, sal\u0131m art\u0131\u015f\u0131ndan <strong>y\u00fczde 21 azalt\u0131m<\/strong> olan hedefimiz, art\u0131\u015ftan <strong>y\u00fczde 41 azalt\u0131m<\/strong> olarak g\u00fcncellendi. Fakat biz bunun, <strong>2053 y\u0131l\u0131nda Karbon N\u00f6tr olabilmemiz<\/strong> i\u00e7in <strong>mutlak azalt\u0131m hedefi haline getirilmesi<\/strong> y\u00f6n\u00fcnde \u00e7al\u0131\u015f\u0131lmas\u0131n\u0131 \u00f6neriyoruz. \u0130kinci \u00f6nerimiz, <strong>\u0130klim Yasas\u0131 ve gerekli yasal d\u00fczenlemelerin \u00e7\u0131kart\u0131lmas\u0131<\/strong> ve bu konuda bir an \u00f6nce uygulamaya ge\u00e7ilmesi. Bu alanda epeyce haz\u0131rl\u0131k yap\u0131ld\u0131\u011f\u0131n\u0131 biliyoruz, biz de bu \u00e7al\u0131\u015fmalar i\u00e7inde yer ald\u0131k ama zaman kaybetmeden bunlar\u0131n y\u00fcr\u00fcrl\u00fc\u011fe girmesi \u00e7ok \u00f6nemli. \u00a0\u00dc\u00e7\u00fcnc\u00fcs\u00fc; bu yasal d\u00fczenlemelerle ba\u011flant\u0131l\u0131 olarak <strong>Emisyon Ticaret Sistemi<\/strong> veya benzeri y\u00f6ntemler yoluyla art\u0131k <strong>karbon sal\u0131m\u0131na \u00fclkemizde de bir s\u0131n\u0131r, bir bedel konulmas\u0131<\/strong>. D\u00f6rd\u00fcnc\u00fcs\u00fc; enerji \u00fcretiminde <strong>k\u00f6m\u00fcr\u00fcn kullan\u0131m\u0131na kademeli olarak azalt\u0131lmas\u0131<\/strong> suretiyle son verilmesine ili\u015fkin bir plan yap\u0131lmas\u0131. \u00a0Bu konuda ilgililerden \u00e7ok fazla ses duyam\u0131yoruz. Tabii ki enerji g\u00fcvenli\u011fimiz \u00f6nemli ama b\u00fct\u00fcn d\u00fcnyan\u0131n bu y\u00f6nde hareket etti\u011fini d\u00fc\u015f\u00fcnerek bu konuda da bir plan yap\u0131lmas\u0131n\u0131 \u00f6neriyoruz. Be\u015fincisi; <strong>ormanlar\u0131n ve di\u011fer karbon yutaklar\u0131n\u0131n \u00e7o\u011falt\u0131lmas\u0131<\/strong> i\u00e7in yine bir plan yap\u0131p uygulamak. Bu konuda da \u00f6nemli \u00e7al\u0131\u015fmalar var, s\u00fcrd\u00fcr\u00fclmesi gerekli. <strong>Alt\u0131nc\u0131<\/strong> olarak <strong>binalarda, sanayide ve ula\u015f\u0131mda enerji verimlili\u011finin art\u0131r\u0131lmas\u0131<\/strong>, yenilenebilir enerjiye ge\u00e7i\u015fin daha iddial\u0131 hale getirilmesi \u00f6nemli. Yenilenebilir enerji a\u00e7\u0131s\u0131ndan, kapasite olarak, asl\u0131nda \u00fclkemiz hidrolik enerjiyi de dikkate al\u0131rsak, y\u00fczde 50\u2019yi ge\u00e7mi\u015f durumda. Bu iyi bir sonu\u00e7. Ciddi bir kapasitemiz var fakat \u00fclke potansiyeline uygun olarak bunu daha da ileriye g\u00f6t\u00fcrebiliriz. <strong>G\u00fcne\u015f enerjisi, r\u00fczgar enerjisi yan\u0131nda ye\u015fil hidrojenden de<\/strong> yararlanabiliriz. Bu konudaki yat\u0131r\u0131mlar\u0131n, \u00e7al\u0131\u015fmalar\u0131n devam etmesi \u00f6nemli. Yedinci olarak<strong> enerji sekt\u00f6r\u00fc ve sanayiden kaynaklanan sal\u0131mlar\u0131n yan\u0131nda ula\u015f\u0131mdan, binalardan, tar\u0131mdan ve at\u0131klardan \u00e7\u0131kan sal\u0131mlar\u0131n da azalt\u0131lmas\u0131<\/strong> \u00f6nemli. Sekizinci \u00f6nerimiz <strong>iklim de\u011fi\u015fikli\u011fine uyum konusunda b\u00f6lgesel \u00f6l\u00e7ekli plan<\/strong> ve <strong>\u00e7al\u0131\u015fmalar\u0131n yap\u0131larak<\/strong> y\u00fcr\u00fcrl\u00fc\u011fe konulmas\u0131. Bu konuda da \u00e7e\u015fitli illerimizde \u00e7al\u0131\u015fmalar ba\u015flad\u0131, ama bu \u00e7al\u0131\u015fmalar\u0131n \u00fclke geneline yay\u0131lmas\u0131, benimsenmesi, sahiplenilmesi \u00e7ok \u00f6nemli \u00e7\u00fcnk\u00fc art\u0131k iklim de\u011fi\u015fikli\u011finden kurtulu\u015fumuz yok. \u0130klim de\u011fi\u015fikli\u011fine uyum sa\u011flayacak \u00f6nlemleri kesinlikle almam\u0131z gerekiyor. B\u00fct\u00fcn bunlar\u0131 ger\u00e7ekle\u015ftirmek i\u00e7in ciddi bir finansal kayna\u011fa gereksinim var ve belki de en zor k\u0131s\u0131m bu. Dokuzuncu \u00f6nerimiz <strong>finansal kayna\u011f\u0131n kamu, \u00f6zel sekt\u00f6r, ulusal ve uluslararas\u0131 fonlardan sa\u011flanmas\u0131<\/strong> i\u00e7in i\u015f birli\u011fiyle \u00e7al\u0131\u015f\u0131lmas\u0131. Onuncu ve son olarak da <strong>toplumda iklim krizine kar\u015f\u0131 fark\u0131ndal\u0131\u011f\u0131n olu\u015fturulmas<\/strong>\u0131, <strong>al\u0131\u015fkanl\u0131klar\u0131n de\u011fi\u015fimi<\/strong> i\u00e7in <strong>ulusal kampanya ba\u015flat\u0131lmas\u0131<\/strong> ve bunun s\u00fcrd\u00fcr\u00fclmesi gerekti\u011fini d\u00fc\u015f\u00fcn\u00fcyoruz. \u0130klim krizi riski y\u00fcksek T\u00fcrkiye i\u00e7in belirledi\u011fimiz <strong>10 maddeden olu\u015fan<\/strong> bu \u00f6nerilerle tekrar \u00e7a\u011fr\u0131da bulunuyoruz. Kapsam\u0131 \u00e7ok geni\u015f olan <strong>&#8220;\u00c7evre\u201dnin<\/strong> di\u011fer konular\u0131 da \u00f6nemli. Bu konular, <strong>iklim de\u011fi\u015fikli\u011finin yan\u0131nda, at\u0131k y\u00f6netimi, su kalitesi, hava kalitesi, g\u00fcr\u00fclt\u00fc<\/strong>, yatay mevzuat, kimyasallar gibi pek \u00e7ok alt ba\u015fl\u0131ktan olu\u015fuyor. Bu ba\u015fl\u0131klarda da yap\u0131lacak \u015feyler var.<strong> \u201cAt\u0131k Y\u00f6netimi\u201d<\/strong>, \u00c7EVKO Vakf\u0131 olarak bu alanda uzmanla\u015fm\u0131\u015f bir kurulu\u015f oldu\u011fumuz i\u00e7in bizim a\u00e7\u0131m\u0131zdan \u00f6ncelikli, \u00e7\u00fcnk\u00fc d\u00fcnyan\u0131n d\u00f6ng\u00fcsel ekonomiye ge\u00e7mekte oldu\u011fu g\u00fcn\u00fcm\u00fczde, b\u00fct\u00fcn d\u00fcnya at\u0131\u011f\u0131n \u00e7\u00f6p de\u011fil, de\u011ferlendirilmesi gereken bir kaynak oldu\u011funu konu\u015fuyor. Bunun Ye\u015fil Mutabakat ile, AB ile yapt\u0131\u011f\u0131m\u0131z s\u00f6zle\u015fmelerle yak\u0131ndan ilgisi var.<strong> \u201cGeni\u015fletilmi\u015f \u00dcretici Sorumlulu\u011fu\u201d<\/strong>, <strong>at\u0131klar\u0131n kayna\u011f\u0131nda ayr\u0131 toplan\u0131p geri d\u00f6n\u00fc\u015ft\u00fcr\u00fclmesi<\/strong> i\u00e7in asl\u0131nda AB\u2019de 20-30 y\u0131ld\u0131r uygulanmakta olan bir model. Bu modeli biz, \u00fclkemizde 2-3 y\u0131l \u00f6ncesine kadar sistematik olarak 15 y\u0131l uygulad\u0131k; fakat daha sonra terk ettik. Siyasal partilere, Geni\u015fletilmi\u015f \u00dcretici Sorumlulu\u011fu\u2019nun \u00fclkemizde finansal bir model olarak, t\u00fcketim sonras\u0131 at\u0131klar\u0131n geri d\u00f6n\u00fc\u015ft\u00fcr\u00fclmek \u00fczere kayna\u011f\u0131nda ayr\u0131 toplanmas\u0131 i\u00e7in kullan\u0131labilecek verimli bir y\u00f6ntem oldu\u011funu hat\u0131rlatmak istiyor; bu modelin \u00fclkemizde yeniden tesis edilmesi i\u00e7in \u00e7a\u011fr\u0131da bulunuyoruz.\u201d<\/em><\/p>\n<h3><strong>\u00c7EVKO Vakf\u0131 S\u00f6yle\u015filerine \u00dcniversitelerin ve Gen\u00e7lerin Kat\u0131l\u0131m\u0131 \u00c7ok \u00d6nemli\u00a0<\/strong><\/h3>\n<p>\u00c7EVKO Vakf\u0131 S\u00f6yle\u015fileri\u2019ne \u00fcniversitelerin ve gen\u00e7lerin kat\u0131l\u0131m\u0131n\u0131n \u00f6nemine vurgu yapan Mete \u0130mer, <em>\u201c\u00dcniversitelerimiz, \u00f6\u011frencilerimiz ve sanayi kurulu\u015flar\u0131m\u0131zla birlikte bu s\u00f6yle\u015fileri yapmaktan dolay\u0131 \u00e7ok mutluyuz. \u00a0Sanayisiz bir toplum m\u00fcmk\u00fcn de\u011fil, ama gen\u00e7lerimiz sanayi kurulu\u015flar\u0131n\u0131 da, bilin\u00e7li birey ve t\u00fcketiciler olarak, \u00e7evreyle ilgili konularda her zaman uyarmam\u0131z gerekti\u011fini d\u00fc\u015f\u00fcn\u00fcyor. \u00a0Bireyler, t\u00fcketiciler olarak taleplerimiz de\u011fi\u015firse, sanayi de buna uymak zorunda kalacakt\u0131r. \u00d6nc\u00fc sanayi kurulu\u015flar\u0131, s\u00fcrd\u00fcrebilirlik ve iklim krizi ile sava\u015f\u0131m konusunda \u00e7al\u0131\u015fmalar\u0131na \u00e7oktan ba\u015flad\u0131lar ve bu konularda \u00f6rnek oluyorlar. Di\u011fer ekonomik i\u015fletmeler de onlar\u0131 izleyecektir. Ben, hukuk kurallar\u0131, yasal d\u00fczenlemelerin uygulanmas\u0131 bak\u0131m\u0131ndan kamu otoritesini de \u00f6nemsiyorum. K\u0131sacas\u0131 gezegenimizi kurtarmak yine bizim elimizde. Bilimsel geli\u015fmelerin \u0131\u015f\u0131\u011f\u0131nda g\u00fczel bir gelecek m\u00fcmk\u00fcn\u201d<\/em> \u015feklinde konu\u015ftu.<\/p>\n<h3><strong>P&amp;G T\u00fcrkiye, Kafkasya ve Orta Asya Kurumsal \u0130leti\u015fim ve Medya Direkt\u00f6r\u00fc Nesli K\u0131l\u0131\u00e7al: \u201cNASA \u0130le \u00dcr\u00fcn Geli\u015ftiriyoruz\u201d<\/strong><\/h3>\n<p><strong>\u201cT\u00fcrkiye\u2019de 10 evden 9\u2019unda var\u0131z\u201d<\/strong> diyen <strong>P&amp;G T\u00fcrkiye, Kafkasya ve Orta Asya Kurumsal \u0130leti\u015fim ve Medya Direkt\u00f6r\u00fc Nesli K\u0131l\u0131\u00e7al<\/strong>, kullan\u0131c\u0131lar\u0131n\u0131 bu ekosistemin nas\u0131l bir par\u00e7as\u0131 haline getirdiklerini ve onlar\u0131 nas\u0131l <strong>birer \u201c\u0130klim El\u00e7isi\u201dne<\/strong> d\u00f6n\u00fc\u015ft\u00fcrmeye \u00e7al\u0131\u015ft\u0131klar\u0131n\u0131 anlatt\u0131: \u201cMete Bey\u2019in de s\u00f6z etti\u011fi \u00fczere<strong> 10 maddede de<\/strong> yer alan<strong> enerji tasarrufu<\/strong> hakk\u0131nda bilgi vermek istiyorum. Kullan\u0131lan enerjinin y\u00fczde 30\u2019u evlerde t\u00fcketiliyor. Bizim de banyo ve mutfaklara y\u00f6nelik suyla, elektirikle kullan\u0131lan \u00fcr\u00fcnlerimiz var. Bu nedenle evde kullan\u0131lan enerji bizi \u00e7ok ilgilendiriyor. P&amp;G olarak her y\u0131l 20 binden fazla ara\u015ft\u0131rma yapan bir \u015firketiz. Bu ara\u015ft\u0131rmalar sayesinde t\u00fcketicilerin kullan\u0131m al\u0131\u015fkanl\u0131klar\u0131n\u0131, \u00fcr\u00fcnlere bak\u0131\u015f a\u00e7\u0131s\u0131n\u0131 anlamaya \u00e7al\u0131\u015farak \u00fcr\u00fcnler geli\u015ftiriyoruz. Analizler de <strong>elektrik<\/strong> ve <strong>su kullan\u0131m\u0131na<\/strong> odaklanmam\u0131z gerekti\u011fini s\u00f6yl\u00fcyor. \u00d6rne\u011fin, Fairy, \u00f6n y\u0131kama al\u0131\u015fkanl\u0131\u011f\u0131na son vermek amac\u0131yla \u00e7ok ciddi \u00e7al\u0131\u015fmalara imza att\u0131. Biz bu y\u00f6nde ileti\u015fim yapan ilk markalardan biriyiz. Kullan\u0131c\u0131lar\u0131n al\u0131\u015fkanl\u0131klar\u0131n\u0131 de\u011fi\u015ftirmeyi hedefledik. Ayr\u0131ca al\u0131\u015fkanl\u0131klar\u0131ndan, \u00f6n y\u0131kamadan vazge\u00e7meyen kullan\u0131c\u0131lar i\u00e7in ge\u00e7en y\u0131l <strong>Fairy Power Sprey<\/strong>\u2019i \u00e7\u0131kard\u0131k. Ev i\u00e7i t\u00fcketimi y\u00fcksek olan \u00fcr\u00fcnler s\u00f6z konusu oldu\u011funda kullan\u0131c\u0131lar\u0131 bu y\u00f6nde bilin\u00e7lendirebilmenin \u00f6neminin fark\u0131nday\u0131z. Benzer bir \u00e7al\u0131\u015fmay\u0131, Ariel ve Alo markalar\u0131m\u0131zda da yap\u0131yoruz. \u00c7ama\u015f\u0131r y\u0131kamadaki ayak izinin y\u00fczde 60\u2019\u0131 \u00a0yine kullan\u0131m al\u0131\u015fkanl\u0131klar\u0131ndan kaynaklan\u0131yor. Oysa T\u00fcrkiye\u2019de t\u00fcm \u00e7ama\u015f\u0131rlar\u0131n 30 derecede y\u0131kanmas\u0131, 6 milyon hanenin bir y\u0131ll\u0131k elektrik ihtiyac\u0131ndan tasarruf edilmesi anlam\u0131na geliyor. 2021 y\u0131l\u0131nda NASA ile yapt\u0131\u011f\u0131m\u0131z bir \u00e7al\u0131\u015fmadan da s\u00f6z etmek istiyorum. Uzaya giden astronotlar\u0131n k\u0131yafetlerini nas\u0131l y\u0131kad\u0131\u011f\u0131n\u0131 hi\u00e7 d\u00fc\u015f\u00fcnd\u00fcn\u00fcz m\u00fc? Uzun s\u00fcre giyiyorlar ve sonunda yak\u0131l\u0131yor. NASA ile yapt\u0131\u011f\u0131m\u0131z i\u015f birli\u011fi ile k\u0131yafetlerin uzayda nas\u0131l y\u0131kanabilece\u011fine \u00e7\u00f6z\u00fcm bulmaya odakland\u0131k. \u00d6ncelikle lekeyi \u00e7\u00f6z\u00fcc\u00fc maddede silikon kullan\u0131lmamas\u0131 gerekiyor ve deterjan\u0131n tamam\u0131 bozunabilir maddeden olmal\u0131. Ayr\u0131ca so\u011fuk suda performans g\u00f6stermesi gerekiyor.<\/p>\n<p>\u0130yi haber ise \u015fu; \u00c7ok az su kullan\u0131lan, hafif ve \u00e7ok so\u011fuk suda y\u0131kamay\u0131 m\u00fcmk\u00fcn k\u0131lan Tide \u0130nfinity adl\u0131 bu \u00fcr\u00fcn sadece uzayda kullan\u0131lmayacak. Bu teknolojileri t\u00fcketicilerin hizmetine de sunuyoruz. Uzayda i\u015fe yarad\u0131\u011f\u0131n\u0131 kan\u0131tlayan deterjan d\u00fcnya i\u00e7in de \u00e7evre dostu ve az kaynak kullanan \u00e7\u00f6z\u00fcmler sa\u011flayacak. D\u00fcnyada da kullan\u0131lmas\u0131 planlan\u0131yor.\u00a0 D\u00fcnyada <strong>enerji<\/strong> ve<strong> su tasarrufuna<\/strong>, <strong>s\u00fcrd\u00fcr\u00fclebilirli\u011fe g\u00fc\u00e7l\u00fc bir \u015fekilde<\/strong> katk\u0131da bulunan \u00e7al\u0131\u015fmalar\u0131m\u0131za devam edece\u011fiz.\u201d<\/p>\n<h3><strong>Bursa Uluda\u011f \u00dcniversitesi \u00c7evre M\u00fchendisli\u011fi B\u00f6l\u00fcm\u00fc \u00d6\u011fretim \u00dcyesi &#8211; S\u00fcrd\u00fcr\u00fclebilir Kamp\u00fcs Koordinat\u00f6r\u00fc Prof. Dr. G\u00fcray Saliho\u011flu: \u201c\u00c7ocuklara S\u00fcrd\u00fcr\u00fclebilir Bir Gelecek B\u0131rakabilecek Miyiz?\u201d\u00a0<\/strong><\/h3>\n<p>Bursa Uluda\u011f \u00dcniversitesi \u00c7evre M\u00fchendisli\u011fi B\u00f6l\u00fcm\u00fc \u00d6\u011fretim \u00dcyesi &#8211; S\u00fcrd\u00fcr\u00fclebilir Kamp\u00fcs Koordinat\u00f6r\u00fc<strong> Prof. Dr. G\u00fcray Saliho\u011flu<\/strong>, \u0130klim Krizi\u2019ni net rakamlar vererek ortaya koyarak yap\u0131lmas\u0131 gerekenlerden \u00e7ok <strong>\u201cyap\u0131lmamas\u0131 gerekenler\u201d<\/strong>in alt\u0131n\u0131 \u00e7izdi: \u201cAsl\u0131nda bu d\u00fcnyadaki ya\u015fam\u0131m\u0131z\u0131 \u2018s\u00fcrd\u00fcremiyoruz\u2019. Arz ve talep birbirini tutmuyor. Gezegenin bize sunduklar\u0131 azal\u0131rken bizim talebimiz art\u0131yor. Temiz su azal\u0131yor. \u0130klim d\u00fczenlenemiyor. T\u00fcrler kayboluyor. B\u00fct\u00fcn bu kaynaklar\u0131n yenilenme h\u0131z\u0131 bizim t\u00fcketme h\u0131z\u0131m\u0131za yeti\u015femiyor. Biyo\u00e7e\u015fitlilik alarmda ama bizim g\u00fcndemimizde daha \u00e7ok \u0130klim Krizi var. Net s\u0131f\u0131r hedefleri koymaya ba\u015flad\u0131k ama biyo\u00e7e\u015fitlilik i\u00e7in bir hedef bile koyam\u0131yoruz. Ben burada biraz \u0130klim \u00fczerinden gidece\u011fim. Net s\u0131f\u0131r nedir? Ne kadar emisyon sal\u0131n\u0131yor ve ne kadar\u0131 yutaklar arac\u0131l\u0131\u011f\u0131yla emiliyor? Dengede olursa, net s\u0131f\u0131rdan bahsedebiliriz. Oysa ki bir a\u00e7\u0131k var. 59 milyar ton sera gaz\u0131 atmosfere veriliyor! Ula\u015f\u0131m, end\u00fcstri, binalardan kaynaklanan emisyonlar, en ba\u015fta enerji temininden kaynaklanan emisyonlar nedeniyle net s\u0131f\u0131rdan uza\u011f\u0131z. \u00dcstelik lehimize \u00e7al\u0131\u015fan yutaklar\u0131 aleyhimize \u00e7eviriyoruz. A\u011fa\u00e7lar\u0131 kesiyoruz mesela. Mete Bey \u00e7ok g\u00fczel ifade etti: politikac\u0131lardan ilk istememiz gereken \u015fey de bu. \u00c7ocuklara ya\u015fanabilir, s\u00fcrd\u00fcr\u00fclebilir bir gelecek b\u0131rakabilecek miyiz? Kurum ve kurulu\u015flar\u0131n verdikleri s\u00f6zler de takip edilmeli; bunun bir kar\u015f\u0131l\u0131\u011f\u0131, cezas\u0131 da olmal\u0131. 2100 y\u0131l\u0131n\u0131n sonuna do\u011fru e\u011fer bu s\u00f6zler verilirse, \u00f6nlemler al\u0131n\u0131rsa <strong>1.5-2 derece s\u0131cakl\u0131k art\u0131\u015f\u0131n\u0131n s\u0131n\u0131r\u0131 alt\u0131nda<\/strong> kalabiliriz. T\u00fcrkiye asl\u0131nda 2038 y\u0131l\u0131na kadar emisyonunu art\u0131raca\u011f\u0131n\u0131 s\u00f6yledi. <strong>Art\u0131\u015ftan azalt\u0131m yapaca\u011f\u0131n\u0131<\/strong> belirtti. <strong>Net s\u0131f\u0131r s\u00f6z\u00fcn\u00fc vermek kolay de\u011fil<\/strong> asl\u0131nda. T\u00fcm emisyonlar\u0131 kapsad\u0131\u011f\u0131ndan emin olaca\u011f\u0131z. Ayr\u0131ca kendi s\u0131n\u0131rlar\u0131m\u0131z\u0131n d\u0131\u015f\u0131n\u0131 da d\u00fc\u015f\u00fcn\u00fcyor muyuz? Yasal d\u00fczenlemelerimiz yerinde ve uygulanabiliyor mu? <strong>Emisyon Ticaret Sistemi<\/strong> ile belli yapt\u0131r\u0131mlar gelecek, onlar\u0131 da bekliyoruz. Hem gezegen hem \u00fclkemiz \u00f6l\u00e7e\u011finde yapmam\u0131z gerekenler var. 564 milyon ton bir sal\u0131m\u0131m\u0131z var \u00fclke olarak (karbondioksit e\u015fde\u011feri). Bireysel karbon ayak izimiz y\u0131ll\u0131k 6.7 ton d\u00fczeyinde (karbondioksit e\u015fde\u011feri). 1990\u2019da 4 tondu bu de\u011fer.! Bir \u00f6nceki y\u0131l 6.3\u2019t\u00fc. Gittik\u00e7e art\u0131yor. 1990\u2019da o zamanki emisyonlar\u0131n y\u00fczde 25\u2019ini yutaklar\u0131m\u0131z yutabiliyordu. 2020\u2019de bu rakam\u0131n, y\u00fczde 10.86 d\u00fczeyine indi\u011fini g\u00f6r\u00fcyoruz. Dolay\u0131s\u0131yla <strong>net s\u0131f\u0131rdan uzakla\u015f\u0131yoruz.<\/strong> Sadece a\u011fa\u00e7 dikerek de <strong>net s\u0131f\u0131ra ula\u015fmam\u0131z<\/strong> m\u00fcmk\u00fcn de\u011fil. B\u00fcy\u00fcmek de\u011fil, <strong>dengelenmek s\u00f6z konusu olmal\u0131<\/strong>. Gerekirse \u201ck\u00fc\u00e7\u00fclece\u011fiz\u201d. BM\u2019nin daha \u00e7ok yapt\u0131r\u0131m g\u00fcc\u00fcne sahip olmas\u0131n\u0131 diliyorum. Bizim kulland\u0131\u011f\u0131m\u0131z temiz elektrik, <strong>y\u00fczde 50<\/strong> civar\u0131nda. Elektrikle\u015fme end\u00fcstriyel kurulu\u015flar a\u00e7\u0131s\u0131ndan \u00f6nemli bir ad\u0131m ama yap\u0131lmas\u0131 gerekenler bununla bitmiyor. \u00d6te yandan d\u00f6ng\u00fcsel ekonomi, mevut kapitalist d\u00fczen i\u00e7erisinde, bence bir \u00fctopya. D\u00f6ng\u00fcsel ekonomi diyor ki daha az sat\u0131n al, daha az hammadde kullan, kulland\u0131\u011f\u0131n hammaddeyi de i\u015fin bitti\u011finde \u00e7\u00f6pe atma, tekrar tekrar kullan. Oysa ki kaynak art\u0131k yok, hammadde t\u00fckeniyor. Bak\u0131\u015f a\u00e7\u0131m\u0131z\u0131 de\u011fi\u015ftirmeliyiz. <strong>Eko tasar\u0131m<\/strong> diye bir kavram var.<strong> \u00c7evre i\u00e7in tasar\u0131m yapmaktan, dayan\u0131kl\u0131 \u00fcr\u00fcnler tasarlamaktan<\/strong> yola \u00e7\u0131k\u0131yor. Yani \u00fcr\u00fcnler \u00e7abuk bozulsun daha \u00e7ok t\u00fcketilsin de\u011fil, dayan\u0131kl\u0131 \u00fcr\u00fcnler \u00e7\u0131ks\u0131n, h\u0131zl\u0131 moda olmas\u0131n gibi kurallar getiriyor\u2026 AB, Ye\u015fil Mutabakat s\u00f6ylemiyle \u00a0asl\u0131nda zihinsel bir d\u00f6n\u00fc\u015f\u00fcm\u00fcn gerekli oldu\u011funu s\u00f6ylemeye \u00e7al\u0131\u015f\u0131yor.\u201d<\/p>\n<h3><strong>Bursa Uluda\u011f \u00dcniversitesi \u0130klim El\u00e7isi ve S\u00fcrd\u00fcr\u00fclebilir Kamp\u00fcs \u00d6\u011frenci Toplulu\u011fu \u00dcyesi Simge \u00c7a\u011flar: \u201cGen\u00e7ler Olarak Her Alanda Daha Aktif Olmak \u0130stiyoruz\u201d<\/strong><\/h3>\n<p>Bursa Uluda\u011f \u00dcniversitesi \u0130klim El\u00e7isi ve S\u00fcrd\u00fcr\u00fclebilir Kamp\u00fcs \u00d6\u011frenci Toplulu\u011fu \u00dcyesi Simge \u00c7a\u011flar, \u00c7evre M\u00fchendisli\u011fi Y\u00fcksek Lisans son s\u0131n\u0131f \u00f6\u011frencisi. \u00dcniversitelerinin S\u00fcrd\u00fcr\u00fclebilir Kamp\u00fcs Toplulu\u011fu \u00fcyesi ve \u0130klim El\u00e7isi olarak s\u00f6yle\u015fiye kat\u0131lan \u00c7a\u011flar, gen\u00e7lere s\u00f6z verilmesinden dolay\u0131 duydu\u011fu mutlulu\u011fu dile getirerek \u00e7al\u0131\u015fmalar\u0131 hakk\u0131nda bilgi verdi: <em>\u201cAt\u0131\u011f\u0131n Modas\u0131 Ge\u00e7ti etkinli\u011finden \u00e7evre y\u00fcr\u00fcy\u00fc\u015flerine, S\u00fcrd\u00fcr\u00fclebilirlik ile Tan\u0131\u015f\u0131yoruz Etkinli\u011finden Elektrikli ve Elektronik At\u0131k Toplama G\u00fcn\u00fc\u2019ne, bir\u00e7ok etkinlik ger\u00e7ekle\u015ftik, projelere imza att\u0131k. Payda\u015flarla d\u00fczenli olarak toplant\u0131lar yapt\u0131k, ara\u015ft\u0131rma raporlar\u0131 yay\u0131mlad\u0131k. Haberler ve s\u00f6yle\u015filerle de halk\u0131n konuya ilgisini \u00e7ekmeye \u00e7al\u0131\u015ft\u0131k. Gen\u00e7lerin birinci a\u011f\u0131zdan \u00e7evresel haklar\u0131n\u0131, sosyal haklar\u0131n\u0131 iletebilmeleri i\u00e7in \u00e7al\u0131\u015fmalar y\u00fcr\u00fct\u00fcyoruz. Politikalarda, uygulamalarda aktif rol almak istiyoruz. Devletin, vak\u0131flar\u0131n te\u015fviki de \u00f6nemli. \u00c7ok farkl\u0131 b\u00f6l\u00fcmlerden arkada\u015flar\u0131m\u0131zla bir araya geldik, bu etkinlikleri de beraber y\u00fcr\u00fctt\u00fck. \u00c7evreyi umursamayan sanayi kurulu\u015flar\u0131 olmas\u0131ndan \u015fikayet\u00e7iyiz. \u00c7evre hareketleri devam ediyor ama kirletenlerin ekonomik olarak desteklendi\u011fi bir sistem istemiyoruz. \u00c7evre politikalar\u0131n\u0131n de\u011fi\u015fmesini istiyoruz. Sanayi kurulu\u015flar\u0131n\u0131n gen\u00e7 bir zihniyetle, \u00e7evreci bir zihniyetle y\u00f6netilmesini istiyoruz. \u00a0 \u00d6\u011fretmenler, sanayiciler, yere \u00e7\u00f6p atmayan anne babalar, her bireyin katk\u0131s\u0131 s\u00f6z konusu. S\u00fcrd\u00fcr\u00fclebilir ve temiz bir \u00e7evreyi b\u00f6ylelikle yaratabilece\u011fiz.\u201d<\/em><\/p>\n<p>K\u00fcresel Is\u0131nma Kurultay\u0131 Komitesi i\u015fbirli\u011fiyle, \u00c7EVKO Vakf\u0131 \u0130klim De\u011fi\u015fikli\u011fi ve S\u00fcrd\u00fcr\u00fclebilirlik \u00c7al\u0131\u015fma Grubu&#8217;nun haz\u0131rlad\u0131\u011f\u0131 &#8220;\u0130klim De\u011fi\u015fikli\u011fi, Ye\u015fil Mutabakat ve S\u00fcrd\u00fcr\u00fclebilirlikteki Son Geli\u015fmeler&#8221; ba\u015fl\u0131\u011f\u0131n\u0131 ta\u015f\u0131yan ikinci s\u00f6yle\u015fiyi, \u00c7EVKO Vakf\u0131\u2019n\u0131n YouTube kanal\u0131ndan da izleyebilirsiniz:<\/p>\n<p style=\"text-align: center;\"><iframe loading=\"lazy\" title=\"YouTube video player\" src=\"https:\/\/www.youtube.com\/embed\/f1XF0tVcw9E\" width=\"560\" height=\"315\" frameborder=\"0\" allowfullscreen=\"allowfullscreen\"><\/iframe><\/p>\n<p><\/p>","protected":false},"excerpt":{"rendered":"<p>Sorry, this entry is only available in Turkish. For the sake of viewer convenience, the content is shown below in the alternative language. You may click the link to switch the active language. \u00c7EVKO Vakf\u0131 S\u00f6yle\u015fileri, 2023 y\u0131l\u0131nda da devam ediyor. K\u00fcresel Is\u0131nma Kurultay\u0131 Komitesi i\u015fbirli\u011fiyle,\u00a0\u00c7EVKO Vakf\u0131 \u0130klim De\u011fi\u015fikli\u011fi ve S\u00fcrd\u00fcr\u00fclebilirlik \u00c7al\u0131\u015fma Grubu&#8217;nun haz\u0131rlad\u0131\u011f\u0131 bu [&hellip;]<\/p>\n","protected":false},"author":1,"featured_media":173875,"comment_status":"open","ping_status":"open","sticky":false,"template":"","format":"standard","meta":[],"categories":[53,52],"tags":[102979,1999,109096,85540],"views":44,"_links":{"self":[{"href":"https:\/\/www.enerjigazetesi.ist\/en\/wp-json\/wp\/v2\/posts\/173871"}],"collection":[{"href":"https:\/\/www.enerjigazetesi.ist\/en\/wp-json\/wp\/v2\/posts"}],"about":[{"href":"https:\/\/www.enerjigazetesi.ist\/en\/wp-json\/wp\/v2\/types\/post"}],"author":[{"embeddable":true,"href":"https:\/\/www.enerjigazetesi.ist\/en\/wp-json\/wp\/v2\/users\/1"}],"replies":[{"embeddable":true,"href":"https:\/\/www.enerjigazetesi.ist\/en\/wp-json\/wp\/v2\/comments?post=173871"}],"version-history":[{"count":0,"href":"https:\/\/www.enerjigazetesi.ist\/en\/wp-json\/wp\/v2\/posts\/173871\/revisions"}],"wp:featuredmedia":[{"embeddable":true,"href":"https:\/\/www.enerjigazetesi.ist\/en\/wp-json\/wp\/v2\/media\/173875"}],"wp:attachment":[{"href":"https:\/\/www.enerjigazetesi.ist\/en\/wp-json\/wp\/v2\/media?parent=173871"}],"wp:term":[{"taxonomy":"category","embeddable":true,"href":"https:\/\/www.enerjigazetesi.ist\/en\/wp-json\/wp\/v2\/categories?post=173871"},{"taxonomy":"post_tag","embeddable":true,"href":"https:\/\/www.enerjigazetesi.ist\/en\/wp-json\/wp\/v2\/tags?post=173871"}],"curies":[{"name":"wp","href":"https:\/\/api.w.org\/{rel}","templated":true}]}}