{"id":173859,"date":"2023-04-29T12:18:41","date_gmt":"2023-04-29T09:18:41","guid":{"rendered":"https:\/\/www.enerjigazetesi.ist\/?p=173859"},"modified":"2023-04-29T12:18:41","modified_gmt":"2023-04-29T09:18:41","slug":"turkiye-kalkinma-ve-yatirim-bankasi-biotrendin-sukuk-ihracini-gerceklestirdi","status":"publish","type":"post","link":"https:\/\/www.enerjigazetesi.ist\/en\/turkiye-kalkinma-ve-yatirim-bankasi-biotrendin-sukuk-ihracini-gerceklestirdi\/","title":{"rendered":"(Turkish) T\u00fcrkiye Kalk\u0131nma ve Yat\u0131r\u0131m Bankas\u0131 &#8216;Biotrend&#8217;in Sukuk \u0130hrac\u0131n\u0131 Ger\u00e7ekle\u015ftirdi"},"content":{"rendered":"<p class=\"qtranxs-available-languages-message qtranxs-available-languages-message-en\">Sorry, this entry is only available in <a href=\"https:\/\/www.enerjigazetesi.ist\/tr\/wp-json\/wp\/v2\/posts\/173859\" class=\"qtranxs-available-language-link qtranxs-available-language-link-tr\" title=\"Turkish\">Turkish<\/a>. For the sake of viewer convenience, the content is shown below in the alternative language. You may click the link to switch the active language.<\/p><p><\/p>\n<h2><strong>T\u00fcrkiye Kalk\u0131nma ve Yat\u0131r\u0131m Bankas\u0131, y\u00fcr\u00fctt\u00fc\u011f\u00fc yat\u0131r\u0131m bankac\u0131l\u0131\u011f\u0131 faaliyetleri \u00e7er\u00e7evesinde s\u00fcrd\u00fcr\u00fclebilir enerji \u00fcretimi, entegre at\u0131k y\u00f6netimi ve karbon kredisi ticareti faaliyetleri y\u00fcr\u00fcten Biotrend\u2019in 60 milyon TL tutarl\u0131, 91 g\u00fcn vadeli s\u00fcrd\u00fcr\u00fclebilir sukuk (kira sertifikas\u0131) ihrac\u0131n\u0131 ger\u00e7ekle\u015ftirdi.<\/strong><\/h2>\n<p>T\u00fcrkiye\u2019nin s\u00fcrd\u00fcr\u00fclebilir kalk\u0131nma hedefleri kapsam\u0131nda \u00e7al\u0131\u015fmalar\u0131na h\u0131z kesmeden devam eden T\u00fcrkiye Kalk\u0131nma ve Yat\u0131r\u0131m Bankas\u0131, y\u00fcr\u00fctt\u00fc\u011f\u00fc yat\u0131r\u0131m bankac\u0131l\u0131\u011f\u0131 faaliyetleri \u00e7er\u00e7evesinde s\u00fcrd\u00fcr\u00fclebilir enerji \u00fcretimi, entegre at\u0131k y\u00f6netimi ve karbon kredisi ticareti alanlar\u0131nda faaliyet <img loading=\"lazy\" class=\"alignright wp-image-173863\" src=\"https:\/\/www.enerjigazetesi.ist\/wp-content\/uploads\/2023\/04\/turkiye-kalkinma-ve-yatirim-bankasi-biotrendin-sukuk-ihracini-gerceklestirdi-2.jpg\" alt=\"\" width=\"320\" height=\"302\" srcset=\"https:\/\/www.enerjigazetesi.ist\/wp-content\/uploads\/2023\/04\/turkiye-kalkinma-ve-yatirim-bankasi-biotrendin-sukuk-ihracini-gerceklestirdi-2.jpg 508w, https:\/\/www.enerjigazetesi.ist\/wp-content\/uploads\/2023\/04\/turkiye-kalkinma-ve-yatirim-bankasi-biotrendin-sukuk-ihracini-gerceklestirdi-2-300x283.jpg 300w, https:\/\/www.enerjigazetesi.ist\/wp-content\/uploads\/2023\/04\/turkiye-kalkinma-ve-yatirim-bankasi-biotrendin-sukuk-ihracini-gerceklestirdi-2-423x400.jpg 423w, https:\/\/www.enerjigazetesi.ist\/wp-content\/uploads\/2023\/04\/turkiye-kalkinma-ve-yatirim-bankasi-biotrendin-sukuk-ihracini-gerceklestirdi-2-53x50.jpg 53w, https:\/\/www.enerjigazetesi.ist\/wp-content\/uploads\/2023\/04\/turkiye-kalkinma-ve-yatirim-bankasi-biotrendin-sukuk-ihracini-gerceklestirdi-2-500x472.jpg 500w\" sizes=\"(max-width: 320px) 100vw, 320px\" \/>g\u00f6steren Biotrend\u2019in<strong> 60 milyon TL<\/strong> tutarl\u0131, <strong>91 g\u00fcn<\/strong> vadeli ihrac\u0131n\u0131 <strong>Ziraat Yat\u0131r\u0131m Menkul De\u011ferler<\/strong>\u2019in sat\u0131\u015f arac\u0131l\u0131\u011f\u0131yla, <strong>SPK\u2019n\u0131n Ye\u015fil Bor\u00e7lanma Arac\u0131, S\u00fcrd\u00fcr\u00fclebilir Bor\u00e7lanma Arac\u0131, Ye\u015fil Kira Sertifikas\u0131, S\u00fcrd\u00fcr\u00fclebilir Kira Sertifikas\u0131 Rehberi\u2019ne<\/strong> uygun olarak s\u00fcrd\u00fcr\u00fclebilir sukuk ihrac\u0131 \u015feklinde ger\u00e7ekle\u015ftirdi.<\/p>\n<p>Ger\u00e7ekle\u015ftirilen sukuk ihrac\u0131 ile \u00fclkemizde <strong>ye\u015fil d\u00f6n\u00fc\u015f\u00fcm odakl\u0131 yat\u0131r\u0131mlar\u0131n h\u0131zlanmas\u0131<\/strong> ad\u0131na \u00f6nemli bir i\u015f birli\u011fine imza att\u0131klar\u0131n\u0131 vurgulayan <strong>T\u00fcrkiye Kalk\u0131nma ve Yat\u0131r\u0131m Bankas\u0131 Genel M\u00fcd\u00fcr\u00fc \u0130brahim \u00d6ztop<\/strong>, <em>\u201cBu ihra\u00e7tan sa\u011flanan fon, biyok\u00fctle kaynakl\u0131 yenilenebilir enerji \u00fcretimi, enerji verimlili\u011fi, d\u00f6ng\u00fcsel ekonomiye uyarlanm\u0131\u015f \u00fcr\u00fcnler ve \u00fcretim teknolojileri, kirlili\u011fin \u00f6nlenmesi ve kontrol\u00fc i\u00e7in \u00e7al\u0131\u015fan, iklim de\u011fi\u015fikli\u011fiyle m\u00fccadele eden, do\u011fa dostu projeler i\u00e7in kullan\u0131lacakt\u0131r. Biz de T\u00fcrkiye Kalk\u0131nma ve Yat\u0131r\u0131m Bankas\u0131 olarak <strong>\u00fclkemizin ye\u015fil d\u00f6n\u00fc\u015f\u00fcm\u00fcn\u00fc destekleyerek<\/strong> <strong>d\u00fc\u015f\u00fck karbon ekonomisine ge\u00e7i\u015finde<\/strong> katk\u0131 sa\u011flad\u0131\u011f\u0131m\u0131z i\u00e7in mutluyuz, bu t\u00fcr \u00e7al\u0131\u015fmalar\u0131m\u0131za t\u00fcm gayretimizle devam edece\u011fiz.\u201d<\/em> dedi.<\/p>\n<p>Sukuk ihrac\u0131yla finansman kaynaklar\u0131n\u0131 \u00e7e\u015fitlendirdiklerini s\u00f6yleyen<strong> Biotrend CEO\u2019su \u00d6zg\u00fcr Umut Ero\u011flu<\/strong>, <em>\u201cBiotrend olarak biyod\u00f6ng\u00fcsel ekonomi odakl\u0131 faaliyetlerimize ve yapmakta oldu\u011fumuz yat\u0131r\u0131mlar\u0131m\u0131za h\u0131z kesmeden devam etmekteyiz. S\u00f6z konusu ihra\u00e7 i\u015fleminin, \u015firketimizin Birle\u015fmi\u015f Milletler S\u00fcrd\u00fcr\u00fclebilir Kalk\u0131nma Ama\u00e7lar\u0131 ile hizalanm\u0131\u015f s\u00fcrd\u00fcr\u00fclebilirlik stratejisi \u0131\u015f\u0131\u011f\u0131nda belirledi\u011fimiz yat\u0131r\u0131mlar\u0131m\u0131z\u0131n hayata ge\u00e7irilmesinde kaynak \u00e7e\u015fitlili\u011fi yaratarak \u00f6nemli bir katk\u0131 sa\u011flad\u0131\u011f\u0131n\u0131 d\u00fc\u015f\u00fcn\u00fcyoruz. <strong>B\u0130ST Kat\u0131l\u0131m Endeksi<\/strong>\u2019nde yer alan <strong>Biotrend, sukuk ihrac\u0131<\/strong> ile birlikte s\u00fcrd\u00fcr\u00fclebilirlik odakl\u0131 yat\u0131r\u0131mc\u0131lar i\u00e7in cazibe merkezi olmaya devam etmekte, yurt i\u00e7i ve yurt d\u0131\u015f\u0131 finansman kaynaklar\u0131n\u0131 \u00e7e\u015fitlendirmektedir.\u201d<\/em> \u015feklinde konu\u015ftu.<\/p>\n<p>S\u00f6z konusu s\u00fcrd\u00fcr\u00fclebilir sukuk ihrac\u0131, Birle\u015fmi\u015f Milletler S\u00fcrd\u00fcr\u00fclebilir Kalk\u0131nma Ama\u00e7lar\u0131\u2019ndan <strong>Eri\u015filebilir ve Temiz Enerji, Sanayi &#8211; Yenilik\u00e7ilik ve Altyap\u0131, S\u00fcrd\u00fcr\u00fclebilir \u015eehirler ve Topluluklar, Sorumlu \u00dcretim ve T\u00fcketim, \u0130klim Eylemi<\/strong> ama\u00e7lar\u0131na hizmet etmektedir. S\u00fcrd\u00fcr\u00fclebilir sukuk ihrac\u0131 i\u00e7in haz\u0131rlanan <strong>\u00c7er\u00e7eve Belgesi<\/strong> ve <strong>fonun kullan\u0131m alanlar\u0131<\/strong> ba\u011f\u0131ms\u0131z bir s\u00fcrd\u00fcr\u00fclebilirlik dan\u0131\u015fmanl\u0131\u011f\u0131 \u015firketi taraf\u0131ndan de\u011ferlendirilmi\u015f olup <strong>\u0130kinci Taraf G\u00f6r\u00fc\u015f Raporu<\/strong> kapsam\u0131nda<strong> ICMA Ye\u015fil<\/strong> ve<strong> Sosyal Tahvil prensiplerine<\/strong> <strong>uygun, etkili, ama\u00e7 odakl\u0131 ve faydal\u0131<\/strong> bulunmu\u015ftur.<\/p>","protected":false},"excerpt":{"rendered":"<p>Sorry, this entry is only available in Turkish. For the sake of viewer convenience, the content is shown below in the alternative language. You may click the link to switch the active language. T\u00fcrkiye Kalk\u0131nma ve Yat\u0131r\u0131m Bankas\u0131, y\u00fcr\u00fctt\u00fc\u011f\u00fc yat\u0131r\u0131m bankac\u0131l\u0131\u011f\u0131 faaliyetleri \u00e7er\u00e7evesinde s\u00fcrd\u00fcr\u00fclebilir enerji \u00fcretimi, entegre at\u0131k y\u00f6netimi ve karbon kredisi ticareti faaliyetleri y\u00fcr\u00fcten [&hellip;]<\/p>\n","protected":false},"author":1,"featured_media":173862,"comment_status":"open","ping_status":"open","sticky":false,"template":"","format":"standard","meta":[],"categories":[22893,53],"tags":[94715,89355,109093,109094,6050,95595,80382],"views":28,"_links":{"self":[{"href":"https:\/\/www.enerjigazetesi.ist\/en\/wp-json\/wp\/v2\/posts\/173859"}],"collection":[{"href":"https:\/\/www.enerjigazetesi.ist\/en\/wp-json\/wp\/v2\/posts"}],"about":[{"href":"https:\/\/www.enerjigazetesi.ist\/en\/wp-json\/wp\/v2\/types\/post"}],"author":[{"embeddable":true,"href":"https:\/\/www.enerjigazetesi.ist\/en\/wp-json\/wp\/v2\/users\/1"}],"replies":[{"embeddable":true,"href":"https:\/\/www.enerjigazetesi.ist\/en\/wp-json\/wp\/v2\/comments?post=173859"}],"version-history":[{"count":1,"href":"https:\/\/www.enerjigazetesi.ist\/en\/wp-json\/wp\/v2\/posts\/173859\/revisions"}],"predecessor-version":[{"id":173860,"href":"https:\/\/www.enerjigazetesi.ist\/en\/wp-json\/wp\/v2\/posts\/173859\/revisions\/173860"}],"wp:featuredmedia":[{"embeddable":true,"href":"https:\/\/www.enerjigazetesi.ist\/en\/wp-json\/wp\/v2\/media\/173862"}],"wp:attachment":[{"href":"https:\/\/www.enerjigazetesi.ist\/en\/wp-json\/wp\/v2\/media?parent=173859"}],"wp:term":[{"taxonomy":"category","embeddable":true,"href":"https:\/\/www.enerjigazetesi.ist\/en\/wp-json\/wp\/v2\/categories?post=173859"},{"taxonomy":"post_tag","embeddable":true,"href":"https:\/\/www.enerjigazetesi.ist\/en\/wp-json\/wp\/v2\/tags?post=173859"}],"curies":[{"name":"wp","href":"https:\/\/api.w.org\/{rel}","templated":true}]}}