{"id":173849,"date":"2023-04-29T11:47:50","date_gmt":"2023-04-29T08:47:50","guid":{"rendered":"https:\/\/www.enerjigazetesi.ist\/?p=173849"},"modified":"2023-04-29T12:08:22","modified_gmt":"2023-04-29T09:08:22","slug":"opetin-sponsorlari-arasinda-yer-aldigi-izindeyiz-atam-ataturk-sergisi","status":"publish","type":"post","link":"https:\/\/www.enerjigazetesi.ist\/en\/opetin-sponsorlari-arasinda-yer-aldigi-izindeyiz-atam-ataturk-sergisi\/","title":{"rendered":"(Turkish) OPET\u2019in Sponsor Oldu\u011fu &#8216;\u0130zindeyiz Atam&#8217; Atat\u00fcrk Sergisi"},"content":{"rendered":"<p class=\"qtranxs-available-languages-message qtranxs-available-languages-message-en\">Sorry, this entry is only available in <a href=\"https:\/\/www.enerjigazetesi.ist\/tr\/wp-json\/wp\/v2\/posts\/173849\" class=\"qtranxs-available-language-link qtranxs-available-language-link-tr\" title=\"Turkish\">Turkish<\/a>. For the sake of viewer convenience, the content is shown below in the alternative language. You may click the link to switch the active language.<\/p><p><\/p>\n<h2><strong>Ulu \u00d6nder Mustafa Kemal Atat\u00fcrk\u2019\u00fcn portreleri, mikro art sanat\u0131 ile k\u00fc\u00e7\u00fck objelerde devle\u015ftirildi. OPET\u2019in sponsorlar\u0131 aras\u0131nda yer ald\u0131\u011f\u0131 \u2018\u0130zindeyiz Atam\u2019 Atat\u00fcrk sergisi, Yap\u0131 Kredi bomontiada GALER\u0130\u2019de kap\u0131lar\u0131n\u0131 a\u00e7t\u0131. Sergi, 21 May\u0131s\u2019a kadar Yap\u0131 Kredi bomontiada GALER\u0130\u2019de sonras\u0131nda ise 30 A\u011fustos &#8211; 12 Kas\u0131m tarihleri aras\u0131nda \u0130stanbul Atat\u00fcrk K\u00fclt\u00fcr Merkezi\u2019nde ziyarete a\u00e7\u0131k olacak.<\/strong><\/h2>\n<p>\u00d6mr\u00fc, bir ulusa \u00f6zg\u00fcrl\u00fc\u011f\u00fcn\u00fc ve Cumhuriyet\u2019ini kazand\u0131rma m\u00fccadelesi ile ge\u00e7en Gazi Mustafa Kemal Atat\u00fcrk\u2019\u00fcn portreleri, \u2018\u0130zindeyiz Atam\u2019 sergisinde \u00f6zel bir \u00e7al\u0131\u015fmayla bir araya getirildi. Mikro art sanat\u00e7\u0131s\u0131 Hasan Kale, Atat\u00fcrk portrelerini bir kibrit \u00e7ubu\u011fu, bir kelebek kanad\u0131 gibi k\u00fc\u00e7\u00fck objelere ta\u015f\u0131d\u0131.<strong> \u2018Ulu \u00d6nder\u2019in 23 eserde resmedildi\u011fi \u2018\u0130zindeyiz Atam\u2019 sergisi<\/strong>, OPET\u2019in de <img loading=\"lazy\" class=\"alignright wp-image-173852\" src=\"https:\/\/www.enerjigazetesi.ist\/wp-content\/uploads\/2023\/04\/opetin-sponsorlari-arasinda-yer-aldigi-izindeyiz-atam-ataturk-sergisi-2.jpg\" alt=\"\" width=\"320\" height=\"212\" srcset=\"https:\/\/www.enerjigazetesi.ist\/wp-content\/uploads\/2023\/04\/opetin-sponsorlari-arasinda-yer-aldigi-izindeyiz-atam-ataturk-sergisi-2.jpg 550w, https:\/\/www.enerjigazetesi.ist\/wp-content\/uploads\/2023\/04\/opetin-sponsorlari-arasinda-yer-aldigi-izindeyiz-atam-ataturk-sergisi-2-300x199.jpg 300w, https:\/\/www.enerjigazetesi.ist\/wp-content\/uploads\/2023\/04\/opetin-sponsorlari-arasinda-yer-aldigi-izindeyiz-atam-ataturk-sergisi-2-500x332.jpg 500w, https:\/\/www.enerjigazetesi.ist\/wp-content\/uploads\/2023\/04\/opetin-sponsorlari-arasinda-yer-aldigi-izindeyiz-atam-ataturk-sergisi-2-75x50.jpg 75w, https:\/\/www.enerjigazetesi.ist\/wp-content\/uploads\/2023\/04\/opetin-sponsorlari-arasinda-yer-aldigi-izindeyiz-atam-ataturk-sergisi-2-450x300.jpg 450w\" sizes=\"(max-width: 320px) 100vw, 320px\" \/>sponsorlu\u011funda, <strong>Yap\u0131 Kredi bomontiada GALER\u0130\u2019<\/strong>de 21 May\u0131s\u2019a kadar ziyarete a\u00e7\u0131k olacak.<\/p>\n<h3><strong>Sanata dair yepyeni bir konu\u015fma dili<\/strong><\/h3>\n<p>Mikro art sanat\u0131nda<strong> resim ve heykeller<\/strong>, \u00e7e\u015fitli objelere mercek veya mikroskopla g\u00f6r\u00fclebilecek k\u00fc\u00e7\u00fckl\u00fckte uygulan\u0131yor. Atat\u00fcrk portrelerini k\u00fc\u00e7\u00fck objelere i\u015fleyen Hasan Kale, g\u00f6zle g\u00f6r\u00fclemeyene sanat i\u015flemek olarak tan\u0131mlanan <strong>mikro art sanat\u0131n\u0131<\/strong> \u015fu s\u00f6zlerle anlat\u0131yor: <em>\u201cEs ge\u00e7ti\u011fimiz \u00e7\u00f6p dedi\u011fimiz bazen g\u00f6rmedi\u011fimiz b\u00fct\u00fcn o minicik objeleri birer sanat kaps\u00fcllerine \u00e7evirerek de\u011fi\u015fik pencereleri a\u00e7an, ba\u015fka bak\u0131\u015f a\u00e7\u0131lar\u0131 getiren ve sanata dair yepyeni bir konu\u015fma dili olu\u015fturan bir sanat dal\u0131 mikro art.\u201d<\/em><\/p>\n<p>Sanat hayat\u0131nda, 47 y\u0131l boyunca resmin her dal\u0131yla ilgilenen Hasan Kale, 80\u2019li y\u0131llarda minyat\u00fcr sanat\u0131 ile ilgili \u00e7al\u0131\u015fmalar ger\u00e7ekle\u015ftirdi. Kale, 90\u2019l\u0131 y\u0131llarda, bir gece f\u0131r\u00e7a \u00e7al\u0131\u015fmas\u0131 yaparken 1 mm\u2019ye neler yap\u0131labilir sorusunun akl\u0131na d\u00fc\u015fmesiyle <strong>mikro art \u00e7al\u0131\u015fmalar\u0131na<\/strong> ba\u015flad\u0131. The Sun gazetesi taraf\u0131ndan <strong>\u2018T\u00fcrkiye\u2019nin Microangelo\u2019su\u2019<\/strong> olarak d\u00fcnyaya lanse edilen <strong>Hasan Kale<\/strong>, mikro art eserleri, b\u00fcy\u00fck ya\u011fl\u0131boya eserleri, m\u00fccevher ve end\u00fcstriyel tasar\u0131mlar\u0131, sanat\u0131n\u0131 k\u00fclt\u00fcrle harmanlad\u0131\u011f\u0131 <strong>televizyon programlar\u0131, \u00fcniversitelerde verdi\u011fi seminerler, workshop\u2019lar<\/strong> ve<strong> sergileriyle<\/strong> sanatseverlerle bulu\u015fmaya devam ediyor.<\/p>\n<p><strong>\u2018\u0130zindeyiz Atam\u2019 sergisi<\/strong>, <strong>Yap\u0131 Kredi bomontiada GALER\u0130<\/strong>\u2019nin ard\u0131ndan, \u0130stanbul Atat\u00fcrk K\u00fclt\u00fcr Merkezi\u2019nde 30 A\u011fustos &#8211; 12 Kas\u0131m tarihleri aras\u0131nda ziyaret\u00e7ilerini a\u011f\u0131rlamaya devam edecek.<\/p>","protected":false},"excerpt":{"rendered":"<p>Sorry, this entry is only available in Turkish. For the sake of viewer convenience, the content is shown below in the alternative language. You may click the link to switch the active language. Ulu \u00d6nder Mustafa Kemal Atat\u00fcrk\u2019\u00fcn portreleri, mikro art sanat\u0131 ile k\u00fc\u00e7\u00fck objelerde devle\u015ftirildi. OPET\u2019in sponsorlar\u0131 aras\u0131nda yer ald\u0131\u011f\u0131 \u2018\u0130zindeyiz Atam\u2019 Atat\u00fcrk sergisi, [&hellip;]<\/p>\n","protected":false},"author":1,"featured_media":173856,"comment_status":"open","ping_status":"open","sticky":false,"template":"","format":"standard","meta":[],"categories":[53,44],"tags":[109090,109092,109091,109089,4479,8362],"views":68,"_links":{"self":[{"href":"https:\/\/www.enerjigazetesi.ist\/en\/wp-json\/wp\/v2\/posts\/173849"}],"collection":[{"href":"https:\/\/www.enerjigazetesi.ist\/en\/wp-json\/wp\/v2\/posts"}],"about":[{"href":"https:\/\/www.enerjigazetesi.ist\/en\/wp-json\/wp\/v2\/types\/post"}],"author":[{"embeddable":true,"href":"https:\/\/www.enerjigazetesi.ist\/en\/wp-json\/wp\/v2\/users\/1"}],"replies":[{"embeddable":true,"href":"https:\/\/www.enerjigazetesi.ist\/en\/wp-json\/wp\/v2\/comments?post=173849"}],"version-history":[{"count":0,"href":"https:\/\/www.enerjigazetesi.ist\/en\/wp-json\/wp\/v2\/posts\/173849\/revisions"}],"wp:featuredmedia":[{"embeddable":true,"href":"https:\/\/www.enerjigazetesi.ist\/en\/wp-json\/wp\/v2\/media\/173856"}],"wp:attachment":[{"href":"https:\/\/www.enerjigazetesi.ist\/en\/wp-json\/wp\/v2\/media?parent=173849"}],"wp:term":[{"taxonomy":"category","embeddable":true,"href":"https:\/\/www.enerjigazetesi.ist\/en\/wp-json\/wp\/v2\/categories?post=173849"},{"taxonomy":"post_tag","embeddable":true,"href":"https:\/\/www.enerjigazetesi.ist\/en\/wp-json\/wp\/v2\/tags?post=173849"}],"curies":[{"name":"wp","href":"https:\/\/api.w.org\/{rel}","templated":true}]}}