{"id":173844,"date":"2023-04-29T11:26:21","date_gmt":"2023-04-29T08:26:21","guid":{"rendered":"https:\/\/www.enerjigazetesi.ist\/?p=173844"},"modified":"2023-04-29T11:28:27","modified_gmt":"2023-04-29T08:28:27","slug":"naturelgazin-brut-karinda-onceki-yilin-ayni-donemine-gore-yuzde-50-artis","status":"publish","type":"post","link":"https:\/\/www.enerjigazetesi.ist\/en\/naturelgazin-brut-karinda-onceki-yilin-ayni-donemine-gore-yuzde-50-artis\/","title":{"rendered":"(Turkish) Naturelgaz\u2019\u0131n Br\u00fct Kar\u0131nda \u00d6nceki Y\u0131l\u0131n Ayn\u0131 D\u00f6nemine G\u00f6re % 50 Art\u0131\u015f&#8230;"},"content":{"rendered":"<p class=\"qtranxs-available-languages-message qtranxs-available-languages-message-en\">Sorry, this entry is only available in <a href=\"https:\/\/www.enerjigazetesi.ist\/tr\/wp-json\/wp\/v2\/posts\/173844\" class=\"qtranxs-available-language-link qtranxs-available-language-link-tr\" title=\"Turkish\">Turkish<\/a>. For the sake of viewer convenience, the content is shown below in the alternative language. You may click the link to switch the active language.<\/p><p><\/p>\n<h2><strong>Naturelgaz\u2019\u0131n br\u00fct kar\u0131, \u00f6nceki y\u0131l\u0131n ayn\u0131 d\u00f6nemine g\u00f6re y\u00fczde 50 art\u0131\u015fla 121 milyon TL\u2019ye y\u00fckseldi. \u015eirketin FAV\u00d6K\u2019\u00fc ise 2022 y\u0131l\u0131 ilk \u00e7eyre\u011fine g\u00f6re y\u00fczde 76 art\u0131\u015fla 110,7 milyon TL oldu.\u00a0<\/strong><\/h2>\n<p>Ta\u015f\u0131mal\u0131 do\u011fal gaz pazar\u0131nda faaliyet g\u00f6steren <strong>Global Yat\u0131r\u0131m Holding A.\u015e.<\/strong> i\u015ftiraki <strong>Naturelgaz<\/strong>, 2023 y\u0131l\u0131 ilk \u00e7eyre\u011fine ili\u015fkin finansal sonu\u00e7lar\u0131n\u0131 a\u00e7\u0131klad\u0131.<\/p>\n<p>2023 ilk \u00e7eyrek itibariyle Naturelgaz&#8217;\u0131n sat\u0131\u015f gelirleri bir \u00f6nceki y\u0131l\u0131n ayn\u0131 d\u00f6nemine k\u0131yasla y\u00fczde 85 artarak 855.4 milyon TL olarak ger\u00e7ekle\u015fti. Ayn\u0131 d\u00f6nemde \u015eirketin toplam sat\u0131\u015f hacmi ise y\u00fczde 10 oran\u0131nda artarak 75 milyon Sm<sup>3<\/sup> seviyesine y\u00fckseldi. \u015eirketin vergi \u00f6ncesi kar rakam\u0131 ise 2022 y\u0131l\u0131n\u0131n ilk <img loading=\"lazy\" class=\"alignright wp-image-173847\" src=\"https:\/\/www.enerjigazetesi.ist\/wp-content\/uploads\/2023\/04\/naturelgazin-brut-karinda-onceki-yilin-ayni-donemine-gore-yuzde-50-artis.jpg\" alt=\"\" width=\"320\" height=\"260\" srcset=\"https:\/\/www.enerjigazetesi.ist\/wp-content\/uploads\/2023\/04\/naturelgazin-brut-karinda-onceki-yilin-ayni-donemine-gore-yuzde-50-artis.jpg 550w, https:\/\/www.enerjigazetesi.ist\/wp-content\/uploads\/2023\/04\/naturelgazin-brut-karinda-onceki-yilin-ayni-donemine-gore-yuzde-50-artis-300x244.jpg 300w, https:\/\/www.enerjigazetesi.ist\/wp-content\/uploads\/2023\/04\/naturelgazin-brut-karinda-onceki-yilin-ayni-donemine-gore-yuzde-50-artis-492x400.jpg 492w, https:\/\/www.enerjigazetesi.ist\/wp-content\/uploads\/2023\/04\/naturelgazin-brut-karinda-onceki-yilin-ayni-donemine-gore-yuzde-50-artis-62x50.jpg 62w, https:\/\/www.enerjigazetesi.ist\/wp-content\/uploads\/2023\/04\/naturelgazin-brut-karinda-onceki-yilin-ayni-donemine-gore-yuzde-50-artis-500x406.jpg 500w\" sizes=\"(max-width: 320px) 100vw, 320px\" \/>\u00e7eyre\u011fine g\u00f6re y\u00fczde 113 art\u0131\u015fla <strong>88.9 milyon TL<\/strong> olarak ger\u00e7ekle\u015fti.<\/p>\n<p><strong>D\u00f6kme, \u015eehir gaz\u0131 ve Oto CNG<\/strong> i\u015f kollar\u0131nda faaliyet g\u00f6steren \u015eirketin ilk \u00e7eyrekteki m\u00fc\u015fteri portf\u00f6y\u00fcne \u015eehir gaz\u0131 sat\u0131\u015flar\u0131 \u00f6nc\u00fcl\u00fck etti.<\/p>\n<p>\u015eehir Gaz\u0131 i\u015f kolunda, boru hatt\u0131 \u015febekesine ba\u011fl\u0131 olmayan il\u00e7e ve beldelerin do\u011fal gaz ihtiyac\u0131n\u0131 kar\u015f\u0131lamak amac\u0131yla, do\u011fal gaz da\u011f\u0131t\u0131m \u015firketlerine ta\u015f\u0131mal\u0131 y\u00f6ntem ile do\u011fal gaz sat\u0131\u015f\u0131 yapan Naturelgaz\u2019\u0131n bu i\u015fkolundaki sat\u0131\u015f hacmi, 2023 y\u0131l\u0131nda bir \u00f6nceki y\u0131la g\u00f6re y\u00fczde 46 art\u0131\u015fla 51,2 milyon Sm<sup>3<\/sup> seviyesine y\u00fckseldi.<\/p>\n<p>Naturelgaz\u2019\u0131n br\u00fct k\u00e2r\u0131 2023 ilk \u00e7eyre\u011finde bir \u00f6nceki y\u0131l\u0131n ayn\u0131 d\u00f6nemine k\u0131yasla y\u00fczde 50 oran\u0131nda art\u0131\u015fla 121 milyon TL ger\u00e7ekle\u015fmi\u015ftir. 2023 y\u0131l\u0131 ilk \u00e7eyrek \u00a0d\u00f6neminde 110,7 milyon TL\u00a0faiz, amortisman ve vergi \u00f6ncesi k\u00e2r (\u2018FAV\u00d6K&#8217;) elde eden Naturelgaz, 2022 y\u0131l\u0131 ayn\u0131 d\u00f6nemine g\u00f6re 47,7 milyon TL art\u0131\u015f g\u00f6stermi\u015f oldu.<\/p>\n<p>Br\u00fct karl\u0131l\u0131k ve FAV\u00d6K\u2019te bir \u00f6nceki y\u0131l\u0131n ayn\u0131 \u00e7eyre\u011fine g\u00f6re ger\u00e7ekle\u015fen b\u00fcy\u00fcme; hacim art\u0131\u015f\u0131, artan \u015fehir gaz\u0131 sat\u0131\u015flar\u0131 ile mevsimsellik etkisinin \u00f6nemli \u00f6l\u00e7\u00fcde azalmas\u0131 ve bu sayede maliyetlerin etkin bir \u015fekilde y\u00f6netilmesi sonucu olu\u015ftu.<\/p>\n<h3><strong>Kapasite art\u0131r\u0131c\u0131 ve maliyetleri azalt\u0131c\u0131 yat\u0131r\u0131mlar yap\u0131yoruz<\/strong><\/h3>\n<p>\u015eirketin 2023 y\u0131l\u0131 ilk \u00e7eyrek finansal ve operasyonel performans\u0131n\u0131 de\u011ferlendiren Naturelgaz Genel M\u00fcd\u00fcr\u00fc Hasan Tahsin Turan <em>\u201c\u00d6ncelikle \u00fclkemizin ya\u015fad\u0131\u011f\u0131 deprem felaketinde hayat\u0131n\u0131 kaybeden vatanda\u015flar\u0131m\u0131za Allah\u2019tan rahmet diliyorum. B\u00f6lgede tesisleri ve operasyonu bulunan bir \u015eirket <img loading=\"lazy\" class=\"alignleft wp-image-173846\" src=\"https:\/\/www.enerjigazetesi.ist\/wp-content\/uploads\/2023\/04\/1682701602_Naturelgaz_CEO_su_Hasan_Tahsin_Turan.jpg\" alt=\"\" width=\"320\" height=\"436\" srcset=\"https:\/\/www.enerjigazetesi.ist\/wp-content\/uploads\/2023\/04\/1682701602_Naturelgaz_CEO_su_Hasan_Tahsin_Turan.jpg 352w, https:\/\/www.enerjigazetesi.ist\/wp-content\/uploads\/2023\/04\/1682701602_Naturelgaz_CEO_su_Hasan_Tahsin_Turan-220x300.jpg 220w, https:\/\/www.enerjigazetesi.ist\/wp-content\/uploads\/2023\/04\/1682701602_Naturelgaz_CEO_su_Hasan_Tahsin_Turan-293x400.jpg 293w, https:\/\/www.enerjigazetesi.ist\/wp-content\/uploads\/2023\/04\/1682701602_Naturelgaz_CEO_su_Hasan_Tahsin_Turan-37x50.jpg 37w\" sizes=\"(max-width: 320px) 100vw, 320px\" \/>olarak biz de yaralar\u0131n h\u0131zl\u0131ca sar\u0131lmas\u0131na y\u00f6nelik elimizden geldi\u011fince katk\u0131 vermeye \u00e7al\u0131\u015ft\u0131k.\u201d<\/em> dedi.<\/p>\n<p>Turan,<em> \u201cDo\u011fal afet nedeniyle zor bir d\u00f6nem olan ilk \u00e7eyre\u011fi \u00e7al\u0131\u015fanlar\u0131m\u0131z\u0131n \u00fcst\u00fcn performans\u0131 ile en iyi \u015fekilde kapat\u0131rken 2022 y\u0131l\u0131ndaki ba\u015far\u0131l\u0131 finansal performans\u0131m\u0131z\u0131, 2023 y\u0131l\u0131 ilk \u00e7eyre\u011finde de s\u00fcrd\u00fcrd\u00fck\u201d<\/em> diye konu\u015ftu.<\/p>\n<p>\u00c7eyrekler itibariyle m\u00fc\u015fteri portf\u00f6ylerinde farkl\u0131 i\u015f kollar\u0131n\u0131n a\u011f\u0131rl\u0131kta oldu\u011funu belirten Turan, <em>\u201c\u015eirketin performans\u0131n\u0131 de\u011ferlendirirken \u00f6nceki y\u0131l\u0131n ayn\u0131 \u00e7eyre\u011fi ile k\u0131yaslamak en do\u011fru analizi veriyor. \u0130lk \u00e7eyrek a\u011f\u0131rl\u0131kl\u0131 olarak \u015eehirgaz\u0131 i\u015f kolunun yo\u011fun oldu\u011fu bir d\u00f6nem ve bu \u00e7eyre\u011fin marjlar\u0131 ge\u00e7en y\u0131l oldu\u011fu gibi di\u011fer \u00e7eyreklerin gerisinde seyrediyor. 2023 y\u0131l\u0131n\u0131n ilk \u00e7eyre\u011finde 110,7 milyon TL FAV\u00d6K elde ederek, olduk\u00e7a \u00f6nemli bir b\u00fcy\u00fcmeye imza att\u0131k. Ge\u00e7en y\u0131l\u0131n ayn\u0131 d\u00f6nemine g\u00f6re hedeflerimizin \u00fczerinde ger\u00e7ekle\u015fen birinci \u00e7eyrek finansal ve operasyonel sonu\u00e7lar\u0131m\u0131z ile ta\u015f\u0131mal\u0131 do\u011fal gaz pazar\u0131ndaki \u00f6nc\u00fc konumumuzu g\u00fc\u00e7lendirmeye ve faaliyetlerimizi \u00e7e\u015fitlendirmeye devam edece\u011fiz&#8221;<\/em> \u015feklinde konu\u015ftu.<\/p>\n<p>2023 y\u0131l\u0131 i\u00e7erisinde hem kapasite art\u0131r\u0131c\u0131 hem de maliyet azalt\u0131c\u0131 yat\u0131r\u0131mlar yap\u0131laca\u011f\u0131n\u0131 belirten Turan, <em>\u201c\u015eirket olarak yeni t\u00fcp al\u0131mlar\u0131 ve end\u00fcstriyel CNG tesisi a\u00e7\u0131l\u0131\u015flar\u0131 ile kapasitemizi art\u0131r\u0131rken, \u00c7ekici al\u0131mlar\u0131 ve GES yat\u0131r\u0131mlar\u0131 ile de lojistik ve elektrik giderlerimizi azaltmay\u0131 hedefliyoruz.\u201d<\/em> \u015feklinde konu\u015ftu.<\/p>","protected":false},"excerpt":{"rendered":"<p>Sorry, this entry is only available in Turkish. For the sake of viewer convenience, the content is shown below in the alternative language. You may click the link to switch the active language. Naturelgaz\u2019\u0131n br\u00fct kar\u0131, \u00f6nceki y\u0131l\u0131n ayn\u0131 d\u00f6nemine g\u00f6re y\u00fczde 50 art\u0131\u015fla 121 milyon TL\u2019ye y\u00fckseldi. \u015eirketin FAV\u00d6K\u2019\u00fc ise 2022 y\u0131l\u0131 ilk \u00e7eyre\u011fine [&hellip;]<\/p>\n","protected":false},"author":1,"featured_media":173847,"comment_status":"open","ping_status":"open","sticky":false,"template":"","format":"standard","meta":[],"categories":[46,53],"tags":[23219,109088,12810,48284,101375],"views":30,"_links":{"self":[{"href":"https:\/\/www.enerjigazetesi.ist\/en\/wp-json\/wp\/v2\/posts\/173844"}],"collection":[{"href":"https:\/\/www.enerjigazetesi.ist\/en\/wp-json\/wp\/v2\/posts"}],"about":[{"href":"https:\/\/www.enerjigazetesi.ist\/en\/wp-json\/wp\/v2\/types\/post"}],"author":[{"embeddable":true,"href":"https:\/\/www.enerjigazetesi.ist\/en\/wp-json\/wp\/v2\/users\/1"}],"replies":[{"embeddable":true,"href":"https:\/\/www.enerjigazetesi.ist\/en\/wp-json\/wp\/v2\/comments?post=173844"}],"version-history":[{"count":0,"href":"https:\/\/www.enerjigazetesi.ist\/en\/wp-json\/wp\/v2\/posts\/173844\/revisions"}],"wp:featuredmedia":[{"embeddable":true,"href":"https:\/\/www.enerjigazetesi.ist\/en\/wp-json\/wp\/v2\/media\/173847"}],"wp:attachment":[{"href":"https:\/\/www.enerjigazetesi.ist\/en\/wp-json\/wp\/v2\/media?parent=173844"}],"wp:term":[{"taxonomy":"category","embeddable":true,"href":"https:\/\/www.enerjigazetesi.ist\/en\/wp-json\/wp\/v2\/categories?post=173844"},{"taxonomy":"post_tag","embeddable":true,"href":"https:\/\/www.enerjigazetesi.ist\/en\/wp-json\/wp\/v2\/tags?post=173844"}],"curies":[{"name":"wp","href":"https:\/\/api.w.org\/{rel}","templated":true}]}}