{"id":173763,"date":"2023-04-28T09:58:11","date_gmt":"2023-04-28T06:58:11","guid":{"rendered":"https:\/\/www.enerjigazetesi.ist\/?p=173763"},"modified":"2023-04-28T10:03:37","modified_gmt":"2023-04-28T07:03:37","slug":"gunder-voc-test-merkezi-gundermym-projesi-kapanis-toplantisi-yapildi","status":"publish","type":"post","link":"https:\/\/www.enerjigazetesi.ist\/en\/gunder-voc-test-merkezi-gundermym-projesi-kapanis-toplantisi-yapildi\/","title":{"rendered":"G\u00dcNDER VOC Test Merkezi (G\u00dcNDERMYM) Projesi"},"content":{"rendered":"<p class=\"qtranxs-available-languages-message qtranxs-available-languages-message-en\">Sorry, this entry is only available in <a href=\"https:\/\/www.enerjigazetesi.ist\/tr\/wp-json\/wp\/v2\/posts\/173763\" class=\"qtranxs-available-language-link qtranxs-available-language-link-tr\" title=\"Turkish\">Turkish<\/a>. For the sake of viewer convenience, the content is shown below in the alternative language. You may click the link to switch the active language.<\/p><p><\/p>\n<h2><strong>Avrupa Birli\u011fi Kat\u0131l\u0131m \u00d6ncesi Mali Yard\u0131m Arac\u0131 (IPA) \u0130nsan Kaynaklar\u0131n\u0131n Geli\u015ftirilmesi Operasyonel Program\u0131 (\u0130KG OP) kapsam\u0131nda finanse edilen Voc-Test Merkezleri\u2013III Hibe Program\u0131 \u00e7er\u00e7evesinde T\u00fcrkiye G\u00fcne\u015f Enerjisi Birli\u011fi G\u00dcNDER taraf\u0131ndan y\u00fcr\u00fct\u00fclen G\u00dcNDERMYM Projesi\u2019nin kapan\u0131\u015f toplant\u0131s\u0131 27 Nisan 2023 tarihinde Point Hotel Ankara\u2019da ger\u00e7ekle\u015ftirildi. Kamu ve \u00f6zel sekt\u00f6r temsilcilerinin yo\u011fun ilgi g\u00f6sterdi\u011fi toplant\u0131da, g\u00fcne\u015f enerjisi sekt\u00f6r\u00fcn\u00fcn mesleki yeterlili\u011fi i\u00e7in yol haritas\u0131 belirlendi.<\/strong><\/h2>\n<p style=\"text-align: center;\"><img loading=\"lazy\" class=\"aligncenter size-full wp-image-173766\" src=\"https:\/\/www.enerjigazetesi.ist\/wp-content\/uploads\/2023\/04\/gunder-voc-test-merkezi-gundermym-projesi-kapanis-toplantisi-yapildi.jpg\" alt=\"\" width=\"480\" height=\"480\" srcset=\"https:\/\/www.enerjigazetesi.ist\/wp-content\/uploads\/2023\/04\/gunder-voc-test-merkezi-gundermym-projesi-kapanis-toplantisi-yapildi.jpg 480w, https:\/\/www.enerjigazetesi.ist\/wp-content\/uploads\/2023\/04\/gunder-voc-test-merkezi-gundermym-projesi-kapanis-toplantisi-yapildi-300x300.jpg 300w, https:\/\/www.enerjigazetesi.ist\/wp-content\/uploads\/2023\/04\/gunder-voc-test-merkezi-gundermym-projesi-kapanis-toplantisi-yapildi-150x150.jpg 150w, https:\/\/www.enerjigazetesi.ist\/wp-content\/uploads\/2023\/04\/gunder-voc-test-merkezi-gundermym-projesi-kapanis-toplantisi-yapildi-400x400.jpg 400w, https:\/\/www.enerjigazetesi.ist\/wp-content\/uploads\/2023\/04\/gunder-voc-test-merkezi-gundermym-projesi-kapanis-toplantisi-yapildi-50x50.jpg 50w, https:\/\/www.enerjigazetesi.ist\/wp-content\/uploads\/2023\/04\/gunder-voc-test-merkezi-gundermym-projesi-kapanis-toplantisi-yapildi-100x100.jpg 100w\" sizes=\"(max-width: 480px) 100vw, 480px\" \/><\/p>\n<p>T\u00fcrkiye G\u00fcne\u015f Enerjisi Birli\u011fi G\u00dcNDER taraf\u0131ndan y\u00fcr\u00fct\u00fclen G\u00dcNDERMYM Projesi\u2019nin kapan\u0131\u015f toplant\u0131s\u0131 27 Nisan 2023 tarihinde Point Hotel Ankara\u2019da ger\u00e7ekle\u015ftirildi. Kapan\u0131\u015f toplant\u0131s\u0131nda a\u00e7\u0131l\u0131\u015f konu\u015fmalar\u0131 G\u00dcNDER YK Ba\u015fkan\u0131 <strong>Kutay KALEL\u0130<\/strong> ve AB T\u00fcrkiye Delegasyonu Sekt\u00f6r Y\u00f6neticisi <strong>Prof. Dr. Mustafa BALCI<\/strong> taraf\u0131ndan yap\u0131ld\u0131. G\u00dcNDER YK Ba\u015fkan\u0131 Kutay KALEL\u0130 g\u00fcne\u015f enerjisi sekt\u00f6r\u00fcn\u00fcn g\u00fcncel durumuna de\u011finerek mesleki yeterlilik merkezinin sekt\u00f6re yapaca\u011f\u0131 katk\u0131lar\u0131 vurgulad\u0131. AB T\u00fcrkiye Delegasyonu Sekt\u00f6r Y\u00f6neticisi Prof. Dr. Mustafa BALCI G\u00dcNDER taraf\u0131ndan tamamlanan projenin \u00f6nemli bir <strong>\u00f6rnek te\u015fkil etti\u011fini<\/strong> ve <strong>yenilenebilir enerji sekt\u00f6r\u00fcnde<\/strong> yeni projeler geli\u015ftirilmesinin \u00f6nemine vurgu yapt\u0131. A\u00e7\u0131l\u0131\u015f konu\u015fmalar\u0131n\u0131n ard\u0131ndan G\u00dcNDER proje ekibi taraf\u0131ndan<strong> projenin \u00e7\u0131kt\u0131lar\u0131<\/strong> ve <strong>mesleki yeterlilik merkezine<\/strong> duyulan ihtiyac\u0131n \u00f6neminin yan\u0131 s\u0131ra iklim de\u011fi\u015fikli\u011fi ve toplumsal cinsiyet e\u015fitli\u011fi konular\u0131nda bilgilendirme yap\u0131ld\u0131.<\/p>\n<p>1 Kas\u0131m 2020 tarihinde ba\u015flayan G\u00dcNDERMYM Projesi, G\u00dcNDER\u2019in T.C. \u00c7al\u0131\u015fma ve Sosyal G\u00fcvenlik Bakanl\u0131\u011f\u0131 Avrupa Birli\u011fi ve Mali Yard\u0131mlar Dairesi Ba\u015fkanl\u0131\u011f\u0131 ile imzalanan hibe s\u00f6zle\u015fmesi kapsam\u0131nda y\u00fcr\u00fct\u00fcld\u00fc. <strong>G\u00dcNDER VOC Test Merkezleri Projesi<\/strong>, 2 y\u0131l\u0131 a\u015fk\u0131n s\u00fcredir G\u00dcNDER Ekibinin proje koordinasyonunda y\u00fcr\u00fct\u00fclmektedir. Projenin ana hedefleri; Ulusal Meslek Standartlar\u0131 ve Ulusal Yeterliliklerin Geli\u015ftirilmesini ve Revizyonunu Desteklemek, Meslek Standartlar\u0131 Geli\u015ftirmek, Mesleki Bilgi ve Beceri S\u0131nav ve Belgelendirme Merkezleri kurulmas\u0131n\u0131 desteklemek olarak belirlenmi\u015ftir.<\/p>\n<p><strong>G\u00fcne\u015f Enerjisi Sekt\u00f6r\u00fc<\/strong> i\u00e7in her y\u0131l 500\u2019\u00fcn \u00fczerinde aday\u0131 s\u0131nav yapma potansiyeline sahip olan G\u00dcNDER Mesleki Yeterlilik Merkezi (G\u00dcNDERMYM) T\u00fcrkiye\u2019nin g\u00fcne\u015f enerjisi sekt\u00f6r\u00fcn\u00fcn istihdam kalitesine y\u00f6n verecek \u00e7al\u0131\u015fmalar\u0131na ba\u015fl\u0131yor. 2020 y\u0131l\u0131ndan bu yana, G\u00dcNDER Ekibinin proje koordinasyonunda devam eden G\u00dcNDERMYM, g\u00fcne\u015f enerji sekt\u00f6r\u00fcnde \u00e7al\u0131\u015fan ve \u00e7al\u0131\u015fmak isteyenlerin sahip olmas\u0131 gereken asgari standartlar\u0131, ulusal ve uluslararas\u0131 yeterlilikleri sa\u011flamas\u0131na katk\u0131 sunacak. Ulusal Yeterliliklere \u0130li\u015fkin Europass Sertifikas\u0131 kapsam\u0131nda gerek yurt i\u00e7inde gerekse Avrupa Birli\u011fi\u2019nde istihdam\u0131n do\u011fru y\u00f6netilmesi ve i\u015f g\u00fcvenli\u011finden en \u00fcst d\u00fczeyde faydalan\u0131lmas\u0131na olanak sunan G\u00dcNDERMYM, g\u00fcne\u015f enerjisi sekt\u00f6r\u00fcn\u00fcn s\u0131nav merkezi olmak i\u00e7in Mesleki Yeterlilik Kurumu (MYK) taraf\u0131ndan 1 Mart 2023 tarihinde yetkilendirildi.<\/p>\n<p>Avrupa Birli\u011fi Kat\u0131l\u0131m \u00d6ncesi Mali Yard\u0131m Arac\u0131 (IPA) \u0130nsan Kaynaklar\u0131n\u0131n Geli\u015ftirilmesi Operasyonel Program\u0131 (\u0130KG OP) kapsam\u0131nda finanse edilen Voc-Test Merkezleri\u2013III Hibe Program\u0131 \u00e7er\u00e7evesinde T\u00fcrkiye G\u00fcne\u015f Enerjisi Birli\u011fi G\u00dcNDER taraf\u0131ndan y\u00fcr\u00fct\u00fclen G\u00dcNDERMYM Projesi, 1 Kas\u0131m 2020 tarihinde ba\u015flad\u0131. G\u00dcNDER\u2019in T.C. \u00c7al\u0131\u015fma ve Sosyal G\u00fcvenlik Bakanl\u0131\u011f\u0131 Avrupa Birli\u011fi ve Mali Yard\u0131mlar Dairesi Ba\u015fkanl\u0131\u011f\u0131 ile imzalanan hibe s\u00f6zle\u015fmesi kapsam\u0131nda, G\u00dcNDER VOC Test Merkezleri Projesi, 2 y\u0131l\u0131 a\u015fk\u0131n s\u00fcredir <strong>G\u00dcNDER Ekibinin proje koordinasyonunda<\/strong> y\u00fcr\u00fct\u00fclmektedir. Projenin ana hedefleri; Ulusal Meslek Standartlar\u0131 ve Ulusal Yeterliliklerin Geli\u015ftirilmesini ve Revizyonunu Desteklemek, Meslek Standartlar\u0131 Geli\u015ftirmek, Mesleki Bilgi ve Beceri S\u0131nav ve Belgelendirme Merkezleri kurulmas\u0131n\u0131 desteklemek olarak belirlenmi\u015ftir.<\/p>\n<p>Enerji d\u00f6n\u00fc\u015f\u00fcm s\u00fcrecine y\u00f6nelik yat\u0131r\u0131m stratejilerinin h\u0131zla geli\u015ftirildi\u011fi g\u00fcn\u00fcm\u00fczde, yenilenebilir enerji sekt\u00f6r\u00fcn\u00fcn do\u011fru \u015fekilde geli\u015fmesi ve istihdama katk\u0131 sa\u011flanmas\u0131 amac\u0131yla hizmet verecek olan <strong>G\u00dcNDERMYM<\/strong>\u2019de; g\u00fcne\u015f enerjisi sekt\u00f6r\u00fcnde \u00e7al\u0131\u015fan ve \u00e7al\u0131\u015fmak isteyenlerin istihdam\u0131 i\u00e7in kurulum dahil olmak \u00fczere, asgari standartlar\u0131n, ulusal ve uluslararas\u0131 yeterliliklerin belirlenmesine katk\u0131 sunulacak. <strong>Ulusal Yeterliliklere \u0130li\u015fkin Europass Sertifikas\u0131<\/strong> kapsam\u0131nda, yurt i\u00e7inde ve Avrupa Birli\u011fi\u2019nde, istihdam\u0131n geli\u015ftirilmesi, kurulum maliyetlerinin do\u011fru y\u00f6netilmesi ve i\u015f g\u00fcvenli\u011finden en \u00fcst d\u00fczeyde faydalan\u0131lmas\u0131 sa\u011flanacak.<\/p>\n<h3><strong>\u201cG\u00fcne\u015f Enerjisi \u0130stihdam\u0131na Y\u00f6n Veren Projenin Kilometre Ta\u015flar\u0131 Tamamland\u0131\u201d<\/strong><\/h3>\n<p>2018 y\u0131l\u0131na uzanan proje haz\u0131rl\u0131k s\u00fcreci ard\u0131ndan, 2020 y\u0131l\u0131 sonu itibariyle G\u00dcNDER taraf\u0131ndan y\u00fcr\u00fct\u00fclen proje sayesinde, T\u00fcrkiye\u2019nin g\u00fcne\u015f enerjisi sekt\u00f6r\u00fcn\u00fcn istihdam\u0131na y\u00f6n veren \u00f6nemli kilometre ta\u015flar\u0131 tamamland\u0131. 2023 Nisan ay\u0131nda sona erecek proje s\u00fcrecinde, Fotovoltaik G\u00fc\u00e7 Sistemleri Personeli (Seviye 4-5) ve G\u00fcne\u015f-Is\u0131l Sistem Personeli (Seviye 4-5) mesleklerinde Ulusal Meslek Standartlar\u0131 ve Ulusal Yeterlilikler, Sekt\u00f6r Uzmanlar\u0131n\u0131n ve Temsilcilerinin kat\u0131ld\u0131\u011f\u0131 \u00e7al\u0131\u015ftaylarda g\u00f6r\u00fc\u015f\u00fclerek revize edildi.<\/p>\n<p>Projenin ana hedeflerden biri olan fark\u0131ndal\u0131k yaratma \u00e7al\u0131\u015fmalar\u0131 kapsam\u0131nda 7 b\u00f6lgemizin 7 \u015fehrinde (Ankara, Antalya, Elaz\u0131\u011f, Gaziantep, \u0130stanbul, \u0130zmir ve Samsun) fark\u0131ndal\u0131k olu\u015fturma seminerleri d\u00fczenlendi. Ulusal Yeterlilik Sistemi hakk\u0131nda bilgilerin verildi\u011fi, yenilenebilir enerji sistemleri, iklim de\u011fi\u015fikli\u011fi, nitelikli i\u015fg\u00fcc\u00fc, kad\u0131n istihdam\u0131, toplumsal cinsiyet e\u015fitli\u011fini te\u015fvik eden politika ve uygulamalar, i\u015fg\u00fcc\u00fc \u00e7e\u015fitlili\u011fi ve proje i\u015fleyi\u015f s\u00fcreci konular\u0131na yer verilen seminerlerde, 500\u2019\u00fcn \u00fczerinde sekt\u00f6r takip\u00e7isi kat\u0131l\u0131mc\u0131 ile bulu\u015fuldu. Mesleki Yeterlilik Kurumu S\u0131nav ve Belgelendirme Dairesi Ba\u015fkanl\u0131\u011f\u0131 Yetkililerinin, Yerel Y\u00f6netim ve G\u00dcNDER \u00dcyesi Firma Temsilcilerinin kat\u0131l\u0131mlar\u0131 ile ger\u00e7ekle\u015ftirilen seminerlerin yan\u0131 s\u0131ra sekt\u00f6rde faaliyet g\u00f6steren firmalar i\u00e7in \u0130\u015f\u00e7i-\u0130\u015fveren fark\u0131ndal\u0131\u011f\u0131n\u0131 sa\u011flamak ve S\u0131nav Merkezi\u2019nin sekt\u00f6re sundu\u011fu katk\u0131lar\u0131 sunmak \u00fczere, Ankara\u2019da bulunan 7 firmaya ziyaret ger\u00e7ekle\u015ftirildi.<\/p>\n<h3><strong>\u201cFotovoltaik ve G\u00fcne\u015f Is\u0131l Sistemleri i\u00e7in S\u0131navlar 2023 May\u0131s itibariyle ba\u015fl\u0131yor\u201d<\/strong><\/h3>\n<p>Projenin y\u00fcr\u00fct\u00fclme s\u00fcrecinde, S\u0131nav Materyalleri ve TS EN ISO\/IEC 17024:2012 Standard\u0131na uygun kalite y\u00f6netim sistemi dok\u00fcmantasyonu haz\u0131rlanarak G\u00dcNDERMYM S\u0131nav Merkezi Ba\u015fkent \u00dcniversitesi Ba\u011fl\u0131ca Kamp\u00fcs\u00fc i\u00e7erisinde kuruldu. Revize edilen Fotovoltaik G\u00fc\u00e7 Sistemleri Personeli (Seviye 4-5) ve G\u00fcne\u015f-Is\u0131l Sistem Personeli (Seviye 4-5) mesleklerinde Ulusal Meslek Standartlar\u0131 ve Ulusal Yeterlilikler \u00fczerinden 9 Aral\u0131k 2022 tarihinde AB-0476-P akreditasyon numaras\u0131 ile T\u00fcrk Akreditasyon Kurumu (T\u00dcRKAK) taraf\u0131ndan akredite edilen G\u00dcNDERMYM\u2019nin 1 Mart 2023 tarihinde YB-0342 kodu ile Mesleki Yeterlilik Kurumu (MYK) taraf\u0131ndan yetkilendirilerek yetki kapsam\u0131ndaki ulusal yeterliliklerde s\u0131nav ve belgelendirme faaliyetlerine resmen ba\u015flanmas\u0131 onayland\u0131. MYK taraf\u0131ndan yetkilendirme s\u00fcre\u00e7leri tamamlanan G\u00dcNDERMYM S\u0131nav Merkezi\u2019nin belgelendirme faaliyetlerine May\u0131s 2023 itibariyle ba\u015flanmas\u0131 planlan\u0131yor.<\/p>\n<h3><strong>G\u00dcNDERMYM, Ankara\u2019n\u0131n Ye\u015fil Kamp\u00fcs\u00fcnde Gen\u00e7lere Ula\u015facak<\/strong><\/h3>\n<p>Fotovoltaik ve G\u00fcne\u015f Is\u0131l Sistemleri alan\u0131nda her y\u0131l y\u00fczlerce aday\u0131 s\u0131nav yapma potansiyeline sahip Ba\u015fkent \u00dcniversitesi\u2019nin Ba\u011fl\u0131ca Kamp\u00fcs\u00fc\u2019nde bulunan G\u00dcNDERMYM S\u0131nav Merkezi\u2019nde T\u00fcrkiye\u2019nin g\u00fcne\u015f enerjisi sekt\u00f6r\u00fcn\u00fcn istihdam\u0131na y\u00f6n verecek i\u015fg\u00fcc\u00fcn\u00fcn belgelendirilmesi sa\u011flanacak. Ankara\u2019n\u0131n ilk ye\u015fil kamp\u00fcslerinden biri olan Ba\u015fkent \u00dcniversitesi, yenilenebilir enerji, iklim de\u011fi\u015fikli\u011fi, geri d\u00f6n\u00fc\u015f\u00fcm, ula\u015f\u0131m ve \u00e7evreye duyarl\u0131l\u0131k alanlar\u0131nda yapt\u0131\u011f\u0131 \u00e7al\u0131\u015fmalar ile 2018 y\u0131l\u0131nda \u201cYe\u015fil Kamp\u00fcs\u201d olarak GreenMetric D\u00fcnya \u00dcniversiteleri s\u0131ralamas\u0131nda akredite oldu. Ba\u015fkent \u00dcniversitesi Ba\u011fl\u0131ca Yerle\u015fkesi, s\u00fcrd\u00fcr\u00fclebilir ve ye\u015fil kamp\u00fcs ilkesi ile S\u00fcrd\u00fcr\u00fclebilir \u00c7evre Uygulama ve Ara\u015ft\u0131rma Merkezi (B\u00dc\u00c7EM) ile birlikte \u00fclkemizde ve d\u00fcnyada \u00f6rnek te\u015fkil etmesi amac\u0131yla; Geri D\u00f6n\u00fc\u015f\u00fcm Sistemlerinden At\u0131k Toplama Sistemlerine <strong>S\u0131f\u0131r At\u0131k Projesi; T\u00fct\u00fcns\u00fcz Kamp\u00fcs, Enerji D\u00f6n\u00fc\u015f\u00fcm Projeleri, Ye\u015fil Bina Y\u00f6netimleri<\/strong> gibi ana ba\u015fl\u0131klara sahip uygulamalar; \u00e7e\u015fitli kamu kurum ve kurulu\u015flar\u0131, \u00f6zel te\u015febb\u00fcsler ile ortak etkinlikler, paneller, tan\u0131t\u0131mlar gibi bir\u00e7ok etkin s\u00fcre\u00e7ler y\u00fcr\u00fctmektedir. 2021 y\u0131l\u0131nda Ba\u011fl\u0131ca Kamp\u00fcs\u00fc\u2019nde kurulumu tamamlanan G\u00fcne\u015f Enerjisi Santrali, ayn\u0131 zamanda T\u00fcrkiye\u2019nin \u00e7al\u0131\u015fan en b\u00fcy\u00fck Carport tipi GES\u2019i olarak s\u0131n\u0131fland\u0131r\u0131lm\u0131\u015ft\u0131r. Elektrik enerjisi ihtiyac\u0131n\u0131n yakla\u015f\u0131k y\u00fczde 50\u2019sini g\u00fcne\u015f enerjisinden sa\u011flayan kamp\u00fcs, yenilenebilir enerji konusunda di\u011fer \u00fcniversite yerle\u015fkelerine de \u00f6rnek te\u015fkil etmektedir. GES projesinin yan\u0131 s\u0131ra idari ve akademik personel ve \u00f6\u011frencilerin kullan\u0131m\u0131na sunulan 4 ara\u00e7 kapasiteli elektrikli ara\u00e7 \u015farj istasyonu kamp\u00fcste hizmet vermektedir.<\/p>\n<p>Belgelendirme s\u00fcre\u00e7lerine ili\u015fkin t\u00fcm detaylara, G\u00dcNDERMYM\u2019nin web sitesinden (<a href=\"http:\/\/www.gundermym.com\/\" target=\"_blank\" rel=\"noopener\">www.gundermym.com<\/a>) ve G\u00dcNDERMYM\u2019nin sosyal medya hesaplar\u0131ndan ula\u015f\u0131labilir.<\/p>","protected":false},"excerpt":{"rendered":"<p>Sorry, this entry is only available in Turkish. For the sake of viewer convenience, the content is shown below in the alternative language. You may click the link to switch the active language. Avrupa Birli\u011fi Kat\u0131l\u0131m \u00d6ncesi Mali Yard\u0131m Arac\u0131 (IPA) \u0130nsan Kaynaklar\u0131n\u0131n Geli\u015ftirilmesi Operasyonel Program\u0131 (\u0130KG OP) kapsam\u0131nda finanse edilen Voc-Test Merkezleri\u2013III Hibe Program\u0131 [&hellip;]<\/p>\n","protected":false},"author":1,"featured_media":173766,"comment_status":"open","ping_status":"open","sticky":false,"template":"","format":"standard","meta":[],"categories":[53,49],"tags":[109071,103592,109069,2206,109070],"views":32,"_links":{"self":[{"href":"https:\/\/www.enerjigazetesi.ist\/en\/wp-json\/wp\/v2\/posts\/173763"}],"collection":[{"href":"https:\/\/www.enerjigazetesi.ist\/en\/wp-json\/wp\/v2\/posts"}],"about":[{"href":"https:\/\/www.enerjigazetesi.ist\/en\/wp-json\/wp\/v2\/types\/post"}],"author":[{"embeddable":true,"href":"https:\/\/www.enerjigazetesi.ist\/en\/wp-json\/wp\/v2\/users\/1"}],"replies":[{"embeddable":true,"href":"https:\/\/www.enerjigazetesi.ist\/en\/wp-json\/wp\/v2\/comments?post=173763"}],"version-history":[{"count":1,"href":"https:\/\/www.enerjigazetesi.ist\/en\/wp-json\/wp\/v2\/posts\/173763\/revisions"}],"predecessor-version":[{"id":173764,"href":"https:\/\/www.enerjigazetesi.ist\/en\/wp-json\/wp\/v2\/posts\/173763\/revisions\/173764"}],"wp:featuredmedia":[{"embeddable":true,"href":"https:\/\/www.enerjigazetesi.ist\/en\/wp-json\/wp\/v2\/media\/173766"}],"wp:attachment":[{"href":"https:\/\/www.enerjigazetesi.ist\/en\/wp-json\/wp\/v2\/media?parent=173763"}],"wp:term":[{"taxonomy":"category","embeddable":true,"href":"https:\/\/www.enerjigazetesi.ist\/en\/wp-json\/wp\/v2\/categories?post=173763"},{"taxonomy":"post_tag","embeddable":true,"href":"https:\/\/www.enerjigazetesi.ist\/en\/wp-json\/wp\/v2\/tags?post=173763"}],"curies":[{"name":"wp","href":"https:\/\/api.w.org\/{rel}","templated":true}]}}