{"id":173712,"date":"2023-04-27T11:20:52","date_gmt":"2023-04-27T08:20:52","guid":{"rendered":"https:\/\/www.enerjigazetesi.ist\/?p=173712"},"modified":"2023-04-27T11:21:16","modified_gmt":"2023-04-27T08:21:16","slug":"komur-endustrisi-4-uncu-temiz-komur-teknolojileri-zirvesinde-bulustu","status":"publish","type":"post","link":"https:\/\/www.enerjigazetesi.ist\/en\/komur-endustrisi-4-uncu-temiz-komur-teknolojileri-zirvesinde-bulustu\/","title":{"rendered":"(Turkish) K\u00f6m\u00fcr End\u00fcstrisi 4. Temiz K\u00f6m\u00fcr Teknolojileri Zirvesi\u2019nde Bulu\u015ftu"},"content":{"rendered":"<p class=\"qtranxs-available-languages-message qtranxs-available-languages-message-en\">Sorry, this entry is only available in <a href=\"https:\/\/www.enerjigazetesi.ist\/tr\/wp-json\/wp\/v2\/posts\/173712\" class=\"qtranxs-available-language-link qtranxs-available-language-link-tr\" title=\"Turkish\">Turkish<\/a>. For the sake of viewer convenience, the content is shown below in the alternative language. You may click the link to switch the active language.<\/p><p><\/p>\n<h2><strong>K\u00f6m\u00fcr end\u00fcstrisinin T\u00fcrkiye\u2019deki en geni\u015f kapsaml\u0131 bulu\u015fmas\u0131 4. Temiz K\u00f6m\u00fcr Teknolojileri Zirvesi, yakla\u015f\u0131k bin 200 ziyaret\u00e7iyi a\u011f\u0131rlad\u0131. Yerli ve yabanc\u0131 uzmanlar\u0131n k\u00f6m\u00fcr end\u00fcstrisinin gelecek yakla\u015f\u0131mlar\u0131n\u0131 tart\u0131\u015ft\u0131\u011f\u0131 Zirve\u2019de, 63 firma yeni \u00fcr\u00fcn, proje ve teknolojilerini tan\u0131tt\u0131.<\/strong><\/h2>\n<p style=\"text-align: center;\"><img loading=\"lazy\" class=\"aligncenter wp-image-173716\" src=\"https:\/\/www.enerjigazetesi.ist\/wp-content\/uploads\/2023\/04\/komur-endustrisi-4-uncu-temiz-komur-teknolojileri-zirvesinde-bulustu-1.jpg\" alt=\"\" width=\"500\" height=\"325\" srcset=\"https:\/\/www.enerjigazetesi.ist\/wp-content\/uploads\/2023\/04\/komur-endustrisi-4-uncu-temiz-komur-teknolojileri-zirvesinde-bulustu-1.jpg 550w, https:\/\/www.enerjigazetesi.ist\/wp-content\/uploads\/2023\/04\/komur-endustrisi-4-uncu-temiz-komur-teknolojileri-zirvesinde-bulustu-1-300x195.jpg 300w, https:\/\/www.enerjigazetesi.ist\/wp-content\/uploads\/2023\/04\/komur-endustrisi-4-uncu-temiz-komur-teknolojileri-zirvesinde-bulustu-1-500x325.jpg 500w, https:\/\/www.enerjigazetesi.ist\/wp-content\/uploads\/2023\/04\/komur-endustrisi-4-uncu-temiz-komur-teknolojileri-zirvesinde-bulustu-1-77x50.jpg 77w\" sizes=\"(max-width: 500px) 100vw, 500px\" \/><\/p>\n<p>T\u00fcrkiye K\u00f6m\u00fcr \u00dcreticileri Derne\u011fi (K\u00d6M\u00dcRDER) taraf\u0131ndan Enerji ve Tabii Kaynaklar Bakanl\u0131\u011f\u0131\u2019n\u0131n deste\u011fiyle ve D\u00fcnya K\u00f6m\u00fcr Birli\u011fi (World Coal Association &#8211; WCA)\u2019nin uluslararas\u0131 partnerli\u011finde d\u00fczenlenen <strong>4. Temiz K\u00f6m\u00fcr Teknolojileri Zirvesi\u00a0<\/strong>(4. Clean Coal Technologies Summit &#8211; CCTS), 24-25 Nisan 2023 tarihlerinde <strong>Ankara\u2019da Divan Otel\u2019de<\/strong> ger\u00e7ekle\u015fti. Enerjide d\u0131\u015fa ba\u011f\u0131ml\u0131l\u0131\u011f\u0131n olas\u0131 risklerinden korunmak i\u00e7in yerli ve milli kaynaklar\u0131n \u00f6nemine dikkat \u00e7ekilen Zirve\u2019de, 21 milyar tonluk yerli k\u00f6m\u00fcr rezervlerimizin hem verimli hem de temiz teknolojilerle ekonomiye kazand\u0131r\u0131lmas\u0131 konusunda at\u0131lmas\u0131 gereken ad\u0131mlar\u0131 uzmanlar tart\u0131\u015ft\u0131. Zirve\u2019de, k\u00f6m\u00fcr end\u00fcstrisinin uluslararas\u0131 projeksiyonuna dair de\u011ferlendirmeler de yap\u0131ld\u0131.<\/p>\n<h3><strong>129 firmadan ziyaret\u00e7iler Ankara<\/strong><strong>\u2019<\/strong><strong>da k\u00f6m\u00fcr i\u00e7in bulu\u015ftu<\/strong><\/h3>\n<p>T\u00fcrkiye\u2019de k\u00f6m\u00fcr end\u00fcstrisini bulu\u015fturan en kapsaml\u0131 Zirve\u2019ye kamu, \u00f6zel sekt\u00f6r, \u00fcniversite, AR-GE ve \u0130SG kurulu\u015flar\u0131ndan yerli ve yabanc\u0131 yakla\u015f\u0131k bin 200 ziyaret\u00e7i kat\u0131ld\u0131. 63 firman\u0131n yeni proje ve teknolojilerini tan\u0131tt\u0131\u011f\u0131 Zirve\u2019yi 129 firmadan temsilciler ziyaret etti. Uluslararas\u0131 Enerji Ajans\u0131 (IEA), D\u00fcnya K\u00f6m\u00fcr Birli\u011fi, Avrupa K\u00f6m\u00fcr ve Linyit Birli\u011fi (EURACOAL)\u2019nden uzmanlar Zirve\u2019de d\u00fcnyada k\u00f6m\u00fcr\u00fcn yeniden y\u00fckseli\u015finin enerji sekt\u00f6r\u00fcndeki yans\u0131malara mercek tuttu. Zirve\u2019de k\u00f6m\u00fcrle ilgili k\u0131sa ve orta vadeli \u00f6ng\u00f6r\u00fcler ile <strong>temiz k\u00f6m\u00fcr teknolojileri<\/strong>ndeki son geli\u015fmeler de \u00f6nemli bir g\u00fcndemi olu\u015fturdu.<\/p>\n<h3><strong>Sekt\u00f6r\u00fcn g\u00fcndemindeki konular oturumlarda tart\u0131\u015f\u0131ld\u0131<\/strong><\/h3>\n<p>Zirve\u2019de d\u00fczenlenen oturumlar\u0131n konular\u0131 \u015funlar oldu: <em>Uluslararas\u0131 K\u00f6m\u00fcr End\u00fcstrisi Yakla\u015f\u0131mlar\u0131, T\u00fcrkiye\u2019de K\u00f6m\u00fcr End\u00fcstrisine Makro Bak\u0131\u015f, \u00dclkemiz K\u00f6m\u00fcr Teknolojilerine ve K\u00f6m\u00fcr Yak\u0131tl\u0131 Termik Santrallerin Kurulum ve \u0130\u015fletilmesine Y\u00f6nelik \u0130yi Uygulamalar, T\u00fcrkiye\u2019de Madencilik ve \u00d6rnek Uygulamalar\u0131, K\u00f6m\u00fcr Madencili\u011finde \u0130\u015f Sa\u011fl\u0131\u011f\u0131 ve G\u00fcvenli\u011fi ile \u0130klim De\u011fi\u015fikli\u011fi Ortam\u0131nda K\u00f6m\u00fcr End\u00fcstrisi ve Temiz K\u00f6m\u00fcr.<\/em><\/p>\n<h3><strong>Zirve\u2019de ortak ak\u0131l ile sekt\u00f6r\u00fcn g\u00fcndemindeki konulara \u00e7\u00f6z\u00fcm arand\u0131<\/strong><\/h3>\n<p>Sekt\u00f6r olarak \u2018T\u00fcrkiye Y\u00fczy\u0131l\u0131, Enerjinin Y\u00fczy\u0131l\u0131\u2019 anlay\u0131\u015f\u0131yla hareket ettiklerini aktaran <strong>T\u00fcrkiye K\u00f6m\u00fcr \u00dcreticileri Derne\u011fi (K\u00d6M\u00dcRDER) Y\u00f6netim Kurulu Ba\u015fkan\u0131 Dr. Hasan H\u00fcseyin Erdo\u011fan<\/strong> \u015funlar\u0131 s\u00f6yledi: <em>\u201cT\u00fcrkiye Y\u00fczy\u0131l\u0131\u2019nda enerji alan\u0131nda en b\u00fcy\u00fck de\u011fi\u015fim ve d\u00f6n\u00fc\u015f\u00fcm\u00fcn temiz k\u00f6m\u00fcr teknolojileriyle ya\u015fanaca\u011f\u0131n\u0131 \u00f6ng\u00f6r\u00fcyoruz. Yerli k\u00f6m\u00fcr\u00fcm\u00fcz\u00fc; bilim, teknoloji, Ar-Ge ve inovasyon ile bulu\u015fturarak verimli bir \u015fekilde ekonomiye kazand\u0131rmak i\u00e7in var g\u00fcc\u00fcm\u00fczle u\u011fra\u015f\u0131yoruz. \u00d6zellikle karbon yakalama teknolojileri kullanarak \u00fcretim yapan yerli k\u00f6m\u00fcr santrallerini 2030 y\u0131l\u0131na kadar sisteme dahil etmeyi planl\u0131yoruz. Temiz K\u00f6m\u00fcr Teknolojileri Zirvesi\u2019nde iki g\u00fcn boyunca uzmanlardan bu alandaki en g\u00fcncel teknolojileri ve geli\u015fmeleri dinledik. Zirve\u2019ye kat\u0131lan yerli ve yabanc\u0131 uzmanlar k\u00f6m\u00fcr\u00fcn bug\u00fcn oldu\u011fu gibi gelecekte de \u00f6ncelikli\u00a0\u00a0bir enerji kayna\u011f\u0131 olaca\u011f\u0131n\u0131 ifade etti. Zirve\u2019yi her y\u0131l hayata ge\u00e7irerek sekt\u00f6r\u00fcm\u00fcz\u00fcn g\u00fcndemindeki konulara ortak ak\u0131l ile \u00e7\u00f6z\u00fcm \u00fcretmesi i\u00e7in \u00f6nemli bir platform olmas\u0131n\u0131 sa\u011flamay\u0131 hedefliyoruz.\u201d<\/em><\/p>\n<h3><strong>Yerli kayna\u011f\u0131m\u0131z k\u00f6m\u00fcr\u00fc milli \u00e7\u0131karlar\u0131m\u0131z\u0131 g\u00f6zeterek ekonomiye kazand\u0131rmal\u0131y\u0131z<\/strong><\/h3>\n<p>4. Temiz K\u00f6m\u00fcr Teknolojileri Zirvesi\u2019nin ikinci g\u00fcn\u00fcn\u00fcn a\u00e7\u0131l\u0131\u015f\u0131n\u0131 ger\u00e7ekle\u015ftiren<strong>Enerji ve Tabii Kaynaklar Bakan Yard\u0131mc\u0131s\u0131 Prof. Dr. \u015eeref Kalayc\u0131\u00a0<\/strong>\u015fu konulara dikkat \u00e7ekti: \u201cYerli kayna\u011f\u0131m\u0131z k\u00f6m\u00fcrden milli \u00e7\u0131karlar\u0131m\u0131z do\u011frultusunda temiz k\u00f6m\u00fcr teknolojileriyle sonuna kadar faydalanmal\u0131y\u0131z. D\u00fcnyada 2023 y\u0131l\u0131nda k\u00f6m\u00fcr talebi t\u00fcm zamanlar\u0131n en y\u00fcksek seviyesine ula\u015facak. K\u00f6m\u00fcr, d\u00fcn, bug\u00fcn ve gelecekte de enerji karmalar\u0131ndaki pay\u0131n\u0131 koruyacak. Karbon \u00e7a\u011f\u0131 devam etti\u011fi s\u00fcrece k\u00f6m\u00fcr kullan\u0131lmaya devam edecek.\u201d<\/p>\n<p>Zirve ile ilgili daha fazla bilgiye ula\u015fmak i\u00e7in\u00a0\u00a0<a href=\"http:\/\/www.cctsummit.com\" target=\"_blank\" rel=\"noopener\">www.cctsummit.com<\/a> adresini ziyaret edebilirsiniz.<\/p>","protected":false},"excerpt":{"rendered":"<p>Sorry, this entry is only available in Turkish. For the sake of viewer convenience, the content is shown below in the alternative language. You may click the link to switch the active language. K\u00f6m\u00fcr end\u00fcstrisinin T\u00fcrkiye\u2019deki en geni\u015f kapsaml\u0131 bulu\u015fmas\u0131 4. Temiz K\u00f6m\u00fcr Teknolojileri Zirvesi, yakla\u015f\u0131k bin 200 ziyaret\u00e7iyi a\u011f\u0131rlad\u0131. Yerli ve yabanc\u0131 uzmanlar\u0131n k\u00f6m\u00fcr [&hellip;]<\/p>\n","protected":false},"author":1,"featured_media":173715,"comment_status":"open","ping_status":"open","sticky":false,"template":"","format":"standard","meta":[],"categories":[51,53,24649],"tags":[109060,107727,109025,14815,15199,1748],"views":35,"_links":{"self":[{"href":"https:\/\/www.enerjigazetesi.ist\/en\/wp-json\/wp\/v2\/posts\/173712"}],"collection":[{"href":"https:\/\/www.enerjigazetesi.ist\/en\/wp-json\/wp\/v2\/posts"}],"about":[{"href":"https:\/\/www.enerjigazetesi.ist\/en\/wp-json\/wp\/v2\/types\/post"}],"author":[{"embeddable":true,"href":"https:\/\/www.enerjigazetesi.ist\/en\/wp-json\/wp\/v2\/users\/1"}],"replies":[{"embeddable":true,"href":"https:\/\/www.enerjigazetesi.ist\/en\/wp-json\/wp\/v2\/comments?post=173712"}],"version-history":[{"count":1,"href":"https:\/\/www.enerjigazetesi.ist\/en\/wp-json\/wp\/v2\/posts\/173712\/revisions"}],"predecessor-version":[{"id":173713,"href":"https:\/\/www.enerjigazetesi.ist\/en\/wp-json\/wp\/v2\/posts\/173712\/revisions\/173713"}],"wp:featuredmedia":[{"embeddable":true,"href":"https:\/\/www.enerjigazetesi.ist\/en\/wp-json\/wp\/v2\/media\/173715"}],"wp:attachment":[{"href":"https:\/\/www.enerjigazetesi.ist\/en\/wp-json\/wp\/v2\/media?parent=173712"}],"wp:term":[{"taxonomy":"category","embeddable":true,"href":"https:\/\/www.enerjigazetesi.ist\/en\/wp-json\/wp\/v2\/categories?post=173712"},{"taxonomy":"post_tag","embeddable":true,"href":"https:\/\/www.enerjigazetesi.ist\/en\/wp-json\/wp\/v2\/tags?post=173712"}],"curies":[{"name":"wp","href":"https:\/\/api.w.org\/{rel}","templated":true}]}}