{"id":173707,"date":"2023-04-27T11:03:56","date_gmt":"2023-04-27T08:03:56","guid":{"rendered":"https:\/\/www.enerjigazetesi.ist\/?p=173707"},"modified":"2023-04-27T11:03:56","modified_gmt":"2023-04-27T08:03:56","slug":"balikesir-e-dunyanin-en-buyuk-ruzgar-turbinlerinden-biri-geliyor","status":"publish","type":"post","link":"https:\/\/www.enerjigazetesi.ist\/en\/balikesir-e-dunyanin-en-buyuk-ruzgar-turbinlerinden-biri-geliyor\/","title":{"rendered":"(Turkish) Bal\u0131kesir\u2019e D\u00fcnyan\u0131n En B\u00fcy\u00fck R\u00fczgar T\u00fcrbinlerinden Biri Geliyor"},"content":{"rendered":"<p class=\"qtranxs-available-languages-message qtranxs-available-languages-message-en\">Sorry, this entry is only available in <a href=\"https:\/\/www.enerjigazetesi.ist\/tr\/wp-json\/wp\/v2\/posts\/173707\" class=\"qtranxs-available-language-link qtranxs-available-language-link-tr\" title=\"Turkish\">Turkish<\/a>. For the sake of viewer convenience, the content is shown below in the alternative language. You may click the link to switch the active language.<\/p><p><\/p>\n<h2><strong>T\u00fcrkiye\u2019nin \u00f6nc\u00fc \u00f6zel sekt\u00f6r elektrik \u00fcretim \u015firketi Enerjisa \u00dcretim, yat\u0131r\u0131m planlar\u0131nda \u00f6nceliklendirdi\u011fi r\u00fczgar enerjisi alan\u0131nda yeni bir karasal t\u00fcrbin modelinin prototip kurulumu i\u00e7in \u00f6nc\u00fc Alman r\u00fczgar t\u00fcrbin \u00fcreticilerinden biri olan ENERCON ile anla\u015fma imzalad\u0131. ENERCON\u2019un yeni geli\u015ftirdi\u011fi E-175 EP5 adl\u0131 yeni t\u00fcrbin modeli T\u00fcrkiye\u2019de ilk kez kurulacak.<\/strong><\/h2>\n<p style=\"text-align: center;\"><img loading=\"lazy\" class=\"aligncenter wp-image-173709\" src=\"https:\/\/www.enerjigazetesi.ist\/wp-content\/uploads\/2023\/04\/balikesir-e-dunyanin-en-buyuk-ruzgar-turbinlerinden-biri-geliyor-1.jpg\" alt=\"\" width=\"500\" height=\"375\" srcset=\"https:\/\/www.enerjigazetesi.ist\/wp-content\/uploads\/2023\/04\/balikesir-e-dunyanin-en-buyuk-ruzgar-turbinlerinden-biri-geliyor-1.jpg 550w, https:\/\/www.enerjigazetesi.ist\/wp-content\/uploads\/2023\/04\/balikesir-e-dunyanin-en-buyuk-ruzgar-turbinlerinden-biri-geliyor-1-300x225.jpg 300w, https:\/\/www.enerjigazetesi.ist\/wp-content\/uploads\/2023\/04\/balikesir-e-dunyanin-en-buyuk-ruzgar-turbinlerinden-biri-geliyor-1-500x375.jpg 500w, https:\/\/www.enerjigazetesi.ist\/wp-content\/uploads\/2023\/04\/balikesir-e-dunyanin-en-buyuk-ruzgar-turbinlerinden-biri-geliyor-1-67x50.jpg 67w\" sizes=\"(max-width: 500px) 100vw, 500px\" \/><\/p>\n<p>T\u00fcrkiye\u2019nin yerli ve yenilenebilir enerji hedefleri a\u00e7\u0131s\u0131ndan stratejik \u00f6neme sahip olan r\u00fczgar enerjisi yat\u0131r\u0131mlar\u0131n\u0131 s\u00fcrd\u00fcren <strong>Enerjisa \u00dcretim, ENERCON<\/strong> ile yeni bir anla\u015fmaya imza att\u0131. ENERCON\u2019un geli\u015ftirdi\u011fi ve 175 metre ile d\u00fcnyada en b\u00fcy\u00fck rotor \u00e7apl\u0131 t\u00fcrbinler aras\u0131nda yer alan E-175 EP5 modeli <strong>6 megavat<\/strong> ve <strong>art\u0131r\u0131labilir kapasitesiyle<\/strong> enerji \u00fcretimi yapacak ve T\u00fcrkiye\u2019de Enerjisa \u00dcretim\u2019in belirlenen sahalar\u0131nda kurularak test edilecek. B\u00f6ylece ENERCON, yeni geli\u015ftirdi\u011fi t\u00fcrbinler i\u00e7in yurtd\u0131\u015f\u0131nda yapt\u0131\u011f\u0131 test \u00e7al\u0131\u015fmalar\u0131n\u0131 ilk kez T\u00fcrkiye\u2019de de s\u00fcrd\u00fcrm\u00fc\u015f olacak.<\/p>\n<h3><strong>Yeni T\u00fcrbinler Bal\u0131kesir ve Band\u0131rma\u2019ya Kurulacak<\/strong><\/h3>\n<p>Prototip olarak \u00fcretilecek yeni model <strong>E175 EP5 t\u00fcrbinler<\/strong>, Enerjisa \u00dcretim\u2019in Band\u0131rma Enerji \u00dcss\u00fc ve Bal\u0131kesir R\u00fczgar Enerji Santrali\u2019nde kurulacak. T\u00fcrbinler ticari olarak sat\u0131\u015fa \u00e7\u0131kmadan \u00f6nce, Enerjisa \u00dcretim santrallerinde test edilecek.<\/p>\n<p><strong>Enerjisa \u00dcretim CEO\u2019su \u0130hsan Erbil Bay\u00e7\u00f6l<\/strong>,<em> \u201cT\u00fcrkiye\u2019nin hem ekonomik hem de \u00e7evresel hedefleri a\u00e7\u0131s\u0131ndan yenilenebilir enerji yat\u0131r\u0131mlar\u0131n\u0131 art\u0131rmaya ihtiyac\u0131 var. Biz de Enerjisa \u00dcretim olarak \u00fclkemizin yenilenebilir enerjideki g\u00fc\u00e7l\u00fc potansiyelini kullanmak \u00fczere r\u00fczgar ve g\u00fcne\u015f yat\u0131r\u0131mlar\u0131m\u0131z\u0131 h\u0131zla hayata ge\u00e7irmeye devam ediyoruz. Yat\u0131r\u0131mda ve \u00fcretimde sekt\u00f6re \u00f6nc\u00fcl\u00fck eden bir konumda olmakla birlikte sekt\u00f6r\u00fcn geli\u015fmesi i\u00e7in elimizi ta\u015f\u0131n alt\u0131na koymaya ve her t\u00fcrl\u00fc deste\u011fi vermeye haz\u0131r\u0131z. T\u00fcm ekosisteme fayda sa\u011flayacak bu i\u015f birli\u011fi ile sekt\u00f6r\u00fcm\u00fczde hem teknolojinin geli\u015fmesine hem de insan kayna\u011f\u0131n\u0131n geli\u015fimine s\u00fcrd\u00fcr\u00fclebilirlik a\u00e7\u0131s\u0131ndan katk\u0131 sa\u011flamay\u0131 hedefliyoruz. ENERCON ile imzalad\u0131\u011f\u0131m\u0131z anla\u015fma ile d\u00fcnyada en b\u00fcy\u00fck rotor \u00e7apl\u0131 t\u00fcrbinler aras\u0131nda yer alan E175 EP5 yeni t\u00fcrbinleri test etmek ve geli\u015fimine katk\u0131 sa\u011flamak i\u00e7in ev sahipli\u011fi yapaca\u011f\u0131z. Yeni t\u00fcrbinlerin T\u00fcrkiye\u2019de Enerjisa \u00dcretim santrallerinde test edilecek olmas\u0131 bizim ve \u00fclkemiz i\u00e7in \u00e7ok \u00f6nemli. Yat\u0131r\u0131mlar\u0131m\u0131z\u0131 hep en yeni teknolojilerle hayata ge\u00e7irdik ve hen\u00fcz piyasaya sunulmayan bu t\u00fcrbinleri de in\u015fallah ba\u015far\u0131l\u0131 geli\u015ftirme s\u00fcreci sonras\u0131nda yeni sahalar\u0131m\u0131zda da g\u00f6rece\u011fiz.\u201d dedi.<\/em><\/p>\n<p><em><strong>ENERCON CEO&#8217;su Dr J\u00fcrgen Zeschky<\/strong>, &#8220;Yeni t\u00fcrbin tipimiz ile Enerjisa \u00dcretim ile g\u00fcvene dayal\u0131 i\u015f birli\u011fimizi s\u00fcrd\u00fcrmekten mutluluk duyuyoruz&#8221; dedi. ENERCON, \u00f6n\u00fcm\u00fczdeki \u00fc\u00e7 y\u0131lda Enerjisa \u00dcretim i\u00e7in T\u00fcrkiye&#8217;de <strong>1.000 MW<\/strong> karasal g\u00fc\u00e7 kuraca\u011f\u0131m\u0131z <strong>YEKA RES 2<\/strong> projesinin r\u00fczgar t\u00fcrbinlerinin tedarik\u00e7isi konumunda. <strong>Yeni E-175 EP5&#8217;in<\/strong> teslimat\u0131 ile ortakl\u0131\u011f\u0131m\u0131z\u0131n bir sonraki b\u00f6l\u00fcm\u00fcn\u00fc ba\u015flat\u0131yoruz.\u2019\u2019 dedi.<\/em><\/p>\n<p><strong>Ge\u00e7ti\u011fimiz Ekim ay\u0131nda Enerjisa \u00dcretim ve ENERCON aras\u0131nda yap\u0131lan anla\u015fma kapsam\u0131nda Enerjisa \u00dcretim\u2019in toplam 1,2 milyar dolar yat\u0131r\u0131mla hayata ge\u00e7irece\u011fi yerli ve yenilenebilir santral yat\u0131r\u0131mlar\u0131, T\u00fcrkiye\u2019nin \u015febekesine 1.000 megavat ek kapasite kazand\u0131rma imkan\u0131 tan\u0131m\u0131\u015ft\u0131. 5 y\u0131l i\u00e7erisinde \u00c7anakkale, Ayd\u0131n, Bal\u0131kesir ve Mu\u011fla\u2019da \u00fcretime ba\u015flayacak santrallerin hem yat\u0131r\u0131m\u0131n\u0131 hem de i\u015fletmesini \u00fcstlenen\u00a0<\/strong>Enerjisa \u00dcretim, yat\u0131r\u0131mlar\u0131n hayata ge\u00e7mesiyle T\u00fcrkiye\u2019nin en b\u00fcy\u00fck temiz enerji \u00fcreticisi konumunu g\u00fc\u00e7lendirmeye devam edecek.<\/p>","protected":false},"excerpt":{"rendered":"<p>Sorry, this entry is only available in Turkish. For the sake of viewer convenience, the content is shown below in the alternative language. You may click the link to switch the active language. T\u00fcrkiye\u2019nin \u00f6nc\u00fc \u00f6zel sekt\u00f6r elektrik \u00fcretim \u015firketi Enerjisa \u00dcretim, yat\u0131r\u0131m planlar\u0131nda \u00f6nceliklendirdi\u011fi r\u00fczgar enerjisi alan\u0131nda yeni bir karasal t\u00fcrbin modelinin prototip kurulumu [&hellip;]<\/p>\n","protected":false},"author":1,"featured_media":173710,"comment_status":"open","ping_status":"open","sticky":false,"template":"","format":"standard","meta":[],"categories":[51,53,50],"tags":[109059,7567,35365],"views":144,"_links":{"self":[{"href":"https:\/\/www.enerjigazetesi.ist\/en\/wp-json\/wp\/v2\/posts\/173707"}],"collection":[{"href":"https:\/\/www.enerjigazetesi.ist\/en\/wp-json\/wp\/v2\/posts"}],"about":[{"href":"https:\/\/www.enerjigazetesi.ist\/en\/wp-json\/wp\/v2\/types\/post"}],"author":[{"embeddable":true,"href":"https:\/\/www.enerjigazetesi.ist\/en\/wp-json\/wp\/v2\/users\/1"}],"replies":[{"embeddable":true,"href":"https:\/\/www.enerjigazetesi.ist\/en\/wp-json\/wp\/v2\/comments?post=173707"}],"version-history":[{"count":0,"href":"https:\/\/www.enerjigazetesi.ist\/en\/wp-json\/wp\/v2\/posts\/173707\/revisions"}],"wp:featuredmedia":[{"embeddable":true,"href":"https:\/\/www.enerjigazetesi.ist\/en\/wp-json\/wp\/v2\/media\/173710"}],"wp:attachment":[{"href":"https:\/\/www.enerjigazetesi.ist\/en\/wp-json\/wp\/v2\/media?parent=173707"}],"wp:term":[{"taxonomy":"category","embeddable":true,"href":"https:\/\/www.enerjigazetesi.ist\/en\/wp-json\/wp\/v2\/categories?post=173707"},{"taxonomy":"post_tag","embeddable":true,"href":"https:\/\/www.enerjigazetesi.ist\/en\/wp-json\/wp\/v2\/tags?post=173707"}],"curies":[{"name":"wp","href":"https:\/\/api.w.org\/{rel}","templated":true}]}}