{"id":173605,"date":"2023-04-25T16:38:40","date_gmt":"2023-04-25T13:38:40","guid":{"rendered":"https:\/\/www.enerjigazetesi.ist\/?p=173605"},"modified":"2023-04-25T16:57:57","modified_gmt":"2023-04-25T13:57:57","slug":"serbest-bolge-kurucu-ve-isleticileri-dernekleserek-guclerini-birlestirdi","status":"publish","type":"post","link":"https:\/\/www.enerjigazetesi.ist\/en\/serbest-bolge-kurucu-ve-isleticileri-dernekleserek-guclerini-birlestirdi\/","title":{"rendered":"(Turkish) Serbest B\u00f6lge Kurucu ve \u0130\u015fleticileri Dernekle\u015ferek G\u00fc\u00e7lerini Birle\u015ftirdi"},"content":{"rendered":"<p class=\"qtranxs-available-languages-message qtranxs-available-languages-message-en\">Sorry, this entry is only available in <a href=\"https:\/\/www.enerjigazetesi.ist\/tr\/wp-json\/wp\/v2\/posts\/173605\" class=\"qtranxs-available-language-link qtranxs-available-language-link-tr\" title=\"Turkish\">Turkish<\/a>. For the sake of viewer convenience, the content is shown below in the alternative language. You may click the link to switch the active language.<\/p><p><\/p>\n<h2><strong>Y\u0131lda 11 milyar dolar\u0131n \u00fczerinde ihracat ger\u00e7ekle\u015ftiren ve toplamda 91 bin ki\u015fiyi istihdam eden serbest b\u00f6lgeler, T\u00fcrkiye\u2019ye daha \u00e7ok do\u011frudan yat\u0131r\u0131m \u00e7ekmek amac\u0131yla Serbest B\u00f6lgeler Kurucu ve \u0130\u015fleticileri Derne\u011fi (SEBK\u0130DER) \u00e7at\u0131s\u0131 alt\u0131nda g\u00fc\u00e7lerini birle\u015ftirdi. <\/strong><\/h2>\n<p>T\u00fcrkiye\u2019deki 19 serbest b\u00f6lgenin de temsil edildi\u011fi SEBK\u0130DER\u2019in, 14 Nisan tarihinde Ankara\u2019daki dernek merkezinde ger\u00e7ekle\u015fen <strong>ilk Genel Kurul Toplant\u0131s\u0131\u2019nda<\/strong> <strong>Y\u00f6netim Kurulu Ba\u015fkanl\u0131\u011f\u0131\u2019na Ege <img loading=\"lazy\" class=\"alignright wp-image-173613\" src=\"https:\/\/www.enerjigazetesi.ist\/wp-content\/uploads\/2023\/04\/serbest-bolge-kurucu-ve-isleticileri-dernekleserek-guclerini-birlestirdi-1.jpg\" alt=\"\" width=\"320\" height=\"219\" srcset=\"https:\/\/www.enerjigazetesi.ist\/wp-content\/uploads\/2023\/04\/serbest-bolge-kurucu-ve-isleticileri-dernekleserek-guclerini-birlestirdi-1.jpg 550w, https:\/\/www.enerjigazetesi.ist\/wp-content\/uploads\/2023\/04\/serbest-bolge-kurucu-ve-isleticileri-dernekleserek-guclerini-birlestirdi-1-300x206.jpg 300w, https:\/\/www.enerjigazetesi.ist\/wp-content\/uploads\/2023\/04\/serbest-bolge-kurucu-ve-isleticileri-dernekleserek-guclerini-birlestirdi-1-500x343.jpg 500w, https:\/\/www.enerjigazetesi.ist\/wp-content\/uploads\/2023\/04\/serbest-bolge-kurucu-ve-isleticileri-dernekleserek-guclerini-birlestirdi-1-73x50.jpg 73w\" sizes=\"(max-width: 320px) 100vw, 320px\" \/>Serbest B\u00f6lge Kurucu ve \u0130\u015fleticisi A.\u015e. (ESBA\u015e) Genel M\u00fcd\u00fcr\u00fc Yusuf K\u0131l\u0131n\u00e7<\/strong> se\u00e7ildi. Avrupa Serbest B\u00f6lge Kur. \u0130\u015fl. A.\u015e. (ASB) Genel M\u00fcd\u00fcr\u00fc Tarkan De\u011firmenci Ba\u015fkan Vekili, \u0130stanbul Atat\u00fcrk Havaliman\u0131 Serbest B\u00f6lge Kur. \u0130\u015fl. A.\u015e.(\u0130SB\u0130) Genel M\u00fcd\u00fcr\u00fc Ergenekon K\u00fc\u00e7\u00fck Genel Sekreter, \u0130stanbul End\u00fcstri ve Ticaret Serbest B\u00f6lge Kur. \u0130\u015fl. A.\u015e.(DESBA\u015e) Genel M\u00fcd\u00fcr\u00fc Hakan Ceylan Sayman ve Adana Yumurtal\u0131k Serbest B\u00f6lge Kur. \u0130\u015fl. A.\u015e. (TAYSEB) Genel M\u00fcd\u00fcr\u00fc Yusuf Din\u00e7soy da \u00fcye olarak g\u00f6rev \u00fcstlenerek <strong>SEBK\u0130DER Y\u00f6netim Kurulu<\/strong>\u2019nu olu\u015fturdular. Derne\u011fin Denetim Kurulu\u2019nda ise Mersin Serbest B\u00f6lge Kur. \u0130\u015fl. A.\u015e. (MESBA\u015e) Genel M\u00fcd\u00fcr\u00fc Edvar Mum, \u0130stanbul Trakya Serbest B\u00f6lge Kur. \u0130\u015fl. A.\u015e. (\u0130SBA\u015e) Sat\u0131\u015f ve Pazarlama M\u00fcd\u00fcr\u00fc Selen Kermen ve Samsun Serbest B\u00f6lge Kur. \u0130\u015fl. A.\u015e. (SASBA\u015e) Genel M\u00fcd\u00fcr\u00fc Erc\u00fcment Karaca g\u00f6rev \u00fcstlendi.<\/p>\n<h3><strong>T\u00fcrkiye\u2019ye Daha \u00c7ok Do\u011frudan Yat\u0131r\u0131m \u00c7ekecek<\/strong><\/h3>\n<p>T\u00fcrkiye\u2019de bulunan serbest b\u00f6lge kurucu ve i\u015fletici temsilcilerinin derneklerine \u00fcye oldu\u011funu belirten <strong>SEBK\u0130DER Y\u00f6netim Kurulu Ba\u015fkan\u0131 Yusuf K\u0131l\u0131n\u00e7<\/strong>, hedeflerinin \u00fclke ekonomisinin ihracat, istihdam ve \u00fcretim aya\u011f\u0131nda g\u00fc\u00e7l\u00fc bir dinamo g\u00f6revi g\u00f6ren <strong>serbest b\u00f6lgeleri daha da geli\u015ftirmek<\/strong> ve <strong>T\u00fcrkiye\u2019ye daha \u00e7ok do\u011frudan yat\u0131r\u0131mc\u0131 \u00e7ekmek<\/strong> oldu\u011funu kaydetti. Serbest b\u00f6lge i\u015fleticileri aras\u0131nda sa\u011flanan bu g\u00fc\u00e7 birli\u011finin bu hedefe ula\u015fmak konusunda ellerini g\u00fc\u00e7lendirdi\u011fini ifade eden K\u0131l\u0131n\u00e7, SEBK\u0130DER\u2019in T\u00fcrkiye\u2019nin serbest b\u00f6lgeler konusundaki bilgi birikimlerini ve deneyimini yurtd\u0131\u015f\u0131ndaki \u00e7e\u015fitli organizasyonlarda da temsil edece\u011fini, bu konuda <strong>TOBB Serbest B\u00f6lgeler Meclisi<\/strong> ile <strong>ortak projeler geli\u015ftirerek<\/strong> uluslararas\u0131 platformlarda <strong>T\u00fcrkiye serbest b\u00f6lgelerini<\/strong> <strong>\u00e7ok daha iyi tan\u0131tacaklar\u0131n\u0131<\/strong> vurgulad\u0131. Yusuf K\u0131l\u0131n\u00e7, <span style=\"text-decoration: underline;\">\u015funlar\u0131 s\u00f6yledi:<\/span><\/p>\n<p><em>\u201cDernekle\u015fmenin sa\u011flad\u0131\u011f\u0131 g\u00fc\u00e7 birli\u011fi, serbest b\u00f6lgelere <strong>daha \u00e7ok do\u011frudan yabanc\u0131 yat\u0131r\u0131mc\u0131y\u0131 \u00e7ekmek<\/strong> i\u00e7in daha etkili tan\u0131t\u0131m faaliyetleri d\u00fczenlememizi sa\u011flayacakt\u0131r. <strong>D\u00fcnyada en iyi serbest b\u00f6lge modellerinin ara\u015ft\u0131r\u0131lmas\u0131<\/strong> ve <strong>ba\u015far\u0131l\u0131 uygulamalar\u0131n \u00fclkemizdeki uygulamalara uyarlanmas\u0131<\/strong>, ayn\u0131 zamanda <strong>bizdeki \u00f6rnek uygulamalar\u0131n da tan\u0131t\u0131m\u0131n\u0131n yap\u0131lmas\u0131<\/strong> gibi \u00e7al\u0131\u015fmalar\u0131m\u0131z\u0131 yo\u011funla\u015ft\u0131racak bir <strong>STK platformu<\/strong> kazanm\u0131\u015f olduk. Do\u011frudan yabanc\u0131 yat\u0131r\u0131mc\u0131n\u0131n T\u00fcrkiye\u2019ye ilgisinin artmas\u0131, mevcut serbest b\u00f6lgelerimizde daha fazla ekonomik de\u011fer \u00fcretilmesini sa\u011flayacakt\u0131r.\u201d<\/em><\/p>\n<h3><strong>Serbest B\u00f6lgelerin Ekonomiye Katk\u0131s\u0131n\u0131 Artt\u0131racak<\/strong><\/h3>\n<p>K\u0131l\u0131n\u00e7, T\u00fcrkiye\u2019de bulunan 19 serbest b\u00f6lgede <strong>2022<\/strong> y\u0131l\u0131nda <strong>32 milyar dolar<\/strong> <strong>ticaret hacmi<\/strong> ger\u00e7ekle\u015fti\u011fini ve bunun <strong>11 milyarl\u0131k b\u00f6l\u00fcm\u00fcn\u00fc<\/strong> <strong>ihracat gelirlerinden olu\u015ftu\u011funu<\/strong> belirterek, \u015fu bilgileri verdi: <em>\u201c <strong>T\u00fcm serbest b\u00f6lgelerde<\/strong> istihdam say\u0131s\u0131<strong> 91 bin ki\u015fiyi ge\u00e7mi\u015f<\/strong> durumda. <strong>SEBK\u0130DER<\/strong> ortak platformumuz \u00fczerinden ger\u00e7ekle\u015ftirece\u011fimiz \u00e7al\u0131\u015fmalar sonucunda serbest b\u00f6lgelerin<strong> istihdam, \u00fcretim <\/strong>ve<strong> ihracat<\/strong> konular\u0131nda T\u00fcrkiye ekonomisine daha fazla katk\u0131 sa\u011flayacakt\u0131r. Derne\u011fimiz ayn\u0131 zamanda di\u011fer STK\u2019larla da i\u015fbirlikleri kurarak, toplumsal geli\u015fmelere ve <strong>s\u00fcrd\u00fcr\u00fclebilirlik \u00e7al\u0131\u015fmalar\u0131na<\/strong> katk\u0131 koyacakt\u0131r. Bir ba\u015fka amac\u0131m\u0131z da t\u00fcm serbest b\u00f6lgelerin ortak konularda birlikte hareketini sa\u011flayacak bir b\u00fct\u00fcnsellik sa\u011flamakt\u0131r. Bu g\u00fc\u00e7 birli\u011fi ayn\u0131 zamanda <strong>serbest b\u00f6lgelerdeki yat\u0131r\u0131mc\u0131lara<\/strong> sunulan <strong>hizmet kalitesini artt\u0131racak<\/strong> <strong>i\u015fbirlikleri yapmam\u0131z\u0131 da<\/strong> olanakl\u0131 k\u0131lacakt\u0131r. B\u00f6lgelerimizdeki yat\u0131r\u0131mc\u0131lar\u0131n g\u00fcn\u00fcn ihtiya\u00e7lar\u0131na uygun olarak <strong>en iyi hizmetlerden yararlanmalar\u0131<\/strong> ve <strong>rekabet\u00e7i avantajlar kazanmalar\u0131<\/strong> i\u00e7in ortak ak\u0131lla \u00e7\u00f6z\u00fcmler \u00fcretece\u011fiz. SEBK\u0130DER ile sekt\u00f6r\u00fcm\u00fcz ayn\u0131 zamanda<strong> Ticaret Bakanl\u0131\u011f\u0131, sanayi odalar\u0131<\/strong> ve t\u00fcm ekonomik ve sosyal yap\u0131larla koordinasyonunu sa\u011flayacak kurumsal bir yap\u0131ya kavu\u015fmu\u015f oldu. <strong>Y\u00fczde 100 doluluk<\/strong> oranlar\u0131na ula\u015fm\u0131\u015f <strong>bir\u00e7ok serbest b\u00f6lgelerimizde<\/strong> geli\u015fme alanlar\u0131n\u0131n hayata ge\u00e7mesi, <strong>yeni serbest b\u00f6lgelerin ekonomiye kazand\u0131r\u0131lmas\u0131<\/strong> ve <strong>yat\u0131r\u0131mlar\u0131n artmas\u0131<\/strong> gibi acil \u00e7\u00f6z\u00fcm bekleyen konular bulunuyor. Derne\u011fimiz bu s\u00fcre\u00e7lerin h\u0131zland\u0131r\u0131lmas\u0131 konusunda da aktif rol oynayacakt\u0131r.&#8221;<\/em><\/p>","protected":false},"excerpt":{"rendered":"<p>Sorry, this entry is only available in Turkish. For the sake of viewer convenience, the content is shown below in the alternative language. You may click the link to switch the active language. Y\u0131lda 11 milyar dolar\u0131n \u00fczerinde ihracat ger\u00e7ekle\u015ftiren ve toplamda 91 bin ki\u015fiyi istihdam eden serbest b\u00f6lgeler, T\u00fcrkiye\u2019ye daha \u00e7ok do\u011frudan yat\u0131r\u0131m \u00e7ekmek [&hellip;]<\/p>\n","protected":false},"author":1,"featured_media":173612,"comment_status":"open","ping_status":"open","sticky":false,"template":"","format":"standard","meta":[],"categories":[53],"tags":[109027,109029,109028,109030],"views":58,"_links":{"self":[{"href":"https:\/\/www.enerjigazetesi.ist\/en\/wp-json\/wp\/v2\/posts\/173605"}],"collection":[{"href":"https:\/\/www.enerjigazetesi.ist\/en\/wp-json\/wp\/v2\/posts"}],"about":[{"href":"https:\/\/www.enerjigazetesi.ist\/en\/wp-json\/wp\/v2\/types\/post"}],"author":[{"embeddable":true,"href":"https:\/\/www.enerjigazetesi.ist\/en\/wp-json\/wp\/v2\/users\/1"}],"replies":[{"embeddable":true,"href":"https:\/\/www.enerjigazetesi.ist\/en\/wp-json\/wp\/v2\/comments?post=173605"}],"version-history":[{"count":1,"href":"https:\/\/www.enerjigazetesi.ist\/en\/wp-json\/wp\/v2\/posts\/173605\/revisions"}],"predecessor-version":[{"id":173606,"href":"https:\/\/www.enerjigazetesi.ist\/en\/wp-json\/wp\/v2\/posts\/173605\/revisions\/173606"}],"wp:featuredmedia":[{"embeddable":true,"href":"https:\/\/www.enerjigazetesi.ist\/en\/wp-json\/wp\/v2\/media\/173612"}],"wp:attachment":[{"href":"https:\/\/www.enerjigazetesi.ist\/en\/wp-json\/wp\/v2\/media?parent=173605"}],"wp:term":[{"taxonomy":"category","embeddable":true,"href":"https:\/\/www.enerjigazetesi.ist\/en\/wp-json\/wp\/v2\/categories?post=173605"},{"taxonomy":"post_tag","embeddable":true,"href":"https:\/\/www.enerjigazetesi.ist\/en\/wp-json\/wp\/v2\/tags?post=173605"}],"curies":[{"name":"wp","href":"https:\/\/api.w.org\/{rel}","templated":true}]}}