{"id":173592,"date":"2023-04-25T16:08:34","date_gmt":"2023-04-25T13:08:34","guid":{"rendered":"https:\/\/www.enerjigazetesi.ist\/?p=173592"},"modified":"2023-04-25T16:17:42","modified_gmt":"2023-04-25T13:17:42","slug":"turk-komur-endustrisinin-donusumu-masaya-yatirildi","status":"publish","type":"post","link":"https:\/\/www.enerjigazetesi.ist\/en\/turk-komur-endustrisinin-donusumu-masaya-yatirildi\/","title":{"rendered":"(Turkish) T\u00fcrk K\u00f6m\u00fcr End\u00fcstrisinin D\u00f6n\u00fc\u015f\u00fcm\u00fc Masaya Yat\u0131r\u0131ld\u0131"},"content":{"rendered":"<p class=\"qtranxs-available-languages-message qtranxs-available-languages-message-en\">Sorry, this entry is only available in <a href=\"https:\/\/www.enerjigazetesi.ist\/tr\/wp-json\/wp\/v2\/posts\/173592\" class=\"qtranxs-available-language-link qtranxs-available-language-link-tr\" title=\"Turkish\">Turkish<\/a>. For the sake of viewer convenience, the content is shown below in the alternative language. You may click the link to switch the active language.<\/p><p><\/p>\n<h2>T\u00fcrkiye K\u00f6m\u00fcr \u00dcreticileri Derne\u011fi (K\u00d6M\u00dcRDER) taraf\u0131ndan Enerji ve Tabii Kaynaklar Bakanl\u0131\u011f\u0131\u2019n\u0131n deste\u011fiyle ve D\u00fcnya K\u00f6m\u00fcr Birli\u011fi\u2019nin uluslararas\u0131 partnerli\u011finde d\u00fczenlenen <strong>4. Temiz K\u00f6m\u00fcr Teknolojileri Zirvesi\u00a0<\/strong>(IV. Clean Coal Technologies Summit &#8211; CCTS), k\u00f6m\u00fcr end\u00fcstrisinin bug\u00fcn\u00fcne ve gelece\u011fine \u0131\u015f\u0131k tutacak oturumlara ev sahipli\u011fi yapt\u0131. Zirve, 24-25 Nisan 2023 tarihlerinde Ankara\u2019da yerli ve yabanc\u0131 uzmanlar\u0131n kat\u0131l\u0131m\u0131yla ger\u00e7ekle\u015fti.<\/h2>\n<p style=\"text-align: center;\"><img loading=\"lazy\" class=\"aligncenter wp-image-173598\" src=\"https:\/\/www.enerjigazetesi.ist\/wp-content\/uploads\/2023\/04\/turk-komur-endustrisinin-donusumu-masaya-yatirildi-2.jpg\" alt=\"\" width=\"500\" height=\"271\" srcset=\"https:\/\/www.enerjigazetesi.ist\/wp-content\/uploads\/2023\/04\/turk-komur-endustrisinin-donusumu-masaya-yatirildi-2.jpg 550w, https:\/\/www.enerjigazetesi.ist\/wp-content\/uploads\/2023\/04\/turk-komur-endustrisinin-donusumu-masaya-yatirildi-2-300x163.jpg 300w, https:\/\/www.enerjigazetesi.ist\/wp-content\/uploads\/2023\/04\/turk-komur-endustrisinin-donusumu-masaya-yatirildi-2-500x271.jpg 500w, https:\/\/www.enerjigazetesi.ist\/wp-content\/uploads\/2023\/04\/turk-komur-endustrisinin-donusumu-masaya-yatirildi-2-80x43.jpg 80w\" sizes=\"(max-width: 500px) 100vw, 500px\" \/><\/p>\n<h3><strong>T\u00fcrkiye<\/strong>\u2019<strong>de K\u00f6m\u00fcr End\u00fcstrisine Makro Bak\u0131\u015f konulu oturum ger\u00e7ekle\u015fti<\/strong><\/h3>\n<p>T\u00fcrkiye\u2019de K\u00f6m\u00fcr End\u00fcstrisine Makro Bak\u0131\u015f konulu oturum; Enerji ve Tabii Kaynaklar Bakanl\u0131\u011f\u0131 T\u00fcrkiye K\u00f6m\u00fcr \u0130\u015fletmeleri Y\u00f6netim Kurulu Ba\u015fkan\u0131 ve Genel M\u00fcd\u00fcr\u00fc Dr. Hasan H\u00fcseyin Erdo\u011fan\u2019\u0131n moderat\u00f6rl\u00fc\u011f\u00fcnde ger\u00e7ekle\u015fti. Oturumun konu\u015fmac\u0131lar\u0131 aras\u0131nda; <em>T\u00fcrkiye Odalar ve Borsalar Birli\u011fi T\u00fcrkiye Madencilik Meclisi Ba\u015fkan\u0131 \u0130brahim Halil K\u0131r\u015fan, Enerji Piyasas\u0131 D\u00fczenleme Kurumu, Termik Santraller Grup Ba\u015fkan\u0131 Ertu\u011frul Y\u0131ld\u0131z, Demir Export Genel M\u00fcd\u00fcr Yard\u0131mc\u0131s\u0131 Bahad\u0131r Aksan\u0131 ve Yurt Madencili\u011fi Geli\u015ftirme Vakf\u0131 Y\u00f6netim Kurulu Ba\u015fkan\u0131 Prof. Dr. G\u00fcven \u00d6nal<\/em> yer ald\u0131.<\/p>\n<h3><strong>Ekonomik b\u00fcy\u00fcmeye destek sa\u011flamay\u0131 hedefliyoruz<\/strong><\/h3>\n<p>Oturumun moderat\u00f6r\u00fc <strong>Enerji ve Tabii Kaynaklar Bakanl\u0131\u011f\u0131 T\u00fcrkiye K\u00f6m\u00fcr \u0130\u015fletmeleri Y\u00f6netim Kurulu Ba\u015fkan\u0131 ve Genel M\u00fcd\u00fcr\u00fc Dr. Hasan H\u00fcseyin Erdo\u011fan<\/strong>: <em>\u201cK\u00f6m\u00fcr, demir-\u00e7elikten \u00e7imentoya; kimya end\u00fcstrisinden ka\u011f\u0131t \u00fcretimine kadar geni\u015f bir yelpazede kullan\u0131m alan\u0131na sahip, kesintisiz ve s\u00fcrekli bir enerji kayna\u011f\u0131. <strong>Yerli k\u00f6m\u00fcr \u00fcreticileri<\/strong> olarak sanayicilerimizin ihtiya\u00e7lar\u0131n\u0131 kar\u015f\u0131lamaya \u00e7al\u0131\u015f\u0131yoruz. <strong>Cari a\u00e7\u0131\u011f\u0131 azaltabilmek hedefiyle<\/strong> ithalata minimum seviyede ba\u015fvurarak sekt\u00f6rlerin ihtiya\u00e7lar\u0131n\u0131 kar\u015f\u0131lamaya \u00e7al\u0131\u015f\u0131yoruz. \u00dcretece\u011fimiz<strong> yerli k\u00f6m\u00fcrle<\/strong> hem <strong>temiz k\u00f6m\u00fcr enerjisini<\/strong> yayg\u0131nla\u015ft\u0131rmay\u0131 hem de <strong>ekonomik b\u00fcy\u00fcmeye<\/strong> destek sa\u011flamay\u0131 hedefliyoruz. \u00dclkemizin milli de\u011feri olan yerli k\u00f6m\u00fcr\u00fcm\u00fcze sahip \u00e7\u0131kmal\u0131y\u0131z\u201d<\/em> dedi.<\/p>\n<h3><strong>K\u00f6m\u00fcr en g\u00fcvenli enerji kayna\u011f\u0131<\/strong><\/h3>\n<p>D\u00fcnyada k\u00f6m\u00fcr kullan\u0131m\u0131n\u0131n artt\u0131\u011f\u0131na dikkat \u00e7eken <strong>T\u00fcrkiye Odalar ve Borsalar Birli\u011fi (TOBB) T\u00fcrkiye Madencilik Meclisi Ba\u015fkan\u0131 Halil \u0130brahim K\u0131r\u015fan<\/strong>, Avrupa Birli\u011fi\u2019nde Ukrayna-Rusya sava\u015f\u0131 sonras\u0131nda enerji sorunu ba\u015f g\u00f6sterdi\u011finde 145 k\u00f6m\u00fcr santralinin yeniden devreye al\u0131nd\u0131\u011f\u0131n\u0131 s\u00f6yledi. K\u0131r\u015fan, <em>\u201cTedarik, kaynak da\u011f\u0131l\u0131m\u0131 ve arz a\u00e7\u0131s\u0131ndan tarihsel s\u00fcre\u00e7 i\u00e7inde k\u00f6m\u00fcr en g\u00fcvenli enerji kayna\u011f\u0131d\u0131r. <strong>Y\u00fczde 90\u2019\u0131n<\/strong> \u00fczerinde yanma verimine sahip olan k\u00f6m\u00fcr\u00fcn <strong>7500 saat\/y\u0131l<\/strong> \u00e7al\u0131\u015fma s\u00fcresi bulunuyor. D\u00fcnyada 79 \u00fclkede 2 bin 400 termik santralde k\u00f6m\u00fcrden elektrik \u00fcretimi yap\u0131l\u0131yor. Sekt\u00f6r, <strong>kazan yanma optimizasyonu, yeni nesil filtreleme ve baca gaz\u0131 ar\u0131tma \u00fcniteleri<\/strong> ile <strong>temiz k\u00f6m\u00fcr teknolojisine ge\u00e7me kabiliyetine sahip<\/strong>. Yakma verimini art\u0131ran \u00e7evreye duyarl\u0131 <strong>temiz k\u00f6m\u00fcr teknolojileri<\/strong> i\u00e7in te\u015fviklerin geli\u015ftirilmesi ve finansa eri\u015fiminin kolayla\u015ft\u0131r\u0131lmas\u0131 k\u00f6m\u00fcr end\u00fcstrisi i\u00e7in hayati \u00f6nem ta\u015f\u0131yor. Fosil yak\u0131tlar hayat\u0131m\u0131zdan \u00e7ok k\u0131sa s\u00fcrede \u00e7\u0131kmayacak. K\u00fcresel iklim hedeflerine ula\u015fmak i\u00e7in sanayinin ve ekonominin yerli kaynaklar\u0131m\u0131z\u0131 \u00f6nceliklendirerek yeniden dizayn edilmesi \u00f6nemli\u201d<\/em> diye konu\u015ftu.<\/p>\n<h3><strong>D\u00fcnyada k\u00f6m\u00fcr elektrik \u00fcretiminde birinci s\u0131rada<\/strong><\/h3>\n<p><strong>Enerji Piyasas\u0131 D\u00fczenleme Kurumu Termik Santraller Grup Ba\u015fkan\u0131 Ertu\u011frul Y\u0131ld\u0131z<\/strong> \u015funlar\u0131 s\u00f6yledi: <em>\u201cD\u00fcnya elektrik \u00fcretiminde k\u00f6m\u00fcr yak\u0131tl\u0131 elektrik santralleri y\u00fczde 36 payla birinci s\u0131rada yer al\u0131yor. \u00a0\u00dclkemizde <strong>1<\/strong> adet asfaltit, <strong>39<\/strong> adet linyit, <strong>15<\/strong> adet ithal k\u00f6m\u00fcr yak\u0131tl\u0131 olmak \u00fczere toplam <strong>55 adet k\u00f6m\u00fcrle \u00e7al\u0131\u015fan elektrik \u00fcretim santrali<\/strong> bulunuyor. 2022 y\u0131l\u0131 sonu itibar\u0131yla \u00fclkemizin k\u00f6m\u00fcr yak\u0131tl\u0131 elektrik santrallerinin kurulu g\u00fcc\u00fc, toplam kurulu g\u00fcc\u00fcn yakla\u015f\u0131k y\u00fczde <strong>21,1\u2019ine<\/strong> kar\u015f\u0131l\u0131k geliyor. Yerli k\u00f6m\u00fcr yak\u0131tl\u0131 santraller ise toplam kurulu g\u00fcc\u00fcn<strong> y\u00fczde 11,1\u2019ini<\/strong> temsil ediyor. 2022 y\u0131l\u0131nda \u00fclkemizin k\u00f6m\u00fcr yak\u0131tl\u0131 santrallerden \u00fcretmi\u015f oldu\u011fu elektrik toplam \u00fcretimin y\u00fczde <strong>34,6\u2019s\u0131n\u0131<\/strong> olu\u015fturuyor. Yerli k\u00f6m\u00fcr yak\u0131tl\u0131 santrallerin toplam \u00fcretimdeki pay\u0131 ise <strong>y\u00fczde 15,2<\/strong> olarak ger\u00e7ekle\u015fti.\u201d<\/em><\/p>\n<h3><strong>Temiz k\u00f6m\u00fcr teknolojileri emisyonlar\u0131 azaltmam\u0131za yard\u0131mc\u0131 olacak<\/strong><\/h3>\n<p><strong>Demir Export Genel M\u00fcd\u00fcr Yard\u0131mc\u0131s\u0131 Bahad\u0131r Aksan\u0131<\/strong>\u00a0ise kendi enerji kaynaklar\u0131na sahip \u00fclkelerin sanayile\u015fme ve kalk\u0131nma yar\u0131\u015f\u0131nda avantajl\u0131 hale gelece\u011fini bildirdi. Rusya Ukrayna sava\u015f\u0131n\u0131n t\u00fcm d\u00fcnyaya kendi kaynaklar\u0131n\u0131n \u00f6nemini bir kez daha hat\u0131rlatt\u0131\u011f\u0131n\u0131 s\u00f6yleyerek T\u00fcrkiye\u2019nin 1980\u2019lerin ba\u015flar\u0131nda yerli enerjiyle t\u00fcketimini kar\u015f\u0131lama oran\u0131n\u0131n y\u00fczde 55 oldu\u011funu, bu rakam\u0131n 2020\u2019ye gelindi\u011finde y\u00fczde 30\u2019lara geriledi\u011fini aktard\u0131. Aksan\u0131, dijital ve teknolojik d\u00f6n\u00fc\u015f\u00fcm\u00fcn madencili\u011fin daha da \u00f6nemli hale gelmesini sa\u011flad\u0131\u011f\u0131n\u0131 vurgulad\u0131. Aksan\u0131: <em>\u201cS\u0131f\u0131r emisyon hedefi i\u00e7in politikalar\u0131m\u0131z\u0131 yeniden \u015fekillendirmeliyiz. Bu noktada temiz k\u00f6m\u00fcr teknolojileri bir dizi se\u00e7enek sunuyor. Hem <strong>enerji verimlili\u011fine<\/strong> hem de <strong>ekonomiye ve \u00e7evreye katk\u0131 sa\u011flayacak<\/strong> \u015fekilde <strong>temiz teknolojilerin kullan\u0131lmas\u0131<\/strong> desteklenmelidir.\u201d<\/em><\/p>\n<h3><strong>T\u00fcrkiye 30 trilyon metrek\u00fcp do\u011fal gaz \u00fcretebilir<\/strong><\/h3>\n<p><strong>Yurt Madencili\u011fi Geli\u015ftirme Vakf\u0131 Y\u00f6netim Kurulu Ba\u015fkan\u0131 Say\u0131n Prof. Dr. G\u00fcven \u00d6nal<\/strong> ise d\u00fcnyada en yayg\u0131n bulunan kaynak olan k\u00f6m\u00fcr\u00fcn \u00e7ok geni\u015f kullan\u0131m alanlar\u0131 oldu\u011funa dikkat \u00e7ekti. T\u00fcrkiye\u2019nin sahip oldu\u011fu <strong>k\u00f6m\u00fcr kaynaklar\u0131n\u0131n gen\u00e7 k\u00f6m\u00fcr kaynaklar\u0131<\/strong> oldu\u011funu s\u00f6yleyen Prof. Dr. \u00d6nal, <strong>d\u00fcnyadaki en verimli do\u011falgaz\u0131n bu gen\u00e7 k\u00f6m\u00fcrlerden sa\u011flanabildi\u011fini<\/strong> ve \u00fclke olarak sahip oldu\u011fumuz kaynaklardan <strong>en verimli \u015fekilde faydalanmam\u0131z gerekti\u011fini<\/strong> vurgulad\u0131. Prof. Dr. \u00d6nal: <em>\u201c1 ton k\u00f6m\u00fcrden 1500 metrek\u00fcp do\u011fal gaz elde edilebiliyor. 20 milyar ton k\u00f6m\u00fcr kayna\u011f\u0131m\u0131zdan 30 trilyon metrek\u00fcp do\u011fal gaz elde edebiliriz. Bu de\u011ferlerimizi g\u00f6rmezden gelmemeliyiz\u201d<\/em> dedi.<\/p>\n<p>Zirve ile ilgili daha fazla bilgiye ula\u015fmak i\u00e7in <a href=\"http:\/\/www.cctsummit.com\" target=\"_blank\" rel=\"noopener\">www.cctsummit.com<\/a> adresini ziyaret edebilirsiniz.<\/p>","protected":false},"excerpt":{"rendered":"<p>Sorry, this entry is only available in Turkish. For the sake of viewer convenience, the content is shown below in the alternative language. You may click the link to switch the active language. T\u00fcrkiye K\u00f6m\u00fcr \u00dcreticileri Derne\u011fi (K\u00d6M\u00dcRDER) taraf\u0131ndan Enerji ve Tabii Kaynaklar Bakanl\u0131\u011f\u0131\u2019n\u0131n deste\u011fiyle ve D\u00fcnya K\u00f6m\u00fcr Birli\u011fi\u2019nin uluslararas\u0131 partnerli\u011finde d\u00fczenlenen 4. Temiz K\u00f6m\u00fcr [&hellip;]<\/p>\n","protected":false},"author":1,"featured_media":173597,"comment_status":"open","ping_status":"open","sticky":false,"template":"","format":"standard","meta":[],"categories":[53,24649],"tags":[109025,19901,109026,105391],"views":42,"_links":{"self":[{"href":"https:\/\/www.enerjigazetesi.ist\/en\/wp-json\/wp\/v2\/posts\/173592"}],"collection":[{"href":"https:\/\/www.enerjigazetesi.ist\/en\/wp-json\/wp\/v2\/posts"}],"about":[{"href":"https:\/\/www.enerjigazetesi.ist\/en\/wp-json\/wp\/v2\/types\/post"}],"author":[{"embeddable":true,"href":"https:\/\/www.enerjigazetesi.ist\/en\/wp-json\/wp\/v2\/users\/1"}],"replies":[{"embeddable":true,"href":"https:\/\/www.enerjigazetesi.ist\/en\/wp-json\/wp\/v2\/comments?post=173592"}],"version-history":[{"count":1,"href":"https:\/\/www.enerjigazetesi.ist\/en\/wp-json\/wp\/v2\/posts\/173592\/revisions"}],"predecessor-version":[{"id":173593,"href":"https:\/\/www.enerjigazetesi.ist\/en\/wp-json\/wp\/v2\/posts\/173592\/revisions\/173593"}],"wp:featuredmedia":[{"embeddable":true,"href":"https:\/\/www.enerjigazetesi.ist\/en\/wp-json\/wp\/v2\/media\/173597"}],"wp:attachment":[{"href":"https:\/\/www.enerjigazetesi.ist\/en\/wp-json\/wp\/v2\/media?parent=173592"}],"wp:term":[{"taxonomy":"category","embeddable":true,"href":"https:\/\/www.enerjigazetesi.ist\/en\/wp-json\/wp\/v2\/categories?post=173592"},{"taxonomy":"post_tag","embeddable":true,"href":"https:\/\/www.enerjigazetesi.ist\/en\/wp-json\/wp\/v2\/tags?post=173592"}],"curies":[{"name":"wp","href":"https:\/\/api.w.org\/{rel}","templated":true}]}}