{"id":173581,"date":"2023-04-25T14:59:49","date_gmt":"2023-04-25T11:59:49","guid":{"rendered":"https:\/\/www.enerjigazetesi.ist\/?p=173581"},"modified":"2023-04-25T15:25:18","modified_gmt":"2023-04-25T12:25:18","slug":"komur-talebi-2023-te-tum-zamanlarin-en-yuksek-seviyesine-cikacak","status":"publish","type":"post","link":"https:\/\/www.enerjigazetesi.ist\/en\/komur-talebi-2023-te-tum-zamanlarin-en-yuksek-seviyesine-cikacak\/","title":{"rendered":"(Turkish) K\u00f6m\u00fcr Talebi 2023&#8217;te T\u00fcm Zamanlar\u0131n En Y\u00fcksek Seviyesine \u00c7\u0131kacak"},"content":{"rendered":"<p class=\"qtranxs-available-languages-message qtranxs-available-languages-message-en\">Sorry, this entry is only available in <a href=\"https:\/\/www.enerjigazetesi.ist\/tr\/wp-json\/wp\/v2\/posts\/173581\" class=\"qtranxs-available-language-link qtranxs-available-language-link-tr\" title=\"Turkish\">Turkish<\/a>. For the sake of viewer convenience, the content is shown below in the alternative language. You may click the link to switch the active language.<\/p><p>&nbsp;<\/p>\n<h2><strong>Enerji ve Tabii Kaynaklar Bakan Yard\u0131mc\u0131s\u0131 Prof. Dr. Kalayc\u0131, 4. Temiz K\u00f6m\u00fcr Teknolojileri Zirvesi<\/strong><strong>\u2019<\/strong><strong>nin ikinci g\u00fcn\u00fcn\u00fcn a\u00e7\u0131l\u0131\u015f\u0131nda \u015fu konulara dikkat \u00e7ekti:\u00a0<\/strong><strong>\u201c<\/strong><strong>Yerli kayna\u011f\u0131m\u0131z k\u00f6m\u00fcrden milli \u00e7\u0131karlar\u0131m\u0131z do\u011frultusunda temiz k\u00f6m\u00fcr teknolojileriyle sonuna kadar faydalanmal\u0131y\u0131z. D\u00fcnyada 2023 y\u0131l\u0131nda k\u00f6m\u00fcr talebi t\u00fcm zamanlar\u0131n en y\u00fcksek seviyesine \u00e7\u0131kacak. K\u00f6m\u00fcr, d\u00fcn, bug\u00fcn ve gelecekte de enerji karmalar\u0131ndaki pay\u0131n\u0131 koruyacak\u201d<\/strong><\/h2>\n<p>Enerji ve Tabii Kaynaklar Bakanl\u0131\u011f\u0131\u2019n\u0131n deste\u011fiyle D\u00fcnya K\u00f6m\u00fcr Birli\u011fi\u2019nin uluslararas\u0131 partnerli\u011finde T\u00fcrkiye K\u00f6m\u00fcr \u00dcreticileri Derne\u011fi (K\u00d6M\u00dcRDER) taraf\u0131ndan d\u00fczenlenen <strong>4. Temiz K\u00f6m\u00fcr Teknolojileri Zirvesi\u00a0<\/strong>(IV. Clean Coal Technologies Summit &#8211; CCTS)\u2019nin ikinci g\u00fcn\u00fc <strong>Enerji ve Tabii Kaynaklar Bakan Yard\u0131mc\u0131s\u0131 Prof.Dr. \u015eeref Kalayc\u0131<\/strong>\u2019n\u0131n konu\u015fmas\u0131yla ba\u015flad\u0131.<\/p>\n<h3><strong>Yenilenebilir enerji kaynaklar\u0131n\u0131n sisteme entegrasyonunda k\u00f6m\u00fcrden enerji \u00fcretmemiz gerekli<\/strong><\/h3>\n<p><strong>Enerji ve Tabii Kaynaklar Bakan Yard\u0131mc\u0131s\u0131 Prof.Dr. \u015eeref Kalayc\u0131<\/strong> \u015funlar\u0131 s\u00f6yledi: <em>\u201cEnerjide arz g\u00fcvenli\u011fi a\u00e7\u0131s\u0131ndan k\u00f6m\u00fcr\u00fcn \u00fclkemiz i\u00e7in kritik \u00f6neme sahip bir maden oldu\u011funu hepimiz biliyoruz.<strong><img loading=\"lazy\" class=\"alignright wp-image-173585\" src=\"https:\/\/www.enerjigazetesi.ist\/wp-content\/uploads\/2023\/04\/komur-talebi-2023-te-tum-zamanlarin-en-yuksek-seviyesine-cikacak.jpg\" alt=\"\" width=\"320\" height=\"209\" srcset=\"https:\/\/www.enerjigazetesi.ist\/wp-content\/uploads\/2023\/04\/komur-talebi-2023-te-tum-zamanlarin-en-yuksek-seviyesine-cikacak.jpg 550w, https:\/\/www.enerjigazetesi.ist\/wp-content\/uploads\/2023\/04\/komur-talebi-2023-te-tum-zamanlarin-en-yuksek-seviyesine-cikacak-300x196.jpg 300w, https:\/\/www.enerjigazetesi.ist\/wp-content\/uploads\/2023\/04\/komur-talebi-2023-te-tum-zamanlarin-en-yuksek-seviyesine-cikacak-500x326.jpg 500w, https:\/\/www.enerjigazetesi.ist\/wp-content\/uploads\/2023\/04\/komur-talebi-2023-te-tum-zamanlarin-en-yuksek-seviyesine-cikacak-77x50.jpg 77w\" sizes=\"(max-width: 320px) 100vw, 320px\" \/><\/strong> K\u00f6m\u00fcr, d\u00fcn oldu\u011fu gibi bug\u00fcn de kesintisiz enerji sunan en \u00f6nemli enerji kaynaklar\u0131ndan biri olarak enerji karmalar\u0131ndan \u00f6nemli bir pay almaya devam ediyor. Global anlamda bak\u0131ld\u0131\u011f\u0131nda d\u00fcnyada b\u00fcy\u00fck \u00f6l\u00e7\u00fcde sera gaz\u0131 sal\u0131m\u0131 yapan \u00fclkeler k\u00f6m\u00fcr \u00fcretimlerini <strong>2050-2060\u2019l\u0131 y\u0131llara<\/strong> kadar s\u00fcrd\u00fcreceklerini deklare ederken, <strong>y\u00fczde 0,2<\/strong>\u2019lik kirletme pay\u0131na sahip bir \u00fclke olarak \u00fczerimize d\u00fc\u015fen sorumlulu\u011fun bilinciyle hareket ederek, yerli kayna\u011f\u0131m\u0131zdan milli \u00e7\u0131karlar\u0131m\u0131z do\u011frultusunda sonuna kadar faydalanmal\u0131y\u0131z. <strong>Daha fazla yenilenebilir enerjinin sisteme entegre edilebilmesi<\/strong> i\u00e7in s\u00fcrekli ve kesintisiz enerji arz\u0131 sa\u011flayan k\u00f6m\u00fcrden enerji \u00fcreten santraller gibi baz y\u00fck santrallerin kurulu g\u00fcc\u00fcn\u00fcn art\u0131r\u0131lmas\u0131 gereklidir.\u201d<\/em><\/p>\n<h3><strong>Avrupa k\u00f6m\u00fcre d\u00f6nd\u00fc, enerjide d\u0131\u015fa ba\u011f\u0131ml\u0131l\u0131kla m\u00fccadele i\u00e7in yerli k\u00f6m\u00fcr \u00fcretimimizi art\u0131rmal\u0131y\u0131z<\/strong><\/h3>\n<p>Rusya \u2013 Ukrayna krizinin neden oldu\u011fu belirsizliklerin <strong>do\u011falgaz<\/strong> ve <strong>elektrik fiyatlar\u0131nda<\/strong> h\u0131zl\u0131 ve rekor seviyede y\u00fckseli\u015flere neden oldu\u011funa dikkat \u00e7eken Prof. Dr. Kalayc\u0131: <em>\u201cAvrupa\u2019n\u0131n k\u0131\u015f aylar\u0131nda k\u00f6m\u00fcr kaynakl\u0131 enerji \u00fcretimine a\u011f\u0131rl\u0131k vermesi bekleniyordu. \u00d6zellikle<strong> Almanya, \u0130ngiltere, Fransa, \u0130talya, \u0130spanya, Hollanda, Avusturya, Polonya, Macaristan, \u00c7ekya ve Yunanistan\u2019\u0131n<\/strong> k\u00f6m\u00fcrden daha fazla elektrik \u00fcretimine y\u00f6nelece\u011fi \u00f6ng\u00f6r\u00fcl\u00fcyordu nitekim \u00f6yle de oldu. \u00dclkemizde y\u0131lda yakla\u015f\u0131k <strong>40 milyon ton k\u00f6m\u00fcr ithal etti\u011fimiz<\/strong> bir ortamda, bunun \u00f6n\u00fcne ge\u00e7ebilmek i\u00e7in, <strong>en kaliteli k\u00f6m\u00fcrlerimizi en k\u0131sa s\u00fcrede \u00fcreterek<\/strong> 2018 y\u0131l\u0131nda <strong>100 milyon ton s\u0131n\u0131r\u0131n\u0131 a\u015ft\u0131\u011f\u0131m\u0131z<\/strong> k\u00f6m\u00fcr \u00fcretimimizi \u00e7ok daha fazla art\u0131rmak zorunday\u0131z. \u0130thal k\u00f6m\u00fcrde ya\u015fanan y\u00fcksek fiyat art\u0131\u015f\u0131 ve enerjide d\u0131\u015fa ba\u011f\u0131ml\u0131l\u0131kla m\u00fccadele, \u00fclkemizde yerli k\u00f6m\u00fcre olan talebi de art\u0131rd\u0131 ve art\u0131rmaya devam edecek\u201d<\/em> diye konu\u015ftu.<\/p>\n<h3><strong>K\u00f6m\u00fcr 2040 y\u0131l\u0131nda bile k\u00fcresel enerji arz\u0131ndaki pay\u0131n\u0131 koruyacak<\/strong><\/h3>\n<p>Prof. Dr. Kalayc\u0131 s\u00f6zlerine \u015f\u00f6yle devam etti: <em>\u201cUluslararas\u0131 Enerji Ajans\u0131\u2019n\u0131n yenilenebilir ya da alternatif yak\u0131tlar\u0131n kullan\u0131mlar\u0131n\u0131n artaca\u011f\u0131 ve enerji verimlili\u011fine ya da karbon emisyonlar\u0131n\u0131n azalt\u0131lmas\u0131na y\u00f6nelik \u00e7abalar\u0131n geli\u015ftirilece\u011fi \u00f6ng\u00f6r\u00fclerine dayal\u0131 olan iyimser senaryosunda bile k\u00f6m\u00fcr\u00fcn 2040 y\u0131l\u0131nda <strong>k\u00fcresel enerji arz\u0131 i\u00e7erisindeki<\/strong> pay\u0131n\u0131 nispeten koruyaca\u011f\u0131 tahmin ediliyor. Bu kapsamda <strong>yeni alternatif enerjilerin<\/strong> fosil kaynaklardan uzakla\u015f\u0131larak enerji ihtiyac\u0131n\u0131 tam olarak kar\u015f\u0131layamayaca\u011f\u0131n\u0131 biliyoruz. <strong>Karbon \u00c7a\u011f\u0131<\/strong> devam etti\u011fi s\u00fcrece k\u00f6m\u00fcr de kullan\u0131lmaya devam edecek. Uluslararas\u0131 Enerji Ajans\u0131 taraf\u0131ndan yay\u0131nlanan rapora g\u00f6re, d\u00fcnyada k\u00f6m\u00fcr t\u00fcketiminin artarak, <strong>yakla\u015f\u0131k 10 y\u0131l \u00f6nce ula\u015ft\u0131\u011f\u0131<\/strong> rekor seviyeye geri d\u00f6nmesi, hatta k\u00f6m\u00fcr talebinin <strong>2023\u2019te<\/strong> t\u00fcm zamanlar\u0131n en y\u00fcksek seviyesine \u00e7\u0131kmas\u0131 bekleniyor.\u201d<\/em><\/p>\n<h3><strong>Temiz k\u00f6m\u00fcr teknolojilerinden \u00fcretimin t\u00fcm s\u00fcre\u00e7lerinde faydalanmal\u0131y\u0131z<\/strong><\/h3>\n<p>Prof. Dr. Kalayc\u0131: <em>\u201cLinyitlerimizin \u00e7evresel fakt\u00f6rler, maliyet ve sat\u0131\u015flar y\u00f6n\u00fcnden tamam\u0131n\u0131n kullan\u0131labilir olmas\u0131 i\u00e7in yenilik\u00e7i teknolojilerle iyile\u015ftirilmesi, emisyon ve di\u011fer \u00e7evre kirlili\u011fi yaratan \u00f6zelliklerinin bertaraf edilmesi gerekti\u011fi a\u00e7\u0131kt\u0131r. Bu ancak <strong>\u201cTemiz K\u00f6m\u00fcr Teknolojileri\u201d<\/strong> ile m\u00fcmk\u00fcn olur. Di\u011fer bir anlat\u0131mla, k\u00f6m\u00fcr\u00fcn \u00fcretim, haz\u0131rlanma ve kullan\u0131m s\u00fcre\u00e7lerinde \u00e7evre ile beraber verimlili\u011fin \u00f6n planda tutularak de\u011ferlendirilmesi <strong>Temiz K\u00f6m\u00fcr Teknolojileri<\/strong> olarak tan\u0131mlan\u0131yor. Bu teknoloji ile hem emisyon ve at\u0131klar\u0131n azalt\u0131lmas\u0131, hem de k\u00f6m\u00fcrden elde edilecek enerjinin art\u0131r\u0131lmas\u0131 hedefleniyor.\u201d<\/em><\/p>","protected":false},"excerpt":{"rendered":"<p>Sorry, this entry is only available in Turkish. For the sake of viewer convenience, the content is shown below in the alternative language. You may click the link to switch the active language.&nbsp; Enerji ve Tabii Kaynaklar Bakan Yard\u0131mc\u0131s\u0131 Prof. Dr. Kalayc\u0131, 4. Temiz K\u00f6m\u00fcr Teknolojileri Zirvesi\u2019nin ikinci g\u00fcn\u00fcn\u00fcn a\u00e7\u0131l\u0131\u015f\u0131nda \u015fu konulara dikkat \u00e7ekti:\u00a0\u201cYerli kayna\u011f\u0131m\u0131z [&hellip;]<\/p>\n","protected":false},"author":1,"featured_media":173583,"comment_status":"open","ping_status":"open","sticky":false,"template":"","format":"standard","meta":[],"categories":[53,24649],"tags":[107727,109024,1748],"views":36,"_links":{"self":[{"href":"https:\/\/www.enerjigazetesi.ist\/en\/wp-json\/wp\/v2\/posts\/173581"}],"collection":[{"href":"https:\/\/www.enerjigazetesi.ist\/en\/wp-json\/wp\/v2\/posts"}],"about":[{"href":"https:\/\/www.enerjigazetesi.ist\/en\/wp-json\/wp\/v2\/types\/post"}],"author":[{"embeddable":true,"href":"https:\/\/www.enerjigazetesi.ist\/en\/wp-json\/wp\/v2\/users\/1"}],"replies":[{"embeddable":true,"href":"https:\/\/www.enerjigazetesi.ist\/en\/wp-json\/wp\/v2\/comments?post=173581"}],"version-history":[{"count":0,"href":"https:\/\/www.enerjigazetesi.ist\/en\/wp-json\/wp\/v2\/posts\/173581\/revisions"}],"wp:featuredmedia":[{"embeddable":true,"href":"https:\/\/www.enerjigazetesi.ist\/en\/wp-json\/wp\/v2\/media\/173583"}],"wp:attachment":[{"href":"https:\/\/www.enerjigazetesi.ist\/en\/wp-json\/wp\/v2\/media?parent=173581"}],"wp:term":[{"taxonomy":"category","embeddable":true,"href":"https:\/\/www.enerjigazetesi.ist\/en\/wp-json\/wp\/v2\/categories?post=173581"},{"taxonomy":"post_tag","embeddable":true,"href":"https:\/\/www.enerjigazetesi.ist\/en\/wp-json\/wp\/v2\/tags?post=173581"}],"curies":[{"name":"wp","href":"https:\/\/api.w.org\/{rel}","templated":true}]}}