{"id":173569,"date":"2023-04-25T13:03:44","date_gmt":"2023-04-25T10:03:44","guid":{"rendered":"https:\/\/www.enerjigazetesi.ist\/?p=173569"},"modified":"2023-04-25T13:04:20","modified_gmt":"2023-04-25T10:04:20","slug":"cadir-kentte-yasayan-cocuklar-icin-23-nisan-cocuk-kosusu-yapildi","status":"publish","type":"post","link":"https:\/\/www.enerjigazetesi.ist\/en\/cadir-kentte-yasayan-cocuklar-icin-23-nisan-cocuk-kosusu-yapildi\/","title":{"rendered":"(Turkish) \u00c7ad\u0131r Kentte Ya\u015fayan \u00c7ocuklar \u0130\u00e7in 23 Nisan \u00c7ocuk Ko\u015fusu Yap\u0131ld\u0131"},"content":{"rendered":"<p class=\"qtranxs-available-languages-message qtranxs-available-languages-message-en\">Sorry, this entry is only available in <a href=\"https:\/\/www.enerjigazetesi.ist\/tr\/wp-json\/wp\/v2\/posts\/173569\" class=\"qtranxs-available-language-link qtranxs-available-language-link-tr\" title=\"Turkish\">Turkish<\/a>. For the sake of viewer convenience, the content is shown below in the alternative language. You may click the link to switch the active language.<\/p><p><\/p>\n<h2><strong>Eker S\u00fct \u00dcr\u00fcnleri&#8217;nin Mersin B\u00fcy\u00fck\u015fehir Belediyesi ile birlikte Hatay\u2019da ger\u00e7ekle\u015ftirdi\u011fi 23 Nisan \u00c7ocuk Ko\u015fusu, deprem sebebiyle \u00e7ad\u0131r kentte ya\u015fayan \u00e7ocuklara ne\u015fe ve umut kayna\u011f\u0131 oldu. Minik ad\u0131mlar, 23 Nisan&#8217;\u0131n 103. y\u0131l\u0131n\u0131 103 metre ko\u015farak kutlad\u0131.<\/strong><\/h2>\n<p>Eker,<strong>\u00a0<\/strong>B\u00fcy\u00fck \u00d6nder Mustafa Kemal Atat\u00fcrk taraf\u0131ndan \u00e7ocuklara arma\u011fan edilen <strong>23 Nisan Ulusal Egemenlik ve \u00c7ocuk Bayram\u0131&#8217;n\u0131<\/strong> kutlama gelene\u011fini anlaml\u0131 bir etkinlikle s\u00fcrd\u00fcrd\u00fc. Bu y\u0131l Hatay\u2019da ger\u00e7ekle\u015fen <strong>Eker I Run 23 Nisan \u00c7ocuk Ko\u015fusu<\/strong>, depremden etkilenen \u00e7ocuklara bayram co\u015fkusunu <img loading=\"lazy\" class=\"alignright wp-image-173572\" src=\"https:\/\/www.enerjigazetesi.ist\/wp-content\/uploads\/2023\/04\/cadir-kentte-yasayan-cocuklar-icin-23-nisan-cocuk-kosusu-yapildi-2.jpg\" alt=\"\" width=\"320\" height=\"225\" srcset=\"https:\/\/www.enerjigazetesi.ist\/wp-content\/uploads\/2023\/04\/cadir-kentte-yasayan-cocuklar-icin-23-nisan-cocuk-kosusu-yapildi-2.jpg 550w, https:\/\/www.enerjigazetesi.ist\/wp-content\/uploads\/2023\/04\/cadir-kentte-yasayan-cocuklar-icin-23-nisan-cocuk-kosusu-yapildi-2-300x211.jpg 300w, https:\/\/www.enerjigazetesi.ist\/wp-content\/uploads\/2023\/04\/cadir-kentte-yasayan-cocuklar-icin-23-nisan-cocuk-kosusu-yapildi-2-500x352.jpg 500w, https:\/\/www.enerjigazetesi.ist\/wp-content\/uploads\/2023\/04\/cadir-kentte-yasayan-cocuklar-icin-23-nisan-cocuk-kosusu-yapildi-2-71x50.jpg 71w\" sizes=\"(max-width: 320px) 100vw, 320px\" \/>ya\u015fatt\u0131. <strong>Hatay Expo Mersin B\u00fcy\u00fck\u015fehir Belediyesi \u00c7ad\u0131r Kenti<\/strong>&#8216;nde yap\u0131lan etkinli\u011fe kat\u0131lan \u00e7ocuklar hem <strong>birlikte<\/strong> <strong>ko\u015fma<\/strong> hem de <strong>\u015fenlik oyunlar\u0131<\/strong> ile <strong>e\u011flenme f\u0131rsat\u0131<\/strong> buldu.<\/p>\n<h3><strong>550 \u00e7ocuk kat\u0131l\u0131m sa\u011flad\u0131<\/strong><\/h3>\n<p>Eker\u2019in, Mersin B\u00fcy\u00fck\u015fehir Belediyesi ile birlikte ger\u00e7ekle\u015ftirdi\u011fi <strong>Eker I Run 23 Nisan \u00c7ocuk Ko\u015fusu<\/strong>\u2019na; KEDEV, ALIKEV, Ad\u0131m Ad\u0131m dernekleri de destek verdi. TBMM\u2019nin kurulu\u015funun 103. y\u0131l\u0131n\u0131n \u015ferefine 103 metre ko\u015fan her \u00e7ocuk, parkuru tamamlad\u0131ktan sonra birinci ilan edilerek madalyalar\u0131n\u0131 kazanman\u0131n gururunu ya\u015fad\u0131. \u00c7e\u015fitli ya\u015flardan 550 \u00e7ocu\u011fun kat\u0131l\u0131m sa\u011flad\u0131\u011f\u0131 etkinlikte ko\u015funun yan\u0131 s\u0131ra; <strong>Dilek A\u011fac\u0131, Refleks Oyunu, Denge Oyunu, Mini Oryantring<\/strong> gibi \u015fenlik oyunlar\u0131yla keyifli anlar ya\u015fand\u0131.<\/p>\n<h3><strong>Ko\u015fu, \u00e7ad\u0131r kentte ya\u015fayan \u00e7ocuklara ne\u015fe ve umut oldu<\/strong><\/h3>\n<p>2020 y\u0131l\u0131ndaki pandemi ko\u015fullar\u0131nda T\u00fcrkiye&#8217;nin <strong>ilk online ko\u015fusu<\/strong> olarak yap\u0131lan Eker I Run 23 Nisan \u00c7ocuk Ko\u015fusu, d\u00f6rd\u00fcnc\u00fc y\u0131l\u0131na ula\u015ft\u0131\u011f\u0131 2023\u2019te deprem sebebiyle \u00e7ad\u0131r kentlerde ya\u015fayan \u00e7ocuklara bir nebze de olsa ne\u015fe ve umut olmak amac\u0131yla ger\u00e7ekle\u015ftirildi. Eker, \u00f6n\u00fcm\u00fczdeki y\u0131llarda da <strong>23 Nisan \u00c7ocuk Ko\u015fusu etkinliklerine<\/strong> devam etmeyi hedefliyor.<\/p>","protected":false},"excerpt":{"rendered":"<p>Sorry, this entry is only available in Turkish. For the sake of viewer convenience, the content is shown below in the alternative language. You may click the link to switch the active language. Eker S\u00fct \u00dcr\u00fcnleri&#8217;nin Mersin B\u00fcy\u00fck\u015fehir Belediyesi ile birlikte Hatay\u2019da ger\u00e7ekle\u015ftirdi\u011fi 23 Nisan \u00c7ocuk Ko\u015fusu, deprem sebebiyle \u00e7ad\u0131r kentte ya\u015fayan \u00e7ocuklara ne\u015fe ve [&hellip;]<\/p>\n","protected":false},"author":1,"featured_media":173571,"comment_status":"open","ping_status":"open","sticky":false,"template":"","format":"standard","meta":[],"categories":[53],"tags":[109022,109023,5630,27165],"views":33,"_links":{"self":[{"href":"https:\/\/www.enerjigazetesi.ist\/en\/wp-json\/wp\/v2\/posts\/173569"}],"collection":[{"href":"https:\/\/www.enerjigazetesi.ist\/en\/wp-json\/wp\/v2\/posts"}],"about":[{"href":"https:\/\/www.enerjigazetesi.ist\/en\/wp-json\/wp\/v2\/types\/post"}],"author":[{"embeddable":true,"href":"https:\/\/www.enerjigazetesi.ist\/en\/wp-json\/wp\/v2\/users\/1"}],"replies":[{"embeddable":true,"href":"https:\/\/www.enerjigazetesi.ist\/en\/wp-json\/wp\/v2\/comments?post=173569"}],"version-history":[{"count":0,"href":"https:\/\/www.enerjigazetesi.ist\/en\/wp-json\/wp\/v2\/posts\/173569\/revisions"}],"wp:featuredmedia":[{"embeddable":true,"href":"https:\/\/www.enerjigazetesi.ist\/en\/wp-json\/wp\/v2\/media\/173571"}],"wp:attachment":[{"href":"https:\/\/www.enerjigazetesi.ist\/en\/wp-json\/wp\/v2\/media?parent=173569"}],"wp:term":[{"taxonomy":"category","embeddable":true,"href":"https:\/\/www.enerjigazetesi.ist\/en\/wp-json\/wp\/v2\/categories?post=173569"},{"taxonomy":"post_tag","embeddable":true,"href":"https:\/\/www.enerjigazetesi.ist\/en\/wp-json\/wp\/v2\/tags?post=173569"}],"curies":[{"name":"wp","href":"https:\/\/api.w.org\/{rel}","templated":true}]}}