{"id":173564,"date":"2023-04-25T12:36:52","date_gmt":"2023-04-25T09:36:52","guid":{"rendered":"https:\/\/www.enerjigazetesi.ist\/?p=173564"},"modified":"2023-04-25T12:36:52","modified_gmt":"2023-04-25T09:36:52","slug":"oedas-ekipleri-deprem-bolgesinde-yaralari-sarmak-icin-araliksiz-calisiyor","status":"publish","type":"post","link":"https:\/\/www.enerjigazetesi.ist\/en\/oedas-ekipleri-deprem-bolgesinde-yaralari-sarmak-icin-araliksiz-calisiyor\/","title":{"rendered":"(Turkish) OEDA\u015e Ekipleri Deprem B\u00f6lgesinde Yaralar\u0131 Sarmak \u0130\u00e7in Aral\u0131ks\u0131z \u00c7al\u0131\u015f\u0131yor"},"content":{"rendered":"<p class=\"qtranxs-available-languages-message qtranxs-available-languages-message-en\">Sorry, this entry is only available in <a href=\"https:\/\/www.enerjigazetesi.ist\/tr\/wp-json\/wp\/v2\/posts\/173564\" class=\"qtranxs-available-language-link qtranxs-available-language-link-tr\" title=\"Turkish\">Turkish<\/a>. For the sake of viewer convenience, the content is shown below in the alternative language. You may click the link to switch the active language.<\/p><p><\/p>\n<h2><strong>Elektrik da\u011f\u0131t\u0131m \u015firketi OEDA\u015e, Kahramanmara\u015f merkezli depremlerin ard\u0131ndan b\u00f6lgedeki<\/strong><strong> elektrik arz\u0131n\u0131n g\u00fcvenli\u011finin ve s\u00fcrd\u00fcr\u00fclebilirli\u011finin <\/strong><strong>yeniden sa\u011flanmas\u0131 i\u00e7in ilk g\u00fcnden itibaren \u00e7al\u0131\u015fmalar\u0131n\u0131 aral\u0131ks\u0131z olarak s\u00fcrd\u00fcr\u00fcyor. Ad\u0131yaman\u2019\u0131n merkezinde ve G\u00f6lba\u015f\u0131 il\u00e7esinde g\u00f6rev alan ekiplerin 10 g\u00fcnde bir de\u011fi\u015fti\u011fini ve \u015fu anda sekizinci ekibin b\u00f6lgede oldu\u011funu s\u00f6yleyen OEDA\u015e Direkt\u00f6r\u00fc Muzaffer Yal\u00e7\u0131n, <em>\u201cEkiplerimiz deprem b\u00f6lgesinde yaralar\u0131n sar\u0131lmas\u0131na katk\u0131 sunabilmek i\u00e7in g\u00f6n\u00fcll\u00fcl\u00fckte adeta birbirleriyle yar\u0131\u015f\u0131yor. \u015eu ana kadar toplam 278 \u00e7al\u0131\u015fan\u0131m\u0131zla b\u00f6lgede yer ald\u0131k. T\u00fcm \u00e7al\u0131\u015fmalar tamamlan\u0131ncaya kadar da orada bulunmaya devam edece\u011fiz\u201d<\/em> dedi. <\/strong><\/h2>\n<p><strong>Afyonkarahisar, Bilecik, Eski\u015fehir, K\u00fctahya ve U\u015fak<\/strong> illerinin elektrik da\u011f\u0131t\u0131m hizmetini sa\u011flayan <strong>Osmangazi Elektrik Da\u011f\u0131t\u0131m A\u015e (OEDA\u015e)<\/strong>, Kahramanmara\u015f merkezli olan ve 11 ilde b\u00fcy\u00fck y\u0131k\u0131ma yol a\u00e7an depremlerin ard\u0131ndan b\u00f6lgedeki elektrik arz\u0131n\u0131n yeniden g\u00fcvenli ve s\u00fcrd\u00fcr\u00fclebilir bir \u015fekilde sa\u011flanmas\u0131 i\u00e7in <strong>\u00e7al\u0131\u015fmalar\u0131n\u0131 s\u00fcrd\u00fcr\u00fcyor.<\/strong><\/p>\n<h3><strong>Muzaffer Yal\u00e7\u0131n: \u201cEkiplerimiz dayan\u0131\u015fma ruhu ve \u00f6zveriyle \u00e7al\u0131\u015fmaya devam ediyor\u201d<\/strong><\/h3>\n<p><img loading=\"lazy\" class=\"alignright wp-image-173567\" src=\"https:\/\/www.enerjigazetesi.ist\/wp-content\/uploads\/2023\/04\/oedas-ekipleri-deprem-bolgesinde-yaralari-sarmak-icin-araliksiz-calisiyor-1.jpg\" alt=\"\" width=\"320\" height=\"246\" srcset=\"https:\/\/www.enerjigazetesi.ist\/wp-content\/uploads\/2023\/04\/oedas-ekipleri-deprem-bolgesinde-yaralari-sarmak-icin-araliksiz-calisiyor-1.jpg 550w, https:\/\/www.enerjigazetesi.ist\/wp-content\/uploads\/2023\/04\/oedas-ekipleri-deprem-bolgesinde-yaralari-sarmak-icin-araliksiz-calisiyor-1-300x230.jpg 300w, https:\/\/www.enerjigazetesi.ist\/wp-content\/uploads\/2023\/04\/oedas-ekipleri-deprem-bolgesinde-yaralari-sarmak-icin-araliksiz-calisiyor-1-500x384.jpg 500w, https:\/\/www.enerjigazetesi.ist\/wp-content\/uploads\/2023\/04\/oedas-ekipleri-deprem-bolgesinde-yaralari-sarmak-icin-araliksiz-calisiyor-1-65x50.jpg 65w, https:\/\/www.enerjigazetesi.ist\/wp-content\/uploads\/2023\/04\/oedas-ekipleri-deprem-bolgesinde-yaralari-sarmak-icin-araliksiz-calisiyor-1-260x200.jpg 260w\" sizes=\"(max-width: 320px) 100vw, 320px\" \/><\/p>\n<p>Deprem b\u00f6lgesinde ger\u00e7ekle\u015ftirdikleri \u00e7al\u0131\u015fmalar hakk\u0131nda bilgi veren <strong>OEDA\u015e Direkt\u00f6r\u00fc Muzaffer Yal\u00e7\u0131n<\/strong>,<em> \u201c\u00dclkemizi sarsan bu b\u00fcy\u00fck felakette yaralar\u0131n sar\u0131lmas\u0131na katk\u0131 sunabilmek i\u00e7in ilk g\u00fcnden itibaren aral\u0131ks\u0131z olarak \u00e7al\u0131\u015f\u0131yoruz. Enerji ve Tabii Kaynaklar Bakanl\u0131\u011f\u0131m\u0131z\u0131n koordinasyonunda depremin hemen ertesi g\u00fcn\u00fc b\u00f6lgeye intikal ederek hem arama kurtarma \u00e7al\u0131\u015fmalar\u0131na kat\u0131ld\u0131k hem de <strong>elektrik arz\u0131n\u0131n yeniden sa\u011flanmas\u0131<\/strong> i\u00e7in <strong>seferber olduk<\/strong>. Saha ekiplerimiz, i\u015f g\u00fcvenli\u011fi uzmanlar\u0131m\u0131z ve ekip y\u00f6neticilerimiz, deprem b\u00f6lgesindeki \u00e7al\u0131\u015fmalara g\u00f6n\u00fcll\u00fc olarak kat\u0131lmak i\u00e7in adeta birbirileriyle yar\u0131\u015f\u0131yor. Ekiplerimiz 10 g\u00fcnde bir de\u011fi\u015fiyor, \u015fu anda sekizinci ekibimiz b\u00f6lgede. T\u00fcm \u00e7al\u0131\u015fmalar tamamlan\u0131ncaya kadar da b\u00f6lgede olmaya devam edece\u011fiz. \u00c7al\u0131\u015fma arkada\u015flar\u0131m\u0131za g\u00f6stermi\u015f olduklar\u0131 dayan\u0131\u015fma ruhu ve \u00f6zveriden dolay\u0131 te\u015fekk\u00fcr ediyorum\u201d<\/em> dedi.<\/p>\n<h3><strong>Deprem b\u00f6lgesine aral\u0131ks\u0131z ekip ve ekipman deste\u011fi<\/strong><\/h3>\n<p><strong>Ad\u0131yaman\u2019\u0131n merkezinde<\/strong> ve<strong> G\u00f6lba\u015f\u0131 il\u00e7esinde<\/strong> elektrik arz\u0131n\u0131n g\u00fcvenli\u011fini ve s\u00fcrd\u00fcr\u00fclebilirli\u011fini yeniden sa\u011flamak i\u00e7in \u00e7al\u0131\u015fmalar\u0131 s\u00fcrd\u00fcren OEDA\u015e, bug\u00fcne kadar <strong>13<\/strong> ekip y\u00f6neticisi, <strong>251<\/strong> saha \u00e7al\u0131\u015fan\u0131 ve <strong>14<\/strong> i\u015f g\u00fcvenli\u011fi uzman\u0131 olmak \u00fczere toplam <strong>278 \u00e7al\u0131\u015fan<\/strong> ile deprem b\u00f6lgesinde g\u00f6rev ald\u0131. Ekipler bu \u00e7al\u0131\u015fmalarda toplam <strong>45<\/strong> adet hidrolik platformlu ara\u00e7, <strong>56<\/strong> adet 4X4 ara\u00e7,<strong> 5<\/strong> kamyon, <strong>2<\/strong> \u00e7ift kabin transit, <strong>3<\/strong> vin\u00e7 ve <strong>1<\/strong> kep\u00e7e ile g\u00f6rev yapt\u0131. OEDA\u015e ayr\u0131ca hem kendi ekiplerinin hem de b\u00f6lgede g\u00f6rev alan di\u011fer elektrik da\u011f\u0131t\u0131m \u015firketi ekiplerinin konaklamas\u0131 i\u00e7in 54 yatak kapasiteli 6 adet konteyner, 10 adet da\u011f\u0131t\u0131m trafosu, 8 adet \u00e7e\u015fitli g\u00fc\u00e7lerde jenerat\u00f6r, \u00e7e\u015fitli avadanl\u0131klar, i\u015f g\u00fcvenli\u011fi malzemeleri, \u015febeke malzemeleri, su, kuru g\u0131da, hijyen malzemeleri gibi insani yard\u0131m malzemelerini de deprem b\u00f6lgesine ula\u015ft\u0131rd\u0131.<\/p>\n<p>Halihaz\u0131rda b\u00f6lgede yer alan <strong>8&#8217;inci ekipte<\/strong> yer alan<strong> 20<\/strong> g\u00f6n\u00fcll\u00fc OEDA\u015e \u00e7al\u0131\u015fan\u0131 da <strong>5<\/strong> adet hidrolik platformlu ara\u00e7 ve <strong>3<\/strong> adet <strong>4&#215;4 ara\u00e7<\/strong> ile faaliyetlerine devam ediyor.<\/p>","protected":false},"excerpt":{"rendered":"<p>Sorry, this entry is only available in Turkish. For the sake of viewer convenience, the content is shown below in the alternative language. You may click the link to switch the active language. Elektrik da\u011f\u0131t\u0131m \u015firketi OEDA\u015e, Kahramanmara\u015f merkezli depremlerin ard\u0131ndan b\u00f6lgedeki elektrik arz\u0131n\u0131n g\u00fcvenli\u011finin ve s\u00fcrd\u00fcr\u00fclebilirli\u011finin yeniden sa\u011flanmas\u0131 i\u00e7in ilk g\u00fcnden itibaren \u00e7al\u0131\u015fmalar\u0131n\u0131 aral\u0131ks\u0131z [&hellip;]<\/p>\n","protected":false},"author":1,"featured_media":173566,"comment_status":"open","ping_status":"open","sticky":false,"template":"","format":"standard","meta":[],"categories":[51,53],"tags":[3115,15016,9749],"views":39,"_links":{"self":[{"href":"https:\/\/www.enerjigazetesi.ist\/en\/wp-json\/wp\/v2\/posts\/173564"}],"collection":[{"href":"https:\/\/www.enerjigazetesi.ist\/en\/wp-json\/wp\/v2\/posts"}],"about":[{"href":"https:\/\/www.enerjigazetesi.ist\/en\/wp-json\/wp\/v2\/types\/post"}],"author":[{"embeddable":true,"href":"https:\/\/www.enerjigazetesi.ist\/en\/wp-json\/wp\/v2\/users\/1"}],"replies":[{"embeddable":true,"href":"https:\/\/www.enerjigazetesi.ist\/en\/wp-json\/wp\/v2\/comments?post=173564"}],"version-history":[{"count":0,"href":"https:\/\/www.enerjigazetesi.ist\/en\/wp-json\/wp\/v2\/posts\/173564\/revisions"}],"wp:featuredmedia":[{"embeddable":true,"href":"https:\/\/www.enerjigazetesi.ist\/en\/wp-json\/wp\/v2\/media\/173566"}],"wp:attachment":[{"href":"https:\/\/www.enerjigazetesi.ist\/en\/wp-json\/wp\/v2\/media?parent=173564"}],"wp:term":[{"taxonomy":"category","embeddable":true,"href":"https:\/\/www.enerjigazetesi.ist\/en\/wp-json\/wp\/v2\/categories?post=173564"},{"taxonomy":"post_tag","embeddable":true,"href":"https:\/\/www.enerjigazetesi.ist\/en\/wp-json\/wp\/v2\/tags?post=173564"}],"curies":[{"name":"wp","href":"https:\/\/api.w.org\/{rel}","templated":true}]}}