{"id":173447,"date":"2023-04-23T21:24:55","date_gmt":"2023-04-23T18:24:55","guid":{"rendered":"https:\/\/www.enerjigazetesi.ist\/?p=173447"},"modified":"2023-04-23T22:01:03","modified_gmt":"2023-04-23T19:01:03","slug":"demir-celik-sektorunun-ilk-tcfd-raporu-yayinlandi","status":"publish","type":"post","link":"https:\/\/www.enerjigazetesi.ist\/en\/demir-celik-sektorunun-ilk-tcfd-raporu-yayinlandi\/","title":{"rendered":"(Turkish) Demir \u00c7elik Sekt\u00f6r\u00fcn\u00fcn \u0130lk TCFD Raporu Yay\u0131nland\u0131"},"content":{"rendered":"<p class=\"qtranxs-available-languages-message qtranxs-available-languages-message-en\">Sorry, this entry is only available in <a href=\"https:\/\/www.enerjigazetesi.ist\/tr\/wp-json\/wp\/v2\/posts\/173447\" class=\"qtranxs-available-language-link qtranxs-available-language-link-tr\" title=\"Turkish\">Turkish<\/a>. For the sake of viewer convenience, the content is shown below in the alternative language. You may click the link to switch the active language.<\/p><p><\/p>\n<h2><strong>Borusan Grup \u015firketlerinden Bor\u00e7elik \u201c\u0130klim, \u0130nsan, \u0130novasyon\u201d ba\u015fl\u0131klar\u0131nda y\u00fcr\u00fctt\u00fc\u011f\u00fc s\u00fcrd\u00fcr\u00fclebilirlik \u00e7al\u0131\u015fmalar\u0131 kapsam\u0131nda Task Force on Climate-related Financial Disclosures (TCFD) raporunu yay\u0131nlad\u0131. T\u00fcrkiye\u2019de bu raporu alan demir-\u00e7elik sekt\u00f6r\u00fcn\u00fcn ilk \u015firketi olan Bor\u00e7elik\u2019in 2030\u2019a kadar operasyonlar\u0131ndan kaynaklanan emisyonlar\u0131n\u0131 % 47 azaltma ve 2050\u2019ye kadar net s\u0131f\u0131ra ula\u015ft\u0131rma hedefi bulunuyor.<\/strong><\/h2>\n<p>T\u00fcrkiye\u2019nin en b\u00fcy\u00fck ve en y\u00fcksek kaliteli galvanizli \u00e7elik \u00fcreticisi olan Bor\u00e7elik, <strong>G20 \u00fclkeleri Finansal \u0130stikrar Kurulu (FSB)<\/strong> taraf\u0131ndan <strong>2015 y\u0131l\u0131nda<\/strong> olu\u015fturulan <strong>TCFD (\u0130klimle Ba\u011flant\u0131l\u0131 Finansal Beyan G\u00f6rev G\u00fcc\u00fc) raporunu<\/strong> yay\u0131nlad\u0131. \u0130klim krizini temel alan ve soruna y\u00f6nelik \u00e7\u00f6z\u00fcmler olu\u015fturma vizyonu ile hareket eden Bor\u00e7elik, rapor ile birlikte s\u00fcrd\u00fcr\u00fclebilirli\u011fe odaklanan daha fazla yat\u0131r\u0131mc\u0131 ile i\u015f birli\u011fi geli\u015ftirmeyi ve topluma de\u011fer katan yeni projeler \u00fcretmeyi hedefliyor.<\/p>\n<h3><strong>Karbonsuzla\u015fma eylem plan\u0131 ile hedefine ula\u015facak<\/strong><\/h3>\n<p>\u015eirket olarak son iki sene i\u00e7erisinde s\u00fcrd\u00fcr\u00fclebilirli\u011fe y\u00f6nelik <strong>\u00e7elik sekt\u00f6r\u00fcnde<\/strong> \u00f6nc\u00fc i\u015flere imza <img loading=\"lazy\" class=\"alignright wp-image-173451\" src=\"https:\/\/www.enerjigazetesi.ist\/wp-content\/uploads\/2023\/04\/demir-celik-sektorunun-ilk-tcfd-raporu-yayinlandi-1.jpg\" alt=\"\" width=\"320\" height=\"320\" srcset=\"https:\/\/www.enerjigazetesi.ist\/wp-content\/uploads\/2023\/04\/demir-celik-sektorunun-ilk-tcfd-raporu-yayinlandi-1.jpg 480w, https:\/\/www.enerjigazetesi.ist\/wp-content\/uploads\/2023\/04\/demir-celik-sektorunun-ilk-tcfd-raporu-yayinlandi-1-300x300.jpg 300w, https:\/\/www.enerjigazetesi.ist\/wp-content\/uploads\/2023\/04\/demir-celik-sektorunun-ilk-tcfd-raporu-yayinlandi-1-150x150.jpg 150w, https:\/\/www.enerjigazetesi.ist\/wp-content\/uploads\/2023\/04\/demir-celik-sektorunun-ilk-tcfd-raporu-yayinlandi-1-400x400.jpg 400w, https:\/\/www.enerjigazetesi.ist\/wp-content\/uploads\/2023\/04\/demir-celik-sektorunun-ilk-tcfd-raporu-yayinlandi-1-50x50.jpg 50w, https:\/\/www.enerjigazetesi.ist\/wp-content\/uploads\/2023\/04\/demir-celik-sektorunun-ilk-tcfd-raporu-yayinlandi-1-100x100.jpg 100w\" sizes=\"(max-width: 320px) 100vw, 320px\" \/>att\u0131klar\u0131n\u0131 belirten Bor\u00e7elik Genel M\u00fcd\u00fcr\u00fc Kerem \u00c7ak\u0131r, <em>\u201c\u00c7evreye ve sosyal sorumlulu\u011fa duyarl\u0131 \u00e7elik \u00fcretimi \u00fczerine odaklanan<strong> Responsible Steel Derne\u011fi\u2019ne<\/strong> kabul edilen <strong>ilk yass\u0131 \u00e7elik \u00fcreticilerinden<\/strong> biriyiz. Ayr\u0131ca Global Compact \u00fcyeli\u011fimiz ile de d\u00fcnyan\u0131n en b\u00fcy\u00fck kurumsal s\u00fcrd\u00fcr\u00fclebilirlik giri\u015fiminin bir par\u00e7as\u0131y\u0131z. TCFD raporuyla birlikte <strong>s\u00fcrd\u00fcr\u00fclebilirlik alan\u0131ndaki kararl\u0131 duru\u015fumuzu<\/strong> bir ad\u0131m \u00f6teye ta\u015f\u0131maktan mutluluk duyuyoruz\u201d<\/em> dedi.<\/p>\n<p>\u00c7ak\u0131r, TCFD raporunun Bor\u00e7elik\u2019e katk\u0131s\u0131 hakk\u0131nda ise \u015fu de\u011ferlendirmede bulundu: <em>\u201cHayata ge\u00e7ti\u011fi 2015 y\u0131l\u0131ndan bu yana TCFD \u015firketlerin iklim krizine kar\u015f\u0131 kurumsal y\u00f6neti\u015fim, strateji, risk\/f\u0131rsatlar ve hedefleri konusunda bir raporlama \u00e7er\u00e7evesi olu\u015fturuyor. TCFD ile \u015firketler, yat\u0131r\u0131mc\u0131lar\u0131na ve di\u011fer payda\u015flar\u0131na iklim krizine kar\u015f\u0131 yapt\u0131klar\u0131 ile ilgili <strong>tutarl\u0131, \u015feffaf ve g\u00fcvenilir bilgiler<\/strong> sa\u011flamay\u0131 taahh\u00fct ediyor. Bor\u00e7elik olarak olu\u015fturdu\u011fumuz <strong>karbonsuzla\u015fma eylem plan\u0131<\/strong> ile bizim de 2030\u2019a kadar operasyonlar\u0131m\u0131zdan kaynaklanan emisyonlar\u0131 <strong>y\u00fczde 47<\/strong> azaltma ve <strong>2050\u2019ye kadar net s\u0131f\u0131ra ula\u015ft\u0131rma hedefimiz<\/strong> s\u00f6z konusu. Plan\u0131m\u0131z kapsam\u0131nda <strong>do\u011falgaz<\/strong> ve <strong>elektrik t\u00fcketiminin azalt\u0131lmas\u0131na<\/strong> y\u00f6nelik <strong>yat\u0131r\u0131mlara<\/strong> ve <strong>enerji verimlili\u011fi projelerine<\/strong> odaklan\u0131yor, baz\u0131 alanlarda s\u00fcre\u00e7lerimizi daha s\u00fcrd\u00fcr\u00fclebilir k\u0131lmak ad\u0131na <strong>hidrojen tesisi yat\u0131r\u0131m\u0131nda<\/strong> bulunmay\u0131 planl\u0131yoruz. Yenilenebilir enerji \u00fcretim ve kullan\u0131m konusunda ise Gemlik\u2019teki ana fabrikam\u0131zda kurulan<strong> pilot GES yat\u0131r\u0131m\u0131n\u0131<\/strong> tamamlad\u0131k. <strong>Manisa \u00c7elik Servis Merkezimizde GES yat\u0131r\u0131m\u0131n\u0131<\/strong> s\u00fcrd\u00fcr\u00fcyoruz. <strong>RES projemiz i\u00e7in<\/strong> <strong>Borusan EnBw Enerji<\/strong> ile birlikte hareket ediyoruz. <strong>TCFD raporu<\/strong> ile birlikte <strong>s\u00fcrd\u00fcr\u00fclebilirlik \u00fczerine yat\u0131r\u0131mlar\u0131m\u0131z\u0131<\/strong> \u00e7e\u015fitlendirmeyi ama\u00e7l\u0131yoruz.\u201d<\/em><\/p>\n<p>Bor\u00e7elik <strong>operasyonlar\u0131ndan kaynaklanan emisyonlar\u0131n<\/strong> yan\u0131 s\u0131ra <strong>hammadde kullan\u0131m\u0131<\/strong> ve <strong>hammaddenin nakliyesinden<\/strong> kaynaklanan <strong>dolayl\u0131 emisyonlar\u0131n\u0131 azaltmak<\/strong> i\u00e7in de \u00e7al\u0131\u015fmalar\u0131n\u0131 s\u00fcrd\u00fcr\u00fcyor. Bunun i\u00e7in ticari ko\u015fullar\u0131 g\u00f6zeterek <strong>d\u00fc\u015f\u00fck emisyonlu hammadde kaynaklar\u0131ndan<\/strong> <strong>tedarik i\u00e7in \u00e7al\u0131\u015fmalar<\/strong> y\u00fcr\u00fct\u00fcyor.<\/p>","protected":false},"excerpt":{"rendered":"<p>Sorry, this entry is only available in Turkish. For the sake of viewer convenience, the content is shown below in the alternative language. You may click the link to switch the active language. Borusan Grup \u015firketlerinden Bor\u00e7elik \u201c\u0130klim, \u0130nsan, \u0130novasyon\u201d ba\u015fl\u0131klar\u0131nda y\u00fcr\u00fctt\u00fc\u011f\u00fc s\u00fcrd\u00fcr\u00fclebilirlik \u00e7al\u0131\u015fmalar\u0131 kapsam\u0131nda Task Force on Climate-related Financial Disclosures (TCFD) raporunu yay\u0131nlad\u0131. T\u00fcrkiye\u2019de [&hellip;]<\/p>\n","protected":false},"author":1,"featured_media":173450,"comment_status":"open","ping_status":"open","sticky":false,"template":"","format":"standard","meta":[],"categories":[53,52],"tags":[108454,63506,27525,1224,3008,63596,31929,108991,93040,108990],"views":55,"_links":{"self":[{"href":"https:\/\/www.enerjigazetesi.ist\/en\/wp-json\/wp\/v2\/posts\/173447"}],"collection":[{"href":"https:\/\/www.enerjigazetesi.ist\/en\/wp-json\/wp\/v2\/posts"}],"about":[{"href":"https:\/\/www.enerjigazetesi.ist\/en\/wp-json\/wp\/v2\/types\/post"}],"author":[{"embeddable":true,"href":"https:\/\/www.enerjigazetesi.ist\/en\/wp-json\/wp\/v2\/users\/1"}],"replies":[{"embeddable":true,"href":"https:\/\/www.enerjigazetesi.ist\/en\/wp-json\/wp\/v2\/comments?post=173447"}],"version-history":[{"count":1,"href":"https:\/\/www.enerjigazetesi.ist\/en\/wp-json\/wp\/v2\/posts\/173447\/revisions"}],"predecessor-version":[{"id":173448,"href":"https:\/\/www.enerjigazetesi.ist\/en\/wp-json\/wp\/v2\/posts\/173447\/revisions\/173448"}],"wp:featuredmedia":[{"embeddable":true,"href":"https:\/\/www.enerjigazetesi.ist\/en\/wp-json\/wp\/v2\/media\/173450"}],"wp:attachment":[{"href":"https:\/\/www.enerjigazetesi.ist\/en\/wp-json\/wp\/v2\/media?parent=173447"}],"wp:term":[{"taxonomy":"category","embeddable":true,"href":"https:\/\/www.enerjigazetesi.ist\/en\/wp-json\/wp\/v2\/categories?post=173447"},{"taxonomy":"post_tag","embeddable":true,"href":"https:\/\/www.enerjigazetesi.ist\/en\/wp-json\/wp\/v2\/tags?post=173447"}],"curies":[{"name":"wp","href":"https:\/\/api.w.org\/{rel}","templated":true}]}}