{"id":173364,"date":"2023-04-20T13:55:47","date_gmt":"2023-04-20T10:55:47","guid":{"rendered":"https:\/\/www.enerjigazetesi.ist\/?p=173364"},"modified":"2023-04-20T13:58:40","modified_gmt":"2023-04-20T10:58:40","slug":"turkiyenin-guncellenmis-ulusal-katki-beyani-bm-sekretaryasina-sunuldu","status":"publish","type":"post","link":"https:\/\/www.enerjigazetesi.ist\/en\/turkiyenin-guncellenmis-ulusal-katki-beyani-bm-sekretaryasina-sunuldu\/","title":{"rendered":"(Turkish) T\u00fcrkiye&#8217;nin G\u00fcncellenmi\u015f Ulusal Katk\u0131 Beyan\u0131 &#8216;BM Sekretaryas\u0131&#8217;na Sunuldu"},"content":{"rendered":"<p class=\"qtranxs-available-languages-message qtranxs-available-languages-message-en\">Sorry, this entry is only available in <a href=\"https:\/\/www.enerjigazetesi.ist\/tr\/wp-json\/wp\/v2\/posts\/173364\" class=\"qtranxs-available-language-link qtranxs-available-language-link-tr\" title=\"Turkish\">Turkish<\/a>. For the sake of viewer convenience, the content is shown below in the alternative language. You may click the link to switch the active language.<\/p><p><\/p>\n<h2>T\u00fcrkiye&#8217;nin iklim de\u011fi\u015fikli\u011fiyle m\u00fccadele kapsam\u0131nda, sera gaz\u0131 emisyon azalt\u0131m\u0131 hedeflerini i\u00e7eren ve Paris Anla\u015fmas\u0131\u2019n\u0131n uygulanmas\u0131nda d\u00f6n\u00fcm noktas\u0131 olan g\u00fcncellenmi\u015f Ulusal Katk\u0131 Beyan\u0131, Birle\u015fmi\u015f Milletler (BM) Sekretaryas\u0131\u2019na sunuldu.<\/h2>\n<p>\u00c7evre, \u015eehircilik ve \u0130klim De\u011fi\u015fikli\u011fi Bakan\u0131 Murat Kurum, 2022\u2019nin kas\u0131m ay\u0131nda M\u0131s\u0131r\u2019\u0131n \u015earm el-\u015eeyh kentinde d\u00fczenlenen 27. Taraflar Konferans\u0131 (COP27) Bakanlar Zirvesi\u2019nde, T\u00fcrkiye&#8217;nin iklim eylem <img loading=\"lazy\" class=\"alignright wp-image-173367\" src=\"https:\/\/www.enerjigazetesi.ist\/wp-content\/uploads\/2023\/04\/turkiyenin-guncellenmis-ulusal-katki-beyani-bm-sekretaryasina-sunuldu.jpg\" alt=\"\" width=\"320\" height=\"223\" srcset=\"https:\/\/www.enerjigazetesi.ist\/wp-content\/uploads\/2023\/04\/turkiyenin-guncellenmis-ulusal-katki-beyani-bm-sekretaryasina-sunuldu.jpg 516w, https:\/\/www.enerjigazetesi.ist\/wp-content\/uploads\/2023\/04\/turkiyenin-guncellenmis-ulusal-katki-beyani-bm-sekretaryasina-sunuldu-300x209.jpg 300w, https:\/\/www.enerjigazetesi.ist\/wp-content\/uploads\/2023\/04\/turkiyenin-guncellenmis-ulusal-katki-beyani-bm-sekretaryasina-sunuldu-500x349.jpg 500w, https:\/\/www.enerjigazetesi.ist\/wp-content\/uploads\/2023\/04\/turkiyenin-guncellenmis-ulusal-katki-beyani-bm-sekretaryasina-sunuldu-72x50.jpg 72w\" sizes=\"(max-width: 320px) 100vw, 320px\" \/>plan\u0131n\u0131 anlatt\u0131 ve <strong>g\u00fcncellenmi\u015f Ulusal Katk\u0131 Beyan\u0131\u2019n\u0131 uluslararas\u0131 kamuoyuyla<\/strong> payla\u015ft\u0131.<\/p>\n<p>Kurum, T\u00fcrkiye&#8217;nin <strong>2015&#8217;te<\/strong> a\u00e7\u0131klad\u0131\u011f\u0131 emisyon art\u0131\u015f\u0131n\u0131 <strong>y\u00fczde 21 azaltma<\/strong> taahh\u00fcd\u00fcn\u00fc, <strong>2030<\/strong> i\u00e7in <strong>y\u00fczde 41\u2019e<\/strong> y\u00fckseltti\u011fini duyurdu. \u0130klim De\u011fi\u015fikli\u011fi Ba\u015fkanl\u0131\u011f\u0131ndan al\u0131nan bilgiye g\u00f6re, bu kapsamda \u00c7evre, \u015eehircilik ve \u0130klim De\u011fi\u015fikli\u011fi Bakanl\u0131\u011f\u0131 koordinasyonunda, \u0130klim De\u011fi\u015fikli\u011fi ve Uyum Koordinasyon Kurulu b\u00fcnyesindeki kurum ve kurulu\u015flar\u0131n katk\u0131lar\u0131yla T\u00fcrkiye&#8217;nin <strong>g\u00fcncellenmi\u015f Ulusal Katk\u0131 Beyan\u0131 (Nationally Determined Contribution\/NDC)<\/strong> haz\u0131rlanarak, <strong>Birle\u015fmi\u015f Milletler \u0130klim De\u011fi\u015fikli\u011fi \u00c7er\u00e7eve S\u00f6zle\u015fmesi Sekretaryas\u0131<\/strong> <strong>NDC<\/strong> siciline kaydedildi.<\/p>\n<p>B\u00f6ylece, T\u00fcrkiye&#8217;nin, Paris Anla\u015fmas\u0131 hedeflerine ula\u015fmas\u0131 yolunda \u00f6nemli bir ad\u0131m at\u0131larak, iklim de\u011fi\u015fikli\u011fi konusunda ulusal eylemler i\u00e7in yol haritas\u0131 sunulmu\u015f oldu.<\/p>\n<p>T\u00fcrkiye\u2019nin <strong>2030 y\u0131l\u0131 itibar\u0131yla<\/strong> sera gaz\u0131 emisyonlar\u0131n\u0131 referans senaryoya k\u0131yasla <strong>y\u00fczde 41<\/strong> azaltaca\u011f\u0131 ve en ge\u00e7 <strong>2038&#8217;de<\/strong> emisyonlar\u0131 tepe noktaya ula\u015ft\u0131raca\u011f\u0131 beyan edildi.<\/p>","protected":false},"excerpt":{"rendered":"<p>Sorry, this entry is only available in Turkish. For the sake of viewer convenience, the content is shown below in the alternative language. You may click the link to switch the active language. T\u00fcrkiye&#8217;nin iklim de\u011fi\u015fikli\u011fiyle m\u00fccadele kapsam\u0131nda, sera gaz\u0131 emisyon azalt\u0131m\u0131 hedeflerini i\u00e7eren ve Paris Anla\u015fmas\u0131\u2019n\u0131n uygulanmas\u0131nda d\u00f6n\u00fcm noktas\u0131 olan g\u00fcncellenmi\u015f Ulusal Katk\u0131 Beyan\u0131, [&hellip;]<\/p>\n","protected":false},"author":1,"featured_media":173367,"comment_status":"open","ping_status":"open","sticky":false,"template":"","format":"standard","meta":[],"categories":[53,52],"tags":[55493,108968,9421,42001],"views":55,"_links":{"self":[{"href":"https:\/\/www.enerjigazetesi.ist\/en\/wp-json\/wp\/v2\/posts\/173364"}],"collection":[{"href":"https:\/\/www.enerjigazetesi.ist\/en\/wp-json\/wp\/v2\/posts"}],"about":[{"href":"https:\/\/www.enerjigazetesi.ist\/en\/wp-json\/wp\/v2\/types\/post"}],"author":[{"embeddable":true,"href":"https:\/\/www.enerjigazetesi.ist\/en\/wp-json\/wp\/v2\/users\/1"}],"replies":[{"embeddable":true,"href":"https:\/\/www.enerjigazetesi.ist\/en\/wp-json\/wp\/v2\/comments?post=173364"}],"version-history":[{"count":0,"href":"https:\/\/www.enerjigazetesi.ist\/en\/wp-json\/wp\/v2\/posts\/173364\/revisions"}],"wp:featuredmedia":[{"embeddable":true,"href":"https:\/\/www.enerjigazetesi.ist\/en\/wp-json\/wp\/v2\/media\/173367"}],"wp:attachment":[{"href":"https:\/\/www.enerjigazetesi.ist\/en\/wp-json\/wp\/v2\/media?parent=173364"}],"wp:term":[{"taxonomy":"category","embeddable":true,"href":"https:\/\/www.enerjigazetesi.ist\/en\/wp-json\/wp\/v2\/categories?post=173364"},{"taxonomy":"post_tag","embeddable":true,"href":"https:\/\/www.enerjigazetesi.ist\/en\/wp-json\/wp\/v2\/tags?post=173364"}],"curies":[{"name":"wp","href":"https:\/\/api.w.org\/{rel}","templated":true}]}}