{"id":173325,"date":"2023-04-20T11:01:40","date_gmt":"2023-04-20T08:01:40","guid":{"rendered":"https:\/\/www.enerjigazetesi.ist\/?p=173325"},"modified":"2023-04-20T11:02:37","modified_gmt":"2023-04-20T08:02:37","slug":"turk-ytong-cocuklari-23-nisani-ataturk-marsi-ile-kutladi","status":"publish","type":"post","link":"https:\/\/www.enerjigazetesi.ist\/en\/turk-ytong-cocuklari-23-nisani-ataturk-marsi-ile-kutladi\/","title":{"rendered":"(Turkish) &#8217;T\u00fcrk Ytong \u00c7ocuklar\u0131&#8217; 23 Nisan\u2019\u0131 &#8220;Atat\u00fcrk Mar\u015f\u0131&#8221; ile Kutlad\u0131"},"content":{"rendered":"<p class=\"qtranxs-available-languages-message qtranxs-available-languages-message-en\">Sorry, this entry is only available in <a href=\"https:\/\/www.enerjigazetesi.ist\/tr\/wp-json\/wp\/v2\/posts\/173325\" class=\"qtranxs-available-language-link qtranxs-available-language-link-tr\" title=\"Turkish\">Turkish<\/a>. For the sake of viewer convenience, the content is shown below in the alternative language. You may click the link to switch the active language.<\/p><p><\/p>\n<h2><strong>Mustafa Kemal Atat\u00fcrk\u2019\u00fcn d\u00fcnya \u00e7ocuklar\u0131na arma\u011fan etti\u011fi 23 Nisan Ulusal Egemenlik ve \u00c7ocuk Bayram\u0131, T\u00fcrk Ytong\u2019da co\u015fku ile kutland\u0131. <\/strong><strong>Ytong \u00e7ocuklar\u0131, hep birlikte seslendirdikleri Atat\u00fcrk \u00c7ocuklar\u0131 Mar\u015f\u0131 ile kutlamalara kat\u0131ld\u0131.<\/strong><\/h2>\n<p>T\u00fcrkiye\u2019de 60 y\u0131ld\u0131r \u00e7a\u011fda\u015f yap\u0131la\u015fman\u0131n lideri olan T\u00fcrk Ytong, 23 Nisan Ulusal Egemenlik ve \u00c7ocuk Bayram\u0131\u2019n\u0131 \u00e7al\u0131\u015fanlar\u0131n\u0131n \u00e7ocuklar\u0131yla birlikte co\u015fkuyla kutlad\u0131.<\/p>\n<p><img loading=\"lazy\" class=\"alignright wp-image-173327\" src=\"https:\/\/www.enerjigazetesi.ist\/wp-content\/uploads\/2023\/04\/turk-ytong-cocuklari-23-nisani-ataturk-marsi-ile-kutladi.jpg\" alt=\"\" width=\"320\" height=\"240\" srcset=\"https:\/\/www.enerjigazetesi.ist\/wp-content\/uploads\/2023\/04\/turk-ytong-cocuklari-23-nisani-ataturk-marsi-ile-kutladi.jpg 550w, https:\/\/www.enerjigazetesi.ist\/wp-content\/uploads\/2023\/04\/turk-ytong-cocuklari-23-nisani-ataturk-marsi-ile-kutladi-300x225.jpg 300w, https:\/\/www.enerjigazetesi.ist\/wp-content\/uploads\/2023\/04\/turk-ytong-cocuklari-23-nisani-ataturk-marsi-ile-kutladi-500x375.jpg 500w, https:\/\/www.enerjigazetesi.ist\/wp-content\/uploads\/2023\/04\/turk-ytong-cocuklari-23-nisani-ataturk-marsi-ile-kutladi-67x50.jpg 67w\" sizes=\"(max-width: 320px) 100vw, 320px\" \/>T\u00fcrk Ytong\u2019un 5 fabrikas\u0131 ve genel merkezindeki \u00e7al\u0131\u015fanlar\u0131n\u0131n \u00e7ocuklar\u0131 ile T\u00fcrk Ytong \u00c7ukuryurt \u0130lk\u00f6\u011fretim Okulu \u00f6\u011frencileri, Atat\u00fcrk \u00c7ocuklar\u0131 Mar\u015f\u0131n\u0131 seslendirdikleri renkli videolarla koroya kat\u0131ld\u0131. Birle\u015ftirilen g\u00f6r\u00fcnt\u00fclerle olu\u015fturulan<strong> video T\u00fcrk Ytong sosyal medya hesaplar\u0131ndan<\/strong> payla\u015f\u0131ld\u0131.<\/p>\n<h3><strong>T\u00fcrkiye\u2019nin gelece\u011fi \u00e7ocuklar\u0131m\u0131z<\/strong><\/h3>\n<p><strong>T\u00fcrk Ytong Genel M\u00fcd\u00fcr\u00fc Tolga \u00d6ztoprak<\/strong>, bu y\u0131l Cumhuriyetin 100\u2019\u00fcnc\u00fc, T\u00fcrk Ytong\u2019un ise 60\u2019\u0131nc\u0131 y\u0131l\u0131n\u0131 kutlad\u0131klar\u0131n\u0131 belirterek, <em>\u201cBizim i\u00e7in \u00e7ok \u00f6zel bir y\u0131l\u0131 ya\u015f\u0131yoruz. \u00dclkece ya\u015fad\u0131\u011f\u0131m\u0131z zor g\u00fcnlerde \u00e7ocuklar\u0131m\u0131z\u0131n 23 Nisan co\u015fkusunu g\u00f6rmek bizleri gelecek i\u00e7in umutland\u0131r\u0131yor ve mutlu ediyor. \u00dclkemizin ve T\u00fcrk Ytong ailesinin gelece\u011fi olan \u00e7ocuklar\u0131m\u0131zla bir arada olmaktan, gen\u00e7 nesillerle birlikte <strong>Mustafa Kemal Atat\u00fcrk<\/strong>\u2019\u00fc anmaktan, <strong>23 Nisan Ulusal Egemenlik ve \u00c7ocuk Bayram\u0131<\/strong>\u2019n\u0131 t\u00fcm \u00e7al\u0131\u015fanlar\u0131m\u0131z\u0131n kat\u0131l\u0131m\u0131yla kutlamaktan dolay\u0131 mutluluk duyuyoruz.\u201d<\/em> dedi.<\/p>\n<p>Tolga \u00d6ztoprak, yap\u0131lan etkinlikte \u00e7ocuklar\u0131n keyifli vakit ge\u00e7irmelerini, T\u00fcrk Ytong ailesinin \u00f6nemli bir par\u00e7as\u0131 olduklar\u0131n\u0131 hissetmelerini istediklerini s\u00f6zlerine ekleyerek \u015f\u00f6yle devam etti:<\/p>\n<p><em>\u201c\u00c7ocuklar\u0131m\u0131zla birlikte \u00e7ok anlaml\u0131 bir mar\u015f\u0131 s\u00f6yledik. 23 Nisan Ulusal Egemenlik ve \u00c7ocuk Bayram\u0131\u2019n\u0131n ruhunu en iyi \u015fekilde yans\u0131tan mar\u015f\u0131n s\u00f6zlerini \u00e7ocuklar\u0131m\u0131z\u0131n gelecekte de hat\u0131rlamas\u0131n\u0131 ve bu de\u011ferleri \u00f6\u011frenmelerini y\u00fcrekten diledik. Ytong ailesi olarak bu payla\u015ft\u0131\u011f\u0131m\u0131z sevincin nesiller boyunca artarak devam etmesi en b\u00fcy\u00fck arzumuz. Cumhuriyetimizin kurulu\u015funun 100\u2019\u00fcnc\u00fc, T\u00fcrk Ytong\u2019un 60\u2019\u0131nc\u0131 y\u0131l\u0131n\u0131 kutlad\u0131\u011f\u0131m\u0131z bu y\u0131lda, \u00e7ocuklar\u0131m\u0131za g\u00fcvenle ya\u015fayacaklar\u0131 \u00e7a\u011fda\u015f ya\u015fam alanlar\u0131 ve s\u00fcrd\u00fcr\u00fclebilir bir gelecek b\u0131rakmak i\u00e7in t\u00fcm enerjimizle \u00e7al\u0131\u015fmaya devam ediyoruz. \u00dclkemizdeki t\u00fcm \u00e7ocuklar\u0131n 23 Nisan Ulusal Egemenlik ve \u00c7ocuk Bayram\u0131\u2019n\u0131 kutlar\u0131m.&#8221;<\/em><\/p>","protected":false},"excerpt":{"rendered":"<p>Sorry, this entry is only available in Turkish. For the sake of viewer convenience, the content is shown below in the alternative language. You may click the link to switch the active language. Mustafa Kemal Atat\u00fcrk\u2019\u00fcn d\u00fcnya \u00e7ocuklar\u0131na arma\u011fan etti\u011fi 23 Nisan Ulusal Egemenlik ve \u00c7ocuk Bayram\u0131, T\u00fcrk Ytong\u2019da co\u015fku ile kutland\u0131. Ytong \u00e7ocuklar\u0131, hep [&hellip;]<\/p>\n","protected":false},"author":1,"featured_media":173327,"comment_status":"open","ping_status":"open","sticky":false,"template":"","format":"standard","meta":[],"categories":[53],"tags":[33851,12420,33852,108959],"views":52,"_links":{"self":[{"href":"https:\/\/www.enerjigazetesi.ist\/en\/wp-json\/wp\/v2\/posts\/173325"}],"collection":[{"href":"https:\/\/www.enerjigazetesi.ist\/en\/wp-json\/wp\/v2\/posts"}],"about":[{"href":"https:\/\/www.enerjigazetesi.ist\/en\/wp-json\/wp\/v2\/types\/post"}],"author":[{"embeddable":true,"href":"https:\/\/www.enerjigazetesi.ist\/en\/wp-json\/wp\/v2\/users\/1"}],"replies":[{"embeddable":true,"href":"https:\/\/www.enerjigazetesi.ist\/en\/wp-json\/wp\/v2\/comments?post=173325"}],"version-history":[{"count":0,"href":"https:\/\/www.enerjigazetesi.ist\/en\/wp-json\/wp\/v2\/posts\/173325\/revisions"}],"wp:featuredmedia":[{"embeddable":true,"href":"https:\/\/www.enerjigazetesi.ist\/en\/wp-json\/wp\/v2\/media\/173327"}],"wp:attachment":[{"href":"https:\/\/www.enerjigazetesi.ist\/en\/wp-json\/wp\/v2\/media?parent=173325"}],"wp:term":[{"taxonomy":"category","embeddable":true,"href":"https:\/\/www.enerjigazetesi.ist\/en\/wp-json\/wp\/v2\/categories?post=173325"},{"taxonomy":"post_tag","embeddable":true,"href":"https:\/\/www.enerjigazetesi.ist\/en\/wp-json\/wp\/v2\/tags?post=173325"}],"curies":[{"name":"wp","href":"https:\/\/api.w.org\/{rel}","templated":true}]}}