{"id":173195,"date":"2023-04-18T11:37:29","date_gmt":"2023-04-18T08:37:29","guid":{"rendered":"https:\/\/www.enerjigazetesi.ist\/?p=173195"},"modified":"2023-04-18T11:40:15","modified_gmt":"2023-04-18T08:40:15","slug":"surdurulebilir-dunyaya-giden-yol-evlerimizde-basliyor","status":"publish","type":"post","link":"https:\/\/www.enerjigazetesi.ist\/en\/surdurulebilir-dunyaya-giden-yol-evlerimizde-basliyor\/","title":{"rendered":"(Turkish) S\u00fcrd\u00fcr\u00fclebilir D\u00fcnyaya Giden Yol Evlerimizde Ba\u015fl\u0131yor"},"content":{"rendered":"<p class=\"qtranxs-available-languages-message qtranxs-available-languages-message-en\">Sorry, this entry is only available in <a href=\"https:\/\/www.enerjigazetesi.ist\/tr\/wp-json\/wp\/v2\/posts\/173195\" class=\"qtranxs-available-language-link qtranxs-available-language-link-tr\" title=\"Turkish\">Turkish<\/a>. For the sake of viewer convenience, the content is shown below in the alternative language. You may click the link to switch the active language.<\/p><p><\/p>\n<h2><strong>Uzman sanayi inisiyatifi ve etkin sivil toplum kurulu\u015fu kimliklerini b\u00fcnyesinde bir araya \u00c7EVKO Vakf\u0131&#8217;n\u0131n, D\u00fcnya Geri D\u00f6n\u00fc\u015f\u00fcm Haftas\u0131 i\u00e7in yay\u0131nlad\u0131\u011f\u0131 mesajda, s\u00fcrd\u00fcr\u00fclebilir bir d\u00fcnya i\u00e7in b\u00fcy\u00fck \u00f6nem ta\u015f\u0131yan geri d\u00f6n\u00fc\u015f\u00fcm\u00fcn, toplumun farkl\u0131 kesimlerini kapsayan \u00e7ok payda\u015fl\u0131 bir s\u00fcre\u00e7 oldu\u011funa ve s\u00fcrecin ba\u015flang\u0131\u00e7 noktas\u0131n\u0131 bireylerin olu\u015fturdu\u011funa vurgu yap\u0131ld\u0131.<\/strong><\/h2>\n<p>1991 y\u0131l\u0131nda, geri d\u00f6n\u00fc\u015f\u00fcm odakl\u0131 s\u00fcrd\u00fcr\u00fclebilir geli\u015fmeye katk\u0131 sa\u011flamak \u00fczere, bir g\u00f6n\u00fcll\u00fc sanayi inisiyatifi olarak kurulan ve 31 y\u0131ld\u0131r artan bir ivmeyle s\u00fcrd\u00fcrd\u00fc\u011f\u00fc \u00e7al\u0131\u015fmalar\u0131yla, geni\u015f kitlelere dokunan bir sivil toplum kurulu\u015fu kimli\u011fi kazanan \u00c7EVKO Vakf\u0131, \u00f6zellikle son y\u0131llarda \u00fclkemizde <strong>\u201c\u0130klim krizi ile sava\u015f\u0131m\u201d<\/strong> ve<strong> \u201cd\u00f6ng\u00fcsel ekonomiye ge\u00e7i\u015f\u201d<\/strong> konular\u0131nda fikirsel \u00f6nderlik \u00fcstelenen kurumlar\u0131n ba\u015f\u0131nda yer al\u0131yor.<\/p>\n<p>S\u00fcrd\u00fcr\u00fclebilir bir d\u00fcnya i\u00e7in, t\u00fcm bireylere sorumluluk d\u00fc\u015ft\u00fc\u011f\u00fcn\u00fc ifade eden <strong>\u00c7EVKO Vakf\u0131 Genel Sekreteri Mete \u0130mer<\/strong>, <em>\u201cAt\u0131klar\u0131n asl\u0131nda birer kaynak oldu\u011funu unutmamal\u0131y\u0131z. <strong>At\u0131klar geri <img loading=\"lazy\" class=\"alignright wp-image-173197\" src=\"https:\/\/www.enerjigazetesi.ist\/wp-content\/uploads\/2023\/04\/surdurulebilir-dunyaya-giden-yol-evlerimizde-basliyor-1.jpg\" alt=\"\" width=\"320\" height=\"355\" srcset=\"https:\/\/www.enerjigazetesi.ist\/wp-content\/uploads\/2023\/04\/surdurulebilir-dunyaya-giden-yol-evlerimizde-basliyor-1.jpg 433w, https:\/\/www.enerjigazetesi.ist\/wp-content\/uploads\/2023\/04\/surdurulebilir-dunyaya-giden-yol-evlerimizde-basliyor-1-271x300.jpg 271w, https:\/\/www.enerjigazetesi.ist\/wp-content\/uploads\/2023\/04\/surdurulebilir-dunyaya-giden-yol-evlerimizde-basliyor-1-361x400.jpg 361w, https:\/\/www.enerjigazetesi.ist\/wp-content\/uploads\/2023\/04\/surdurulebilir-dunyaya-giden-yol-evlerimizde-basliyor-1-45x50.jpg 45w\" sizes=\"(max-width: 320px) 100vw, 320px\" \/>d\u00f6n\u00fc\u015f\u00fcm s\u00fcrecine sokularak<\/strong> <strong>yeni \u00fcr\u00fcnlerin \u00fcretilmesinde hammadde olarak kullan\u0131l\u0131r. <\/strong>Geri d\u00f6n\u00fc\u015ft\u00fcr\u00fclm\u00fc\u015f at\u0131klar\u0131n hammadde olarak kullan\u0131lmas\u0131 sayesinde, <strong>enerji tasarrufu<\/strong> sa\u011flan\u0131r; <strong>su, a\u011fa\u00e7lar, petrol, vb. do\u011fal kaynaklar<\/strong> korunur. \u00dcretim maliyeti d\u00fc\u015fer, yeni i\u015f olanaklar\u0131 yarat\u0131l\u0131r, b\u00f6ylelikle \u00fclke ekonomisine katk\u0131 sa\u011flan\u0131r. Her \u015feyden \u00f6nemlisi, gelecek ku\u015faklara daha mutlu olacaklar\u0131, daha ya\u015fan\u0131l\u0131r bir \u00e7evre ve kullanabilecekleri do\u011fal kaynaklar b\u0131rak\u0131l\u0131r. Bu de\u011fer zincirinin <strong>ba\u015flang\u0131\u00e7 noktas\u0131n\u0131 da<\/strong> <strong>bireyler<\/strong> olarak <strong>bizler<\/strong> ve <strong>olumlu davran\u0131\u015flar\u0131m\u0131z<\/strong> olu\u015fturuyor. \u00d6te yandan, at\u0131klar\u0131n hammadde olarak yeniden de\u011ferlendirilmesini sa\u011flamak, yani geri d\u00f6n\u00fc\u015f\u00fcm i\u00e7in <strong>evlerimizde at\u0131klar\u0131m\u0131z\u0131 ayr\u0131 olarak biriktirmek<\/strong> ve<strong> geri d\u00f6n\u00fc\u015f\u00fcmlerini sa\u011flamak<\/strong> da sorumluluklar\u0131m\u0131z aras\u0131nda yer al\u0131yor. Bu konularda duyarl\u0131l\u0131k g\u00f6steren her birey, bu olumlu davran\u0131\u015flar\u0131n en yak\u0131nlar\u0131ndan ba\u015flayarak \u00e7evresinde yayg\u0131nla\u015fmas\u0131 ve bu konuda bilincin ve fark\u0131ndal\u0131\u011f\u0131n artmas\u0131 i\u00e7in g\u00f6n\u00fcll\u00fc katk\u0131 sa\u011flayabilir\u201d<\/em> \u015feklinde konu\u015ftu.<\/p>\n<p>Geni\u015fletilmi\u015f \u00dcretici Sorumlulu\u011fu\u2019nun temsilcisi olan \u00c7EVKO Vakf\u0131\u2019n\u0131n, alan\u0131nda T\u00fcrkiye\u2019nin ilk yetkilendirilmi\u015f kurulu\u015fu olarak 2005 y\u0131l\u0131ndan 2020 y\u0131l\u0131na dek ge\u00e7en 15 y\u0131lda yakla\u015f\u0131k 7,5 milyon ton ambalaj at\u0131\u011f\u0131n\u0131n toplanarak geri d\u00f6n\u00fc\u015ft\u00fcr\u00fclmesini sa\u011flad\u0131\u011f\u0131n\u0131 belirten Mete \u0130mer, <em>\u201cVakf\u0131m\u0131z bu \u00e7al\u0131\u015fmay\u0131 binlerce ekonomik i\u015fletmenin yasal sorumluluklar\u0131n\u0131n yerine getirilmesi i\u00e7in onlar\u0131n mali deste\u011fi ile geni\u015fletilmi\u015f \u00fcretici sorumlulu\u011fu modeliyle ger\u00e7ekle\u015ftirmi\u015ftir. <strong>At\u0131k y\u00f6netimi<\/strong> alan\u0131nda y\u00fcr\u00fcrl\u00fc\u011fe giren yeni d\u00fczenlemelerle, \u00fclkemizde 2020 y\u0131l\u0131ndan sonra <strong>ambalaj ve di\u011fer at\u0131klar\u0131n y\u00f6netimi<\/strong> ile ilgili sorumlulu\u011fu t\u00fcm\u00fcyle kamu otoritesi \u00fczerine alm\u0131\u015ft\u0131r. Ekonomik i\u015fletmeler ise <strong>devlete geri kazan\u0131m kat\u0131l\u0131m pay\u0131 \u00f6der<\/strong> duruma gelmi\u015ftir\u201d<\/em> dedi.<\/p>\n<p>Geri d\u00f6n\u00fc\u015f\u00fcm\u00fcn toplumun farkl\u0131 kesimlerini ilgilendiren bir k\u00fclt\u00fcr konusu oldu\u011funu belirten Mete \u0130mer s\u00f6zlerini, <em>\u201c\u00c7EVKO Vakf\u0131 olarak kuruldu\u011fumuz g\u00fcnden beri, geri d\u00f6n\u00fc\u015f\u00fcm k\u00fclt\u00fcr\u00fcn\u00fcn yayg\u0131nla\u015fmas\u0131 ve toplumun \u00e7o\u011funlu\u011funun kayna\u011f\u0131nda ayr\u0131 toplama al\u0131\u015fkanl\u0131\u011f\u0131 edinmesi konusunda, okullarda e\u011fiticilerin e\u011fitimi yoluyla olsun, evlerde ve i\u015f yerlerinde kap\u0131-kap\u0131 bilgilendirmeler yoluyla olsun, kalabal\u0131klar\u0131n yer ald\u0131\u011f\u0131 b\u00fcy\u00fck etkinlikler veya medya yoluyla olsun, ileti\u015fim \u00e7al\u0131\u015fmalar\u0131 ger\u00e7ekle\u015ftiriyoruz. G\u00fcnl\u00fck ya\u015fam alanlar\u0131m\u0131zda kulland\u0131\u011f\u0131m\u0131z \u00fcr\u00fcnlerin ambalaj at\u0131klar\u0131n\u0131 ayr\u0131 olarak biriktirmek ve bunlar\u0131 mahallelerimizde yer alan ambalaj at\u0131k noktalar\u0131na atmak basit, ancak etkili bir ad\u0131md\u0131r. Mahallesinde bir at\u0131k noktas\u0131 bulunmayan bireyler, belediyeleriyle bu konuda temasa ge\u00e7ebilir\u201d<\/em> \u015feklinde s\u00fcrd\u00fcrd\u00fc.<\/p>\n<p>\u00c7EVKO Vakf\u0131 b\u00fcnyesinde geli\u015ftirilen <strong>\u00c7EVKO Dijital \u00c7\u00f6z\u00fcmleri<\/strong>\u2019nin, bu konuda belediyelerin, kamu kurulu\u015flar\u0131n\u0131n ve ticari i\u015fletmelerin ya\u015fam\u0131n\u0131 kolayla\u015ft\u0131rd\u0131\u011f\u0131n\u0131 s\u00f6zlerine ekleyen Mete \u0130mer, <em>\u201c\u00c7EVKO Dijital \u00c7\u00f6z\u00fcmleri, yenilik\u00e7i, kurulum kolayl\u0131\u011f\u0131 sa\u011flayan ve gereksinimlere g\u00f6re geli\u015ftirilebilen pek \u00e7ok \u00f6zelli\u011fiyle, al\u0131\u015fveri\u015f merkezleri, zincir marketler, oteller, benzin istasyonlar\u0131, vb. \u00e7ok \u00e7e\u015fitli i\u015fletmenin, at\u0131k y\u00f6netimi ile ilgili s\u00fcre\u00e7lerine<strong> b\u00fct\u00fcnsel bir dijital \u00e7\u00f6z\u00fcm sunacak<\/strong> niteliktedir\u201d<\/em> dedi.<\/p>\n<p>S\u00fcrd\u00fcr\u00fclebilir ya\u015fama katk\u0131 sa\u011flayacak tercihler konusunda daha fazla bilgi almak, bu konuda toplumun bilin\u00e7lenmesine yard\u0131mc\u0131 olacak, fark\u0131ndal\u0131\u011f\u0131 yayg\u0131nla\u015ft\u0131racak faaliyetlerin bir par\u00e7as\u0131 olmak isteyen herkesi, \u00c7EVKO Vakf\u0131 G\u00f6n\u00fcll\u00fcs\u00fc olmaya davet eden Mete \u0130mer, s\u00f6zlerini \u015f\u00f6yle s\u00fcrd\u00fcrd\u00fc:<em> \u201c\u00c7EVKO G\u00f6n\u00fcll\u00fcleri\u2019ni geni\u015fletmek, \u00f6n\u00fcm\u00fczdeki d\u00f6nemde \u00f6ncelik verece\u011fimiz konular aras\u0131nda yer al\u0131yor. Etkinliklerimize aktif g\u00f6n\u00fcll\u00fc kat\u0131l\u0131m\u0131n yan\u0131 s\u0131ra,<strong> s\u00fcrd\u00fcr\u00fclebilir at\u0131k y\u00f6netimine<\/strong> bireysel katk\u0131 konusunda <strong>\u00e7evrelerine \u00f6rnek olu\u015fturmak, bilin\u00e7lendirme \u00e7al\u0131\u015fmalar\u0131m\u0131zda<\/strong> yer almak ve <strong>s\u00fcrd\u00fcr\u00fclebilir bir d\u00fcnya<\/strong> i\u00e7in <strong>g\u00f6n\u00fcll\u00fc katk\u0131s\u0131 sa\u011flamak<\/strong> isteyen herkes, Vakf\u0131m\u0131z\u0131n internet sitesi \u00fczerinden <strong>\u00c7EVKO G\u00f6n\u00fcll\u00fcs\u00fc<\/strong> olmak i\u00e7in ba\u015fvurabilir.\u201d<\/em><\/p>","protected":false},"excerpt":{"rendered":"<p>Sorry, this entry is only available in Turkish. For the sake of viewer convenience, the content is shown below in the alternative language. You may click the link to switch the active language. Uzman sanayi inisiyatifi ve etkin sivil toplum kurulu\u015fu kimliklerini b\u00fcnyesinde bir araya \u00c7EVKO Vakf\u0131&#8217;n\u0131n, D\u00fcnya Geri D\u00f6n\u00fc\u015f\u00fcm Haftas\u0131 i\u00e7in yay\u0131nlad\u0131\u011f\u0131 mesajda, s\u00fcrd\u00fcr\u00fclebilir [&hellip;]<\/p>\n","protected":false},"author":1,"featured_media":173198,"comment_status":"open","ping_status":"open","sticky":false,"template":"","format":"standard","meta":[],"categories":[53],"tags":[3119,30573,103403,36987,108942,68750],"views":34,"_links":{"self":[{"href":"https:\/\/www.enerjigazetesi.ist\/en\/wp-json\/wp\/v2\/posts\/173195"}],"collection":[{"href":"https:\/\/www.enerjigazetesi.ist\/en\/wp-json\/wp\/v2\/posts"}],"about":[{"href":"https:\/\/www.enerjigazetesi.ist\/en\/wp-json\/wp\/v2\/types\/post"}],"author":[{"embeddable":true,"href":"https:\/\/www.enerjigazetesi.ist\/en\/wp-json\/wp\/v2\/users\/1"}],"replies":[{"embeddable":true,"href":"https:\/\/www.enerjigazetesi.ist\/en\/wp-json\/wp\/v2\/comments?post=173195"}],"version-history":[{"count":0,"href":"https:\/\/www.enerjigazetesi.ist\/en\/wp-json\/wp\/v2\/posts\/173195\/revisions"}],"wp:featuredmedia":[{"embeddable":true,"href":"https:\/\/www.enerjigazetesi.ist\/en\/wp-json\/wp\/v2\/media\/173198"}],"wp:attachment":[{"href":"https:\/\/www.enerjigazetesi.ist\/en\/wp-json\/wp\/v2\/media?parent=173195"}],"wp:term":[{"taxonomy":"category","embeddable":true,"href":"https:\/\/www.enerjigazetesi.ist\/en\/wp-json\/wp\/v2\/categories?post=173195"},{"taxonomy":"post_tag","embeddable":true,"href":"https:\/\/www.enerjigazetesi.ist\/en\/wp-json\/wp\/v2\/tags?post=173195"}],"curies":[{"name":"wp","href":"https:\/\/api.w.org\/{rel}","templated":true}]}}