{"id":173166,"date":"2023-04-18T10:26:34","date_gmt":"2023-04-18T07:26:34","guid":{"rendered":"https:\/\/www.enerjigazetesi.ist\/?p=173166"},"modified":"2023-04-18T10:31:06","modified_gmt":"2023-04-18T07:31:06","slug":"prosumer-temiz-enerji-kongresi-ve-fuari-03-05-mayista-duzenleniyor","status":"publish","type":"post","link":"https:\/\/www.enerjigazetesi.ist\/en\/prosumer-temiz-enerji-kongresi-ve-fuari-03-05-mayista-duzenleniyor\/","title":{"rendered":"(Turkish) &#8217;PROSUMER Temiz Enerji Kongresi ve Fuar\u0131&#8217; 03 &#8211; 05 May\u0131s&#8217;ta D\u00fczenleniyor"},"content":{"rendered":"<p class=\"qtranxs-available-languages-message qtranxs-available-languages-message-en\">Sorry, this entry is only available in <a href=\"https:\/\/www.enerjigazetesi.ist\/tr\/wp-json\/wp\/v2\/posts\/173166\" class=\"qtranxs-available-language-link qtranxs-available-language-link-tr\" title=\"Turkish\">Turkish<\/a>. For the sake of viewer convenience, the content is shown below in the alternative language. You may click the link to switch the active language.<\/p><p><\/p>\n<h2>Ankara ATO Congresium\u2019da 03 \u2013 05 May\u0131s 2023 tarihleri aras\u0131nda ger\u00e7ekle\u015ftirece\u011fimiz PROSUMER Temiz Enerji Kongresi ve Fuar\u0131; T\u00fcrkiye\u2019deki temiz enerji sekt\u00f6r\u00fcn\u00fcn geli\u015fmesine \u00f6nc\u00fcl\u00fck etmek ve katk\u0131 sa\u011flamak amac\u0131 ile d\u00fczenlenmektedir. Organize Sanayi B\u00f6lgeleri \u00dcst Kurulu\u015fu (OSB\u00dcK) destek ve himayeleriyle ger\u00e7ekle\u015fecek bu fuarda farkl\u0131 konu ba\u015fl\u0131klar\u0131 ile d\u00fczenlenen kongre oturumlar\u0131, kat\u0131l\u0131mc\u0131 \u015firketlerin firmalar\u0131n\u0131 tan\u0131tabilecekleri ticari sunumlar ve g\u00fcncel enerji konular\u0131n\u0131n yer alaca\u011f\u0131 kongre programlar\u0131 ger\u00e7ekle\u015ftirilecektir. Kongre program\u0131m\u0131za web sitemiz \u00fczerinden ula\u015fabilirsiniz.<\/h2>\n<p>T.C. Tar\u0131m ve Orman Bakanl\u0131\u011f\u0131\u2019na ba\u011fl\u0131 Devlet Su \u0130\u015fleri Genel M\u00fcd\u00fcrl\u00fc\u011f\u00fc\u2019n\u00fcn Hidroelektrik, Y\u00fczer G\u00fcne\u015f Enerjisi Santralleri \u00fczerine desteklemekte oldu\u011fu yat\u0131r\u0131mlar\u0131 ve hibeleri do\u011frudan kapsayan bu fuar, \u00fclkemizi d\u00fcnya \u00fczerinde Temiz Enerji sekt\u00f6r\u00fcn\u00fcn \u00f6nc\u00fcs\u00fc haline getirmeyi ama\u00e7lamaktad\u0131r. Kurumsal Yat\u0131r\u0131mc\u0131lar, Global Markalar, Belediyeler, Kurumsal Elektrik T\u00fcketicileri, Organize Sanayi <img loading=\"lazy\" class=\"alignright wp-image-173171\" src=\"https:\/\/www.enerjigazetesi.ist\/wp-content\/uploads\/2023\/04\/PROSUMER.jpg\" alt=\"\" width=\"320\" height=\"320\" srcset=\"https:\/\/www.enerjigazetesi.ist\/wp-content\/uploads\/2023\/04\/PROSUMER.jpg 480w, https:\/\/www.enerjigazetesi.ist\/wp-content\/uploads\/2023\/04\/PROSUMER-300x300.jpg 300w, https:\/\/www.enerjigazetesi.ist\/wp-content\/uploads\/2023\/04\/PROSUMER-150x150.jpg 150w, https:\/\/www.enerjigazetesi.ist\/wp-content\/uploads\/2023\/04\/PROSUMER-400x400.jpg 400w, https:\/\/www.enerjigazetesi.ist\/wp-content\/uploads\/2023\/04\/PROSUMER-50x50.jpg 50w, https:\/\/www.enerjigazetesi.ist\/wp-content\/uploads\/2023\/04\/PROSUMER-100x100.jpg 100w\" sizes=\"(max-width: 320px) 100vw, 320px\" \/>B\u00f6lgeleri, Derneklerin kat\u0131l\u0131m\u0131 ve destekleri ile ger\u00e7ekle\u015ftirilecek bu fuar ayn\u0131 zamanda \u00fclkemizin yerli ve milli \u00fcreticilerinin 2023 lansmanlar\u0131na ev sahipli\u011fi yapacakt\u0131r. Ba\u015fkentin stratejik konumundan faydalanarak sekt\u00f6re yepyeni bir soluk getirmeyi hedefleyen bu etkinlik EFT Fuarc\u0131l\u0131k A.\u015e. taraf\u0131ndan d\u00fczenlenmektedir. Enerji t\u00fcketimlerinde temiz enerjiden faydalanmak isteyen t\u00fcketicilerle, temiz enerjinin her alan\u0131ndan sekt\u00f6r\u00fcn dev firmalar\u0131n\u0131 bir araya getirecek olan bu fuar, yapt\u0131\u011f\u0131m\u0131z protokol neticesinde Organize Sanayi B\u00f6lgesi \u00dcst Kurulu\u015fu (OSB\u00dcK) taraf\u0131ndan desteklenmektedir. A\u00e7\u0131l\u0131\u015f g\u00fcn\u00fc ger\u00e7ekle\u015fecek \u00f6zel oturumumuzda OSB\u00dcK Ba\u015fkan\u0131 Say\u0131n Memi\u015f K\u00fct\u00fckc\u00fc konu\u015fmac\u0131 olarak te\u015frif edeceklerdir.<\/p>\n<p>\u00dclkemizde temiz enerji alan\u0131nda hizmet veren yerli ve milli \u00fcreticilerin, T.C. Tar\u0131m ve Orman Bakanl\u0131\u011f\u0131m\u0131zca verilen hibeler \u00fczerinden proje deste\u011fi alan yat\u0131r\u0131mc\u0131lar\u0131m\u0131z\u0131n, \u00fclke geneli Organize Sanayi B\u00f6lgeleri&#8217;ne ba\u011fl\u0131 t\u00fcm sekt\u00f6rlerde hizmet veren sanayicilerimizin, ilgili kamu kurum ve kurulu\u015flar\u0131m\u0131z\u0131n destek ve kat\u0131l\u0131mlar\u0131 ger\u00e7ekle\u015fecek olan T\u00fcrkiye\u2019nin en b\u00fcy\u00fck temiz enerji etkinli\u011fine t\u00fcm sekt\u00f6r payda\u015flar\u0131n\u0131 \u00f6zel olarak davet etmekten mutluluk duyar\u0131z. Web sitemizdeki ziyaret\u00e7i formumuzu doldurarak siz de etkinli\u011fimizde yerinizi alabilirsiniz. Kat\u0131l\u0131mc\u0131lar\u0131m\u0131za web sitemiz \u00fczerinden ula\u015fabilirsiniz.<\/p>\n<p>Fuar Hakk\u0131nda Detayl\u0131 Bilgi \u0130\u00e7in: <a href=\"http:\/\/www.prosumerexpo.com.tr\/\" target=\"_blank\" rel=\"noopener\">www.prosumerexpo.com.tr<\/a> adresini ziyaret edebilirsiniz.<\/p>","protected":false},"excerpt":{"rendered":"<p>Sorry, this entry is only available in Turkish. For the sake of viewer convenience, the content is shown below in the alternative language. You may click the link to switch the active language. Ankara ATO Congresium\u2019da 03 \u2013 05 May\u0131s 2023 tarihleri aras\u0131nda ger\u00e7ekle\u015ftirece\u011fimiz PROSUMER Temiz Enerji Kongresi ve Fuar\u0131; T\u00fcrkiye\u2019deki temiz enerji sekt\u00f6r\u00fcn\u00fcn geli\u015fmesine [&hellip;]<\/p>\n","protected":false},"author":1,"featured_media":173171,"comment_status":"open","ping_status":"open","sticky":false,"template":"","format":"standard","meta":[],"categories":[51,53,49],"tags":[108935,70,108934,108933,842,41845],"views":67,"_links":{"self":[{"href":"https:\/\/www.enerjigazetesi.ist\/en\/wp-json\/wp\/v2\/posts\/173166"}],"collection":[{"href":"https:\/\/www.enerjigazetesi.ist\/en\/wp-json\/wp\/v2\/posts"}],"about":[{"href":"https:\/\/www.enerjigazetesi.ist\/en\/wp-json\/wp\/v2\/types\/post"}],"author":[{"embeddable":true,"href":"https:\/\/www.enerjigazetesi.ist\/en\/wp-json\/wp\/v2\/users\/1"}],"replies":[{"embeddable":true,"href":"https:\/\/www.enerjigazetesi.ist\/en\/wp-json\/wp\/v2\/comments?post=173166"}],"version-history":[{"count":0,"href":"https:\/\/www.enerjigazetesi.ist\/en\/wp-json\/wp\/v2\/posts\/173166\/revisions"}],"wp:featuredmedia":[{"embeddable":true,"href":"https:\/\/www.enerjigazetesi.ist\/en\/wp-json\/wp\/v2\/media\/173171"}],"wp:attachment":[{"href":"https:\/\/www.enerjigazetesi.ist\/en\/wp-json\/wp\/v2\/media?parent=173166"}],"wp:term":[{"taxonomy":"category","embeddable":true,"href":"https:\/\/www.enerjigazetesi.ist\/en\/wp-json\/wp\/v2\/categories?post=173166"},{"taxonomy":"post_tag","embeddable":true,"href":"https:\/\/www.enerjigazetesi.ist\/en\/wp-json\/wp\/v2\/tags?post=173166"}],"curies":[{"name":"wp","href":"https:\/\/api.w.org\/{rel}","templated":true}]}}