{"id":173148,"date":"2023-04-17T14:55:11","date_gmt":"2023-04-17T11:55:11","guid":{"rendered":"https:\/\/www.enerjigazetesi.ist\/?p=173148"},"modified":"2023-04-17T15:02:43","modified_gmt":"2023-04-17T12:02:43","slug":"vaillant-2023te-enerji-cesitliligine-odaklanarak-fark-yaratmayi-surdurecek","status":"publish","type":"post","link":"https:\/\/www.enerjigazetesi.ist\/en\/vaillant-2023te-enerji-cesitliligine-odaklanarak-fark-yaratmayi-surdurecek\/","title":{"rendered":"(Turkish) &#8217;Vaillant&#8217; 2023\u2019te Enerji \u00c7e\u015fitlili\u011fine Odaklanarak Fark Yaratmay\u0131 S\u00fcrd\u00fcrecek"},"content":{"rendered":"<p class=\"qtranxs-available-languages-message qtranxs-available-languages-message-en\">Sorry, this entry is only available in <a href=\"https:\/\/www.enerjigazetesi.ist\/tr\/wp-json\/wp\/v2\/posts\/173148\" class=\"qtranxs-available-language-link qtranxs-available-language-link-tr\" title=\"Turkish\">Turkish<\/a>. For the sake of viewer convenience, the content is shown below in the alternative language. You may click the link to switch the active language.<\/p><p><\/p>\n<h2>Vaillant, T\u00fcrkiye\u2019deki 30. y\u0131l\u0131n\u0131 kutlad\u0131\u011f\u0131 2022 y\u0131l\u0131nda Euro baz\u0131nda % 22 b\u00fcy\u00fcd\u00fc. Vaillant Group T\u00fcrkiye CEO\u2019su Alper Avdel, <em>\u201c30 y\u0131ld\u0131r ayn\u0131 \u00e7izgide ritmimizi art\u0131rarak, bug\u00fcnden yar\u0131nlar\u0131m\u0131z i\u00e7in \u00e7al\u0131\u015f\u0131yoruz. Pandemi ve di\u011fer ekonomik geli\u015fmelerle birlikte 2022 zor bir y\u0131l oldu. Vaillant Group T\u00fcrkiye olarak bu zorlu d\u00f6nemde bile grup \u00e7ap\u0131nda en iyi b\u00fcy\u00fcme rakamlar\u0131na ula\u015fan \u00fclkelerden biri olduk. D\u00fcnya ve T\u00fcrkiye genelinde risklerin s\u00fcrece\u011fi fakat f\u0131rsatlar\u0131 da i\u00e7inde bar\u0131nd\u0131ran bir y\u0131l bizi bekliyor\u201d<\/em> dedi.<\/h2>\n<p><strong>Enerji \u00e7e\u015fitlili\u011finin<\/strong> Vaillant\u2019\u0131n en \u00f6nemli odak alanlar\u0131ndan biri oldu\u011funu dile getiren Alper Avdel, <em>\u201cMucit kimli\u011fimizden ald\u0131\u011f\u0131m\u0131z g\u00fc\u00e7le yeni nesil teknolojilere yat\u0131r\u0131m yap\u0131yor ve hem sekt\u00f6r\u00fcm\u00fcz\u00fcn hem de d\u00fcnyam\u0131z\u0131n gelece\u011fini g\u00f6zeterek s\u00fcrd\u00fcr\u00fclebilir \u00e7al\u0131\u015fmalara imza at\u0131yoruz. S\u00fcrd\u00fcr\u00fclebilirlik alan\u0131nda anla\u015fmalarca belirlenen hedeflerin ula\u015f\u0131lmas\u0131nda en b\u00fcy\u00fck katk\u0131y\u0131 sa\u011flayacak \u00fcr\u00fcnlerin geli\u015ftirilmesinde lider rol oynuyoruz. Bu alanda<strong> \u0131s\u0131 pompalar\u0131<\/strong> ve<strong> hidrojenle \u00e7al\u0131\u015fan \u00fcr\u00fcnler<\/strong>le hem enerji \u00e7e\u015fitlili\u011fi sa\u011fl\u0131yor hem de bu enerjilerin t\u00fcketicilerin kullan\u0131m\u0131na sunulmas\u0131 i\u00e7in \u00f6nderlik <img loading=\"lazy\" class=\"alignright wp-image-173151\" src=\"https:\/\/www.enerjigazetesi.ist\/wp-content\/uploads\/2023\/04\/vaillant-2023te-enerji-cesitliligine-odaklanarak-fark-yaratmayi-surdurecek-1.jpg\" alt=\"\" width=\"320\" height=\"229\" srcset=\"https:\/\/www.enerjigazetesi.ist\/wp-content\/uploads\/2023\/04\/vaillant-2023te-enerji-cesitliligine-odaklanarak-fark-yaratmayi-surdurecek-1.jpg 550w, https:\/\/www.enerjigazetesi.ist\/wp-content\/uploads\/2023\/04\/vaillant-2023te-enerji-cesitliligine-odaklanarak-fark-yaratmayi-surdurecek-1-300x214.jpg 300w, https:\/\/www.enerjigazetesi.ist\/wp-content\/uploads\/2023\/04\/vaillant-2023te-enerji-cesitliligine-odaklanarak-fark-yaratmayi-surdurecek-1-500x357.jpg 500w, https:\/\/www.enerjigazetesi.ist\/wp-content\/uploads\/2023\/04\/vaillant-2023te-enerji-cesitliligine-odaklanarak-fark-yaratmayi-surdurecek-1-70x50.jpg 70w\" sizes=\"(max-width: 320px) 100vw, 320px\" \/>ediyoruz. <strong>2023\u2019te<\/strong> de <strong>enerji \u00e7e\u015fitlili\u011fine odaklanaca\u011f\u0131z<\/strong>. Sekt\u00f6r\u00fcm\u00fcz\u00fcn g\u00fcndeminde olan <strong>Ye\u015fil Mutabakat, ERP, NSEB (Neredeyse S\u0131f\u0131r Enerjili Binalar) gibi y\u00f6netmeliklere<\/strong> uygun \u00fcr\u00fcn ve hizmetler sunmaya devam edece\u011fiz\u201d<\/em> diye konu\u015ftu.<\/p>\n<h3><strong>\u201cEnerjiyi \u00e7e\u015fitlendirmek ve bu alanda farkl\u0131 \u00e7\u00f6z\u00fcmleri sunmaktan yanay\u0131z\u201d<\/strong><\/h3>\n<p><strong>Is\u0131 pompalar\u0131n\u0131n<\/strong> yenilenebilir enerji alan\u0131nda <strong>verimli cihazlar<\/strong> oldu\u011funu vurgulayan Avdel, <em>\u201cTeorik hesaplamalar\u0131m\u0131za g\u00f6re sadece 1 milyon adetlik y\u0131ll\u0131k kombi pazar\u0131n\u0131n tamam\u0131n\u0131 \u0131s\u0131 pompas\u0131na \u00e7evirdi\u011fimiz zaman; s\u00fcbvansiyonsuz bir ortamda y\u0131ll\u0131k yakla\u015f\u0131k 2 milyar dolar tasarruf elde etmek m\u00fcmk\u00fcn oluyor. Mevcutta kullan\u0131lan cihazlar\u0131n da de\u011fi\u015fmesiyle birlikte uzun vadede bu tasarrufun \u00e7ok daha y\u00fcksek seviyelere \u00e7\u0131kma potansiyeli var. \u0130klimlendirme alan\u0131nda da trendin art\u0131k y\u00fcksek verimlilik sa\u011flayan ve bunun yan\u0131nda \u00fclke ekonomisine de katk\u0131s\u0131 bulunan \u00e7\u00f6z\u00fcmlere do\u011fru gitti\u011fini g\u00f6r\u00fcyoruz ve biz de buna haz\u0131rl\u0131k yap\u0131yoruz. <strong>Is\u0131 pompas\u0131n\u0131n<\/strong> bu anlamda ne kadar \u00f6nemli bir \u00e7\u00f6z\u00fcm oldu\u011funun fark\u0131nday\u0131z. Orta ve uzun vadede <strong>\u0131s\u0131 pompas\u0131 pazar\u0131n\u0131n<\/strong> daha da b\u00fcy\u00fcyece\u011fini ve yayg\u0131nla\u015faca\u011f\u0131n\u0131 \u00f6ng\u00f6r\u00fcyoruz\u201d<\/em> ifadelerini kulland\u0131.<\/p>\n<h3>\u201c<strong>2022\u2019de de fark yaratt\u0131k\u201d<\/strong><\/h3>\n<p>2022 y\u0131l\u0131nda t\u00fcm i\u015f kollar\u0131nda ba\u015far\u0131l\u0131 sonu\u00e7lara imza att\u0131klar\u0131n\u0131 belirten Avdel, <em>\u201c\u00dcr\u00fcnlerimizin t\u00fcketiciler taraf\u0131ndan ula\u015f\u0131labilir olmas\u0131 ad\u0131na yo\u011fun \u00e7aba sarf ediyoruz. Sat\u0131\u015flar\u0131m\u0131z da bu \u00e7abalar\u0131m\u0131zla do\u011fru orant\u0131l\u0131 \u015fekilde, pozitif ilerliyor. Kombi taraf\u0131nda ge\u00e7en y\u0131la paralel sonu\u00e7lara ula\u015ft\u0131\u011f\u0131m\u0131z\u0131 s\u00f6yleyebiliriz. \u015eofbende \u00e7ok iyi bir performans g\u00f6sterdik. Is\u0131 pompas\u0131, elektrikli su \u0131s\u0131t\u0131c\u0131s\u0131 ve kazan \u00fcr\u00fcn gam\u0131nda ise rekor sat\u0131\u015fa ula\u015ft\u0131k. Kalitemizle, \u00fcr\u00fcn gam\u0131m\u0131zla, m\u00fc\u015fteri deneyimi uygulamalar\u0131 ile 2022\u2019de de fark yaratt\u0131k. 2023 y\u0131l\u0131nda da kampanyalar\u0131m\u0131z ve m\u00fc\u015fteri dostu finansal \u00e7\u00f6z\u00fcmlerimizle yine \u00e7ift haneli b\u00fcy\u00fcme rakamlar\u0131na ula\u015fmay\u0131 ve \u0131s\u0131 pompalar\u0131nda sekt\u00f6rdeki iddiam\u0131z\u0131 s\u00fcrd\u00fcrmeyi hedefliyoruz\u201d<\/em> diye belirtti.<\/p>\n<h3><strong>Yeni teknolojilere ve \u00fcr\u00fcnlere yat\u0131r\u0131ma devam<\/strong><\/h3>\n<p>Alper Avdel, m\u00fc\u015fterilerine tasarruflu \u00fcr\u00fcnler sunmaya ve s\u00fcrd\u00fcr\u00fclebilir bir d\u00fcnyaya katk\u0131da bulunmaya devam edeceklerini s\u00f6yledi. Avdel, <em>\u201cVaillant olarak, <strong>\u201cYar\u0131n i\u00e7in bug\u00fcnden Vaillant\u201d<\/strong> diyerek ana i\u015f kollar\u0131nda g\u00fc\u00e7l\u00fc pozisyonumuzu geli\u015ftirmeye odaklan\u0131yoruz. <strong>Yeni teknolojilere<\/strong> ve <strong>\u00fcr\u00fcnlere<\/strong> <strong>yat\u0131r\u0131ma<\/strong> devam ediyoruz. Marka ve dijital d\u00f6n\u00fc\u015f\u00fcm yat\u0131r\u0131mlar\u0131 ile farkl\u0131la\u015fan m\u00fc\u015fteri deneyimi faaliyetlerimizi s\u00fcrekli ileriye ta\u015f\u0131yoruz. En iyi stratejinin mutlu m\u00fc\u015fteri stratejisi oldu\u011funa inan\u0131yor ve y\u00f6n\u00fcm\u00fcz\u00fc bu do\u011frultuda \u00e7izmeye devam ediyoruz. <strong>WhatsApp Destek Hatt\u0131, G\u00f6r\u00fcnt\u00fcl\u00fc Ke\u015fif Hizmetleri, Dijital Servis Formu Projesi, Vaillant Self Servis Uygulamas\u0131, Saha Y\u00f6netimi Projesi<\/strong> gibi \u00e7al\u0131\u015fmalarla Sat\u0131\u015f Sonras\u0131 Hizmetlerimizle de sekt\u00f6rde fark yaratmaya devam edece\u011fiz\u201d<\/em> diye konu\u015ftu.<\/p>","protected":false},"excerpt":{"rendered":"<p>Sorry, this entry is only available in Turkish. For the sake of viewer convenience, the content is shown below in the alternative language. You may click the link to switch the active language. Vaillant, T\u00fcrkiye\u2019deki 30. y\u0131l\u0131n\u0131 kutlad\u0131\u011f\u0131 2022 y\u0131l\u0131nda Euro baz\u0131nda % 22 b\u00fcy\u00fcd\u00fc. Vaillant Group T\u00fcrkiye CEO\u2019su Alper Avdel, \u201c30 y\u0131ld\u0131r ayn\u0131 \u00e7izgide [&hellip;]<\/p>\n","protected":false},"author":1,"featured_media":173150,"comment_status":"open","ping_status":"open","sticky":false,"template":"","format":"standard","meta":[],"categories":[46,53],"tags":[35353,108930,2058,846,14480,25779],"views":32,"_links":{"self":[{"href":"https:\/\/www.enerjigazetesi.ist\/en\/wp-json\/wp\/v2\/posts\/173148"}],"collection":[{"href":"https:\/\/www.enerjigazetesi.ist\/en\/wp-json\/wp\/v2\/posts"}],"about":[{"href":"https:\/\/www.enerjigazetesi.ist\/en\/wp-json\/wp\/v2\/types\/post"}],"author":[{"embeddable":true,"href":"https:\/\/www.enerjigazetesi.ist\/en\/wp-json\/wp\/v2\/users\/1"}],"replies":[{"embeddable":true,"href":"https:\/\/www.enerjigazetesi.ist\/en\/wp-json\/wp\/v2\/comments?post=173148"}],"version-history":[{"count":0,"href":"https:\/\/www.enerjigazetesi.ist\/en\/wp-json\/wp\/v2\/posts\/173148\/revisions"}],"wp:featuredmedia":[{"embeddable":true,"href":"https:\/\/www.enerjigazetesi.ist\/en\/wp-json\/wp\/v2\/media\/173150"}],"wp:attachment":[{"href":"https:\/\/www.enerjigazetesi.ist\/en\/wp-json\/wp\/v2\/media?parent=173148"}],"wp:term":[{"taxonomy":"category","embeddable":true,"href":"https:\/\/www.enerjigazetesi.ist\/en\/wp-json\/wp\/v2\/categories?post=173148"},{"taxonomy":"post_tag","embeddable":true,"href":"https:\/\/www.enerjigazetesi.ist\/en\/wp-json\/wp\/v2\/tags?post=173148"}],"curies":[{"name":"wp","href":"https:\/\/api.w.org\/{rel}","templated":true}]}}