{"id":173142,"date":"2023-04-17T14:39:59","date_gmt":"2023-04-17T11:39:59","guid":{"rendered":"https:\/\/www.enerjigazetesi.ist\/?p=173142"},"modified":"2023-04-17T14:40:14","modified_gmt":"2023-04-17T11:40:14","slug":"sisecamin-urettigi-turkiyenin-en-hafif-maden-suyu-sisesine-cevre-odulu","status":"publish","type":"post","link":"https:\/\/www.enerjigazetesi.ist\/en\/sisecamin-urettigi-turkiyenin-en-hafif-maden-suyu-sisesine-cevre-odulu\/","title":{"rendered":"(Turkish) &#8217;\u015ei\u015fecam&#8217;\u0131n \u00dcretti\u011fi T\u00fcrkiye&#8217;nin En Hafif Maden Suyu \u015ei\u015fesine \u00c7evre \u00d6d\u00fcl\u00fc&#8230;"},"content":{"rendered":"<p class=\"qtranxs-available-languages-message qtranxs-available-languages-message-en\">Sorry, this entry is only available in <a href=\"https:\/\/www.enerjigazetesi.ist\/tr\/wp-json\/wp\/v2\/posts\/173142\" class=\"qtranxs-available-language-link qtranxs-available-language-link-tr\" title=\"Turkish\">Turkish<\/a>. For the sake of viewer convenience, the content is shown below in the alternative language. You may click the link to switch the active language.<\/p><p><\/p>\n<h2><strong>\u015ei\u015fecam, s\u00fcrd\u00fcr\u00fclebilir de\u011fer yaratma vizyonu &#8220;CareforNext&#8221; stratejisi do\u011frultusunda gezegenin ve toplumun de\u011fi\u015fen ihtiya\u00e7lar\u0131na y\u00f6nelik geli\u015ftirdi\u011fi \u00fcr\u00fcn\u00fc, 110 Gr. Ultra Hafif Maden Suyu \u015ei\u015fesi ile IMSAD Gelece\u011fe Yat\u0131r\u0131m \u00d6d\u00fclleri Yar\u0131\u015fmas\u0131\u2019nda \u00c7evre kategorisinde \u00fc\u00e7\u00fcnc\u00fcl\u00fck \u00f6d\u00fcl\u00fcne lay\u0131k g\u00f6r\u00fcld\u00fc. T\u00fcrkiye\u2019nin en hafif maden suyu \u015fi\u015fesi, \u00f6zel tasar\u0131m\u0131yla benzerlerine g\u00f6re daha hafif ve \u00e7evre dostu olmas\u0131 \u00f6zelli\u011fiyle \u00f6ne \u00e7\u0131k\u0131yor. B\u00f6ylece \u00fcretiminde bir yandan harcanan enerji ve hammadde miktar\u0131ndan tasarruf edilirken bir yandan da \u00fcretim ve transfere ba\u011fl\u0131 karbon dioksit emisyonunda da azalma sa\u011flan\u0131yor.<\/strong><\/h2>\n<p>\u015ei\u015fecam, yenilik\u00e7i <strong>cam ambalaj tasar\u0131mlar\u0131<\/strong> ve <strong>\u00fcr\u00fcn hafifletme \u00e7al\u0131\u015fmalar\u0131<\/strong> ile \u00fcretimde ve transferde <strong>daha az enerji kullan\u0131m\u0131<\/strong> ve <strong>daha az sera gaz\u0131 emisyonu<\/strong> ile gezegeni korumay\u0131 ve de\u011fi\u015fen ihtiya\u00e7lara <img loading=\"lazy\" class=\"alignright wp-image-173146\" src=\"https:\/\/www.enerjigazetesi.ist\/wp-content\/uploads\/2023\/04\/sisecamin-urettigi-turkiyenin-en-hafif-maden-suyu-sisesine-cevre-odulu-1.jpg\" alt=\"\" width=\"320\" height=\"215\" srcset=\"https:\/\/www.enerjigazetesi.ist\/wp-content\/uploads\/2023\/04\/sisecamin-urettigi-turkiyenin-en-hafif-maden-suyu-sisesine-cevre-odulu-1.jpg 550w, https:\/\/www.enerjigazetesi.ist\/wp-content\/uploads\/2023\/04\/sisecamin-urettigi-turkiyenin-en-hafif-maden-suyu-sisesine-cevre-odulu-1-300x201.jpg 300w, https:\/\/www.enerjigazetesi.ist\/wp-content\/uploads\/2023\/04\/sisecamin-urettigi-turkiyenin-en-hafif-maden-suyu-sisesine-cevre-odulu-1-500x335.jpg 500w, https:\/\/www.enerjigazetesi.ist\/wp-content\/uploads\/2023\/04\/sisecamin-urettigi-turkiyenin-en-hafif-maden-suyu-sisesine-cevre-odulu-1-75x50.jpg 75w\" sizes=\"(max-width: 320px) 100vw, 320px\" \/>y\u00f6nelik s\u00fcrd\u00fcr\u00fclebilir \u00fcr\u00fcnler sunarak ya\u015fam\u0131 d\u00f6n\u00fc\u015ft\u00fcrmeyi ama\u00e7l\u0131yor. \u015ei\u015fecam\u2019\u0131n, bu vizyon do\u011frultusunda \u00fcretti\u011fi ve \u00e7evre dostu \u00f6zellikleriyle \u00f6ne \u00e7\u0131kan, T\u00fcrkiye\u2019nin en hafif maden suyu \u015fi\u015fesi <strong>IMSAD Gelece\u011fe Yat\u0131r\u0131m \u00d6d\u00fclleri Yar\u0131\u015fmas\u0131<\/strong>\u2019nda \u00c7evre kategorisinde \u00fc\u00e7\u00fcnc\u00fcl\u00fck \u00f6d\u00fcl\u00fcn\u00fcn sahibi oldu.<\/p>\n<p>\u00d6zel tasar\u0131m\u0131yla benzerlerine g\u00f6re olduk\u00e7a hafif olan \u00e7evre dostu <strong>110 gram<\/strong> a\u011f\u0131rl\u0131\u011f\u0131nda<strong> ultra hafif maden suyu \u015fi\u015fesinin<\/strong> \u00fcretim s\u00fcrecinde <strong>130 gram<\/strong> a\u011f\u0131rl\u0131\u011f\u0131nda standart bir maden suyu \u015fi\u015fesine oranla karbon emisyonunda <strong>%19<\/strong>\u2019luk bir d\u00fc\u015f\u00fc\u015f sa\u011flan\u0131yor. \u00dcr\u00fcn sevkiyat\u0131 s\u0131ras\u0131nda ise kullan\u0131lan t\u0131r say\u0131s\u0131 azald\u0131\u011f\u0131 i\u00e7in d\u00fc\u015fen maliyete ek olarak kilometre ba\u015f\u0131na sal\u0131nan<strong> karbon emisyonunda<\/strong> yakla\u015f\u0131k <strong>%14\u2019l\u00fck<\/strong> bir d\u00fc\u015f\u00fc\u015f elde ediliyor.<\/p>\n<p>\u015ei\u015fecam\u2019\u0131n Yeni\u015fehir Cam Ambalaj fabrikas\u0131nda flint ve z\u00fcmr\u00fct ye\u015fili renklerde \u00fcretilen ve T\u00fcrkiye\u2019de sat\u0131\u015f\u0131 ba\u015flayan <strong>maden suyu \u015fi\u015feleri<\/strong>nin, bu y\u0131l itibariyle <strong>uluslararas\u0131 pazarda da sat\u0131\u015fa sunulmas\u0131<\/strong> hedefleniyor.<\/p>","protected":false},"excerpt":{"rendered":"<p>Sorry, this entry is only available in Turkish. For the sake of viewer convenience, the content is shown below in the alternative language. You may click the link to switch the active language. \u015ei\u015fecam, s\u00fcrd\u00fcr\u00fclebilir de\u011fer yaratma vizyonu &#8220;CareforNext&#8221; stratejisi do\u011frultusunda gezegenin ve toplumun de\u011fi\u015fen ihtiya\u00e7lar\u0131na y\u00f6nelik geli\u015ftirdi\u011fi \u00fcr\u00fcn\u00fc, 110 Gr. Ultra Hafif Maden Suyu [&hellip;]<\/p>\n","protected":false},"author":1,"featured_media":173145,"comment_status":"open","ping_status":"open","sticky":false,"template":"","format":"standard","meta":[],"categories":[53,52],"tags":[105344,108928,106221,108929,108927],"views":34,"_links":{"self":[{"href":"https:\/\/www.enerjigazetesi.ist\/en\/wp-json\/wp\/v2\/posts\/173142"}],"collection":[{"href":"https:\/\/www.enerjigazetesi.ist\/en\/wp-json\/wp\/v2\/posts"}],"about":[{"href":"https:\/\/www.enerjigazetesi.ist\/en\/wp-json\/wp\/v2\/types\/post"}],"author":[{"embeddable":true,"href":"https:\/\/www.enerjigazetesi.ist\/en\/wp-json\/wp\/v2\/users\/1"}],"replies":[{"embeddable":true,"href":"https:\/\/www.enerjigazetesi.ist\/en\/wp-json\/wp\/v2\/comments?post=173142"}],"version-history":[{"count":0,"href":"https:\/\/www.enerjigazetesi.ist\/en\/wp-json\/wp\/v2\/posts\/173142\/revisions"}],"wp:featuredmedia":[{"embeddable":true,"href":"https:\/\/www.enerjigazetesi.ist\/en\/wp-json\/wp\/v2\/media\/173145"}],"wp:attachment":[{"href":"https:\/\/www.enerjigazetesi.ist\/en\/wp-json\/wp\/v2\/media?parent=173142"}],"wp:term":[{"taxonomy":"category","embeddable":true,"href":"https:\/\/www.enerjigazetesi.ist\/en\/wp-json\/wp\/v2\/categories?post=173142"},{"taxonomy":"post_tag","embeddable":true,"href":"https:\/\/www.enerjigazetesi.ist\/en\/wp-json\/wp\/v2\/tags?post=173142"}],"curies":[{"name":"wp","href":"https:\/\/api.w.org\/{rel}","templated":true}]}}