{"id":173131,"date":"2023-04-17T13:52:27","date_gmt":"2023-04-17T10:52:27","guid":{"rendered":"https:\/\/www.enerjigazetesi.ist\/?p=173131"},"modified":"2023-04-17T13:53:33","modified_gmt":"2023-04-17T10:53:33","slug":"sedas-depremden-etkilenen-cocuklar-icin-23-nisan-etkinligi-duzenledi","status":"publish","type":"post","link":"https:\/\/www.enerjigazetesi.ist\/en\/sedas-depremden-etkilenen-cocuklar-icin-23-nisan-etkinligi-duzenledi\/","title":{"rendered":"(Turkish) &#8217;SEDA\u015e&#8217; Depremden Etkilenen \u00c7ocuklar \u0130\u00e7in 23 Nisan Etkinli\u011fi D\u00fczenledi"},"content":{"rendered":"<p class=\"qtranxs-available-languages-message qtranxs-available-languages-message-en\">Sorry, this entry is only available in <a href=\"https:\/\/www.enerjigazetesi.ist\/tr\/wp-json\/wp\/v2\/posts\/173131\" class=\"qtranxs-available-language-link qtranxs-available-language-link-tr\" title=\"Turkish\">Turkish<\/a>. For the sake of viewer convenience, the content is shown below in the alternative language. You may click the link to switch the active language.<\/p><p><\/p>\n<h2><strong>SEDA\u015e,<\/strong> <strong>\u201cBirlikte E\u011fleniyoruz\u201d etkinli\u011fi ile deprem b\u00f6lgesinden gelerek Sakarya\u2019da misafir olan \u00e7ocuklara g\u00fczel bir g\u00fcn ya\u015fatt\u0131.<\/strong><\/h2>\n<p>Sakarya, Kocaeli, Bolu ve D\u00fczce illerinin elektrik da\u011f\u0131t\u0131m faaliyetini y\u00fcr\u00fcten Sakarya Elektrik Da\u011f\u0131t\u0131m A.\u015e. (SEDA\u015e), <strong>depremin yaralar\u0131n\u0131 sarmak<\/strong> \u00fczere att\u0131\u011f\u0131 ad\u0131mlara bir yenisini daha ekledi.<\/p>\n<p><img loading=\"lazy\" class=\"alignright wp-image-173135\" src=\"https:\/\/www.enerjigazetesi.ist\/wp-content\/uploads\/2023\/04\/sedas-depremden-etkilenen-cocuklar-icin-23-nisan-etkinligi-duzenledi-2.jpg\" alt=\"\" width=\"320\" height=\"214\" srcset=\"https:\/\/www.enerjigazetesi.ist\/wp-content\/uploads\/2023\/04\/sedas-depremden-etkilenen-cocuklar-icin-23-nisan-etkinligi-duzenledi-2.jpg 550w, https:\/\/www.enerjigazetesi.ist\/wp-content\/uploads\/2023\/04\/sedas-depremden-etkilenen-cocuklar-icin-23-nisan-etkinligi-duzenledi-2-300x200.jpg 300w, https:\/\/www.enerjigazetesi.ist\/wp-content\/uploads\/2023\/04\/sedas-depremden-etkilenen-cocuklar-icin-23-nisan-etkinligi-duzenledi-2-500x334.jpg 500w, https:\/\/www.enerjigazetesi.ist\/wp-content\/uploads\/2023\/04\/sedas-depremden-etkilenen-cocuklar-icin-23-nisan-etkinligi-duzenledi-2-75x50.jpg 75w, https:\/\/www.enerjigazetesi.ist\/wp-content\/uploads\/2023\/04\/sedas-depremden-etkilenen-cocuklar-icin-23-nisan-etkinligi-duzenledi-2-450x300.jpg 450w\" sizes=\"(max-width: 320px) 100vw, 320px\" \/>Sakarya\u2019da afet b\u00f6lgesinden gelen misafir \u00e7ocuklara 23 Nisan etkinli\u011fi d\u00fczenlediklerini aktaran SEDA\u015e Y\u00f6netim Kurulu ve \u0130cra Ba\u015fkan\u0131 <strong>Dr. Necmi Odyakmaz<\/strong> <em>\u201cDeprem en fazla \u00e7ocuklar \u00fczerinde olumsuz etkiler yarat\u0131yor. Biz de bu d\u00fc\u015f\u00fcnce ile 23 Nisan\u2019\u0131 onlarla birlikte kutlamaya karar verdik. \u00c7ocuklar\u0131m\u0131z\u0131 ya\u015fad\u0131klar\u0131 olumsuz durumun etkisinden kurtarmak, bir nebze de olsa ne\u015feli vakit ge\u00e7irmelerini sa\u011flamak etkinlikteki temel amac\u0131m\u0131z. Depremin ilk g\u00fcn\u00fcnden beri ekiplerimiz afet b\u00f6lgesinde faaliyetlerini s\u00fcrd\u00fcr\u00fcyor. \u015eu ana kadar d\u00f6n\u00fc\u015f\u00fcml\u00fc olarak <strong>128<\/strong> \u00e7al\u0131\u015fma arkada\u015f\u0131m\u0131z\u0131 g\u00f6revlendirdik. \u00dclkemizin ya\u015fad\u0131\u011f\u0131 deprem felaketinin yaralar\u0131n\u0131 sarmak hepimizin en b\u00fcy\u00fck \u00f6nceli\u011fi olmal\u0131. Her y\u0131l \u00e7al\u0131\u015fanlar\u0131m\u0131z\u0131n \u00e7ocuklar\u0131 ile kutlad\u0131\u011f\u0131m\u0131z <strong>23 Nisan etkinli\u011fini<\/strong> bu y\u0131l da b\u00f6lgemize misafir olan \u00e7ocuklar\u0131m\u0131zla kutlad\u0131k.\u201d<\/em> \u015feklinde konu\u015ftu.<\/p>\n<p>SEDA\u015e taraf\u0131ndan 23 Nisan Ulusal Egemenlik ve \u00c7ocuk Bayram\u0131 kapsam\u0131nda d\u00fczenlenen, <strong>\u201cBirlikte E\u011fleniyoruz\u201d etkinli\u011finde<\/strong> \u00e7ocuklara <strong>\u00e7e\u015fitli animasyonlar, oyun parklar\u0131<\/strong> ve <strong>farkl\u0131 aktivitelerle e\u011flenceli saatler<\/strong> ya\u015fat\u0131ld\u0131.<\/p>\n<p><strong>15 Nisan Cumartesi g\u00fcn\u00fc<\/strong>, <strong>14:00 \u2013 17:00 saatleri<\/strong> aras\u0131nda<strong> Sakarya Kredi ve Yurtlar Kurumunda<\/strong> misafir olan yakla\u015f\u0131k <strong>400<\/strong> \u00e7ocu\u011fun kat\u0131ld\u0131\u011f\u0131 etkinlikte;<strong> ejderha kayd\u0131rak, combo oyun park\u0131, maymun z\u0131pz\u0131p, basketbol, futbol, y\u00fcz boyama ve sosis balon at\u00f6lyesi<\/strong> yan\u0131 s\u0131ra <strong>s\u00fcrpriz ikraml\u0131k stantlar\u0131<\/strong> \u00e7ocuklar\u0131n ilgi oda\u011f\u0131 oldu.<\/p>","protected":false},"excerpt":{"rendered":"<p>Sorry, this entry is only available in Turkish. For the sake of viewer convenience, the content is shown below in the alternative language. You may click the link to switch the active language. SEDA\u015e, \u201cBirlikte E\u011fleniyoruz\u201d etkinli\u011fi ile deprem b\u00f6lgesinden gelerek Sakarya\u2019da misafir olan \u00e7ocuklara g\u00fczel bir g\u00fcn ya\u015fatt\u0131. Sakarya, Kocaeli, Bolu ve D\u00fczce illerinin [&hellip;]<\/p>\n","protected":false},"author":1,"featured_media":173134,"comment_status":"open","ping_status":"open","sticky":false,"template":"","format":"standard","meta":[],"categories":[51,53],"tags":[108925,15016,26353,102600,2444],"views":40,"_links":{"self":[{"href":"https:\/\/www.enerjigazetesi.ist\/en\/wp-json\/wp\/v2\/posts\/173131"}],"collection":[{"href":"https:\/\/www.enerjigazetesi.ist\/en\/wp-json\/wp\/v2\/posts"}],"about":[{"href":"https:\/\/www.enerjigazetesi.ist\/en\/wp-json\/wp\/v2\/types\/post"}],"author":[{"embeddable":true,"href":"https:\/\/www.enerjigazetesi.ist\/en\/wp-json\/wp\/v2\/users\/1"}],"replies":[{"embeddable":true,"href":"https:\/\/www.enerjigazetesi.ist\/en\/wp-json\/wp\/v2\/comments?post=173131"}],"version-history":[{"count":1,"href":"https:\/\/www.enerjigazetesi.ist\/en\/wp-json\/wp\/v2\/posts\/173131\/revisions"}],"predecessor-version":[{"id":173132,"href":"https:\/\/www.enerjigazetesi.ist\/en\/wp-json\/wp\/v2\/posts\/173131\/revisions\/173132"}],"wp:featuredmedia":[{"embeddable":true,"href":"https:\/\/www.enerjigazetesi.ist\/en\/wp-json\/wp\/v2\/media\/173134"}],"wp:attachment":[{"href":"https:\/\/www.enerjigazetesi.ist\/en\/wp-json\/wp\/v2\/media?parent=173131"}],"wp:term":[{"taxonomy":"category","embeddable":true,"href":"https:\/\/www.enerjigazetesi.ist\/en\/wp-json\/wp\/v2\/categories?post=173131"},{"taxonomy":"post_tag","embeddable":true,"href":"https:\/\/www.enerjigazetesi.ist\/en\/wp-json\/wp\/v2\/tags?post=173131"}],"curies":[{"name":"wp","href":"https:\/\/api.w.org\/{rel}","templated":true}]}}