{"id":173124,"date":"2023-04-17T13:31:30","date_gmt":"2023-04-17T10:31:30","guid":{"rendered":"https:\/\/www.enerjigazetesi.ist\/?p=173124"},"modified":"2023-04-17T13:32:01","modified_gmt":"2023-04-17T10:32:01","slug":"akkuyu-ngs-de-calismalar-suruyor","status":"publish","type":"post","link":"https:\/\/www.enerjigazetesi.ist\/en\/akkuyu-ngs-de-calismalar-suruyor\/","title":{"rendered":"(Turkish) &#8217;Akkuyu NGS&#8217;de \u00c7al\u0131\u015fmalar S\u00fcr\u00fcyor&#8230;"},"content":{"rendered":"<p class=\"qtranxs-available-languages-message qtranxs-available-languages-message-en\">Sorry, this entry is only available in <a href=\"https:\/\/www.enerjigazetesi.ist\/tr\/wp-json\/wp\/v2\/posts\/173124\" class=\"qtranxs-available-language-link qtranxs-available-language-link-tr\" title=\"Turkish\">Turkish<\/a>. For the sake of viewer convenience, the content is shown below in the alternative language. You may click the link to switch the active language.<\/p><p><\/p>\n<h2>Akkuyu N\u00fckleer G\u00fc\u00e7 Santrali\u2019nin (NGS) 2\u2019nci g\u00fc\u00e7 \u00fcnitesinin reakt\u00f6r binas\u0131na, n\u00fckleer g\u00fc\u00e7 santrallerinin g\u00fcvenlik sisteminin ana unsurlar\u0131ndan biri olan i\u00e7 koruma kabu\u011funun (\u0130KK) 4&#8217;\u00fcnc\u00fc katman\u0131 kuruldu.<\/h2>\n<p>Reakt\u00f6r binas\u0131n\u0131n s\u0131zd\u0131rmazl\u0131\u011f\u0131 i\u00e7in kullan\u0131lan <strong>\u00e7elik kaplama<\/strong> ve<strong> \u00f6zel betondan<\/strong> olu\u015fan <strong>\u0130KK<\/strong>, reakt\u00f6r binas\u0131n\u0131n korunmas\u0131n\u0131 sa\u011fl\u0131yor.<\/p>\n<p>\u0130\u00e7 yar\u0131\u00e7ap\u0131 <strong>22 metre<\/strong>, y\u00fcksekli\u011fi <strong>8 metre<\/strong> ve a\u011f\u0131rl\u0131\u011f\u0131 <strong>144 tondan fazla<\/strong> olan katman\u0131n kurulumu <strong>3 ay<\/strong> s\u00fcrd\u00fc. Kurulum, d\u00fcnyan\u0131n en g\u00fc\u00e7l\u00fc Liebherr LR-13000 paletli vin\u00e7lerinden biri olan <strong>Liebherr LTM 1300 kamyon vinci<\/strong> ve <strong>iki hidrolik cihaz kullan\u0131larak<\/strong> ger\u00e7ekle\u015ftirildi. Katman\u0131n kurulumu i\u00e7in, <img loading=\"lazy\" class=\"alignright wp-image-173129\" src=\"https:\/\/www.enerjigazetesi.ist\/wp-content\/uploads\/2023\/04\/akkuyu-ngsde-calismalar-suruyor-1.jpg\" alt=\"\" width=\"320\" height=\"214\" srcset=\"https:\/\/www.enerjigazetesi.ist\/wp-content\/uploads\/2023\/04\/akkuyu-ngsde-calismalar-suruyor-1.jpg 550w, https:\/\/www.enerjigazetesi.ist\/wp-content\/uploads\/2023\/04\/akkuyu-ngsde-calismalar-suruyor-1-300x200.jpg 300w, https:\/\/www.enerjigazetesi.ist\/wp-content\/uploads\/2023\/04\/akkuyu-ngsde-calismalar-suruyor-1-500x334.jpg 500w, https:\/\/www.enerjigazetesi.ist\/wp-content\/uploads\/2023\/04\/akkuyu-ngsde-calismalar-suruyor-1-75x50.jpg 75w, https:\/\/www.enerjigazetesi.ist\/wp-content\/uploads\/2023\/04\/akkuyu-ngsde-calismalar-suruyor-1-450x300.jpg 450w\" sizes=\"(max-width: 320px) 100vw, 320px\" \/>prefabrike yap\u0131y\u0131 vincin hareketi s\u0131ras\u0131nda deformasyona kar\u015f\u0131 koruyan \u00f6zel bir travers geli\u015ftirildi.<\/p>\n<p>Yap\u0131m a\u015famas\u0131ndaki <strong>Akkuyu NGS&#8217;nin Genel M\u00fcd\u00fcr Birinci Yard\u0131mc\u0131s\u0131 ve Yap\u0131 \u0130\u015fleri Direkt\u00f6r\u00fc Sergey Butckikh<\/strong> tamamlanan \u00e7al\u0131\u015fmalarla ilgili olarak \u015funlar\u0131 s\u00f6yledi: <em>\u201cReakt\u00f6r binas\u0131n\u0131n \u00f6nemli bir unsuru, farkl\u0131 \u015fekillerde yap\u0131lardan olu\u015fan i\u00e7 koruma kab\u0131d\u0131r. D\u00f6rd\u00fcnc\u00fc katman silindirik yap\u0131lar\u0131n sonuncusudur. Ard\u0131ndan bu yaz kurulmas\u0131 planlanan kubbe k\u0131sm\u0131 montaj i\u015flemlerine ba\u015flanacak. Uzun y\u0131llara dayanan deneyimimiz bize zaman kazand\u0131r\u0131yor ve mevcut kaynaklar\u0131n kullan\u0131m\u0131n\u0131 en \u00fcst d\u00fczeye \u00e7\u0131kar\u0131yor. Daha sonra \u00fc\u00e7\u00fcnc\u00fc ve d\u00f6rd\u00fcnc\u00fc katmanlar\u0131n kaynak i\u015flemlerini yapmay\u0131, ta\u015f\u0131ma ve personel kilidi unsurlar\u0131 da dahil olmak \u00fczere g\u00f6m\u00fcl\u00fc par\u00e7alar\u0131 g\u00fc\u00e7lendirmeyi ve monte etmeyi planl\u0131yoruz.\u201d<\/em><\/p>\n<p><strong>Akkuyu NGS\u2019de<\/strong> bulunan<strong> g\u00fc\u00e7 \u00fcnitelerinin<\/strong> <strong>reakt\u00f6r binalar\u0131, \u00e7ift koruma kabu\u011fu<\/strong> ile donat\u0131l\u0131yor. Betonarme d\u0131\u015f koruma kabu\u011fu, <strong>9 b\u00fcy\u00fckl\u00fc\u011f\u00fcne kadar depremlere<\/strong>,<strong> tsunami, kas\u0131rga<\/strong> ve bunlar\u0131n kombinasyonlar\u0131ndan olu\u015fan<strong> a\u015f\u0131r\u0131 d\u0131\u015f etkenlere dayanacak<\/strong> \u015fekilde tasarland\u0131.<\/p>","protected":false},"excerpt":{"rendered":"<p>Sorry, this entry is only available in Turkish. For the sake of viewer convenience, the content is shown below in the alternative language. You may click the link to switch the active language. Akkuyu N\u00fckleer G\u00fc\u00e7 Santrali\u2019nin (NGS) 2\u2019nci g\u00fc\u00e7 \u00fcnitesinin reakt\u00f6r binas\u0131na, n\u00fckleer g\u00fc\u00e7 santrallerinin g\u00fcvenlik sisteminin ana unsurlar\u0131ndan biri olan i\u00e7 koruma kabu\u011funun [&hellip;]<\/p>\n","protected":false},"author":1,"featured_media":173128,"comment_status":"open","ping_status":"open","sticky":false,"template":"","format":"standard","meta":[],"categories":[53,43],"tags":[3019,1303,104152,19356],"views":39,"_links":{"self":[{"href":"https:\/\/www.enerjigazetesi.ist\/en\/wp-json\/wp\/v2\/posts\/173124"}],"collection":[{"href":"https:\/\/www.enerjigazetesi.ist\/en\/wp-json\/wp\/v2\/posts"}],"about":[{"href":"https:\/\/www.enerjigazetesi.ist\/en\/wp-json\/wp\/v2\/types\/post"}],"author":[{"embeddable":true,"href":"https:\/\/www.enerjigazetesi.ist\/en\/wp-json\/wp\/v2\/users\/1"}],"replies":[{"embeddable":true,"href":"https:\/\/www.enerjigazetesi.ist\/en\/wp-json\/wp\/v2\/comments?post=173124"}],"version-history":[{"count":0,"href":"https:\/\/www.enerjigazetesi.ist\/en\/wp-json\/wp\/v2\/posts\/173124\/revisions"}],"wp:featuredmedia":[{"embeddable":true,"href":"https:\/\/www.enerjigazetesi.ist\/en\/wp-json\/wp\/v2\/media\/173128"}],"wp:attachment":[{"href":"https:\/\/www.enerjigazetesi.ist\/en\/wp-json\/wp\/v2\/media?parent=173124"}],"wp:term":[{"taxonomy":"category","embeddable":true,"href":"https:\/\/www.enerjigazetesi.ist\/en\/wp-json\/wp\/v2\/categories?post=173124"},{"taxonomy":"post_tag","embeddable":true,"href":"https:\/\/www.enerjigazetesi.ist\/en\/wp-json\/wp\/v2\/tags?post=173124"}],"curies":[{"name":"wp","href":"https:\/\/api.w.org\/{rel}","templated":true}]}}