{"id":173033,"date":"2023-04-15T11:44:55","date_gmt":"2023-04-15T08:44:55","guid":{"rendered":"https:\/\/www.enerjigazetesi.ist\/?p=173033"},"modified":"2023-04-15T11:49:39","modified_gmt":"2023-04-15T08:49:39","slug":"2022de-kuresel-ruzgar-ve-gunes-enerjisi-uretimi-nde-pay-yuzde-12-ye-yukseldi","status":"publish","type":"post","link":"https:\/\/www.enerjigazetesi.ist\/en\/2022de-kuresel-ruzgar-ve-gunes-enerjisi-uretimi-nde-pay-yuzde-12-ye-yukseldi\/","title":{"rendered":"(Turkish) 2022&#8217;de K\u00fcresel R\u00fczgar ve G\u00fcne\u015f Enerjisi \u00dcretiminde Pay % 12&#8217;ye Y\u00fckseldi"},"content":{"rendered":"<p class=\"qtranxs-available-languages-message qtranxs-available-languages-message-en\">Sorry, this entry is only available in <a href=\"https:\/\/www.enerjigazetesi.ist\/tr\/wp-json\/wp\/v2\/posts\/173033\" class=\"qtranxs-available-language-link qtranxs-available-language-link-tr\" title=\"Turkish\">Turkish<\/a>. For the sake of viewer convenience, the content is shown below in the alternative language. You may click the link to switch the active language.<\/p><p><\/p>\n<h2><strong>Enerji d\u00fc\u015f\u00fcnce kurulu\u015fu Ember taraf\u0131ndan 12 Nisan 2023\u2019te a\u00e7\u0131klanan rapora g\u00f6re, r\u00fczgar ve g\u00fcne\u015f enerjisi, 2021\u2019de %10 olan k\u00fcresel elektrik \u00fcretimindeki pay\u0131n\u0131 2022\u2019de %12\u2019ye \u00e7\u0131kararak rekor k\u0131rd\u0131. Rapor, 2023\u2019ten itibaren r\u00fczgar ve g\u00fcne\u015f enerjisinin d\u00fcnyay\u0131 fosil \u00fcretiminin azald\u0131\u011f\u0131 ve dolay\u0131s\u0131yla enerji sekt\u00f6r\u00fc emisyonlar\u0131n\u0131n d\u00fc\u015ft\u00fc\u011f\u00fc yeni bir d\u00f6neme itece\u011fini \u00f6ng\u00f6r\u00fcyor.<\/strong><\/h2>\n<p>Enerji d\u00fc\u015f\u00fcnce kurulu\u015fu Ember\u2019\u0131n d\u00f6rd\u00fcnc\u00fc y\u0131ll\u0131k <strong>K\u00fcresel Elektrik \u0130ncelemesi<\/strong>, k\u00fcresel elektrik talebinin %93\u2019\u00fcn\u00fc temsil eden 78 \u00fclkede 2022 y\u0131l\u0131na ait elektrik verilerini sunuyor. A\u00e7\u0131k veriler ve <img loading=\"lazy\" class=\"alignright wp-image-173038\" src=\"https:\/\/www.enerjigazetesi.ist\/wp-content\/uploads\/2023\/04\/2022de-kuresel-ruzgar-ve-gunes-enerjisi-uretimi-payi-yuzde-12ye-yukseldi.jpg\" alt=\"\" width=\"320\" height=\"214\" srcset=\"https:\/\/www.enerjigazetesi.ist\/wp-content\/uploads\/2023\/04\/2022de-kuresel-ruzgar-ve-gunes-enerjisi-uretimi-payi-yuzde-12ye-yukseldi.jpg 550w, https:\/\/www.enerjigazetesi.ist\/wp-content\/uploads\/2023\/04\/2022de-kuresel-ruzgar-ve-gunes-enerjisi-uretimi-payi-yuzde-12ye-yukseldi-300x200.jpg 300w, https:\/\/www.enerjigazetesi.ist\/wp-content\/uploads\/2023\/04\/2022de-kuresel-ruzgar-ve-gunes-enerjisi-uretimi-payi-yuzde-12ye-yukseldi-500x334.jpg 500w, https:\/\/www.enerjigazetesi.ist\/wp-content\/uploads\/2023\/04\/2022de-kuresel-ruzgar-ve-gunes-enerjisi-uretimi-payi-yuzde-12ye-yukseldi-75x50.jpg 75w, https:\/\/www.enerjigazetesi.ist\/wp-content\/uploads\/2023\/04\/2022de-kuresel-ruzgar-ve-gunes-enerjisi-uretimi-payi-yuzde-12ye-yukseldi-450x300.jpg 450w\" sizes=\"(max-width: 320px) 100vw, 320px\" \/>derinlemesine analizler, 2022 y\u0131l\u0131nda k\u00fcresel elektrik d\u00f6n\u00fc\u015f\u00fcm\u00fcn\u00fcn ilk do\u011fru resmini sunuyor.<\/p>\n<p>G\u00fcne\u015f enerjisi, bir \u00f6nceki y\u0131la g\u00f6re<strong> %24<\/strong> oran\u0131nda artarak ve <strong>G\u00fcney Afrika<\/strong>\u2019n\u0131n tamam\u0131na yetecek kadar elektrik \u00fcreterek \u00fcst \u00fcste 18&#8217;inci kez en h\u0131zl\u0131 b\u00fcy\u00fcyen elektrik kayna\u011f\u0131 oldu. R\u00fczgar \u00fcretimi 2022\u2019de <strong>%17<\/strong> artarak neredeyse t\u00fcm <strong>Birle\u015fik Krall\u0131k\u2019a<\/strong> yetecek kadar elektrik \u00fcretti.<\/p>\n<p>Veriler, altm\u0131\u015ftan fazla \u00fclkenin art\u0131k elektri\u011finin <strong>%10\u2019<\/strong>undan fazlas\u0131n\u0131<strong> r\u00fczg\u00e2r ve g\u00fcne\u015ften<\/strong> elde etti\u011fini ortaya koyuyor. Yenilenebilir elektrik kaynaklar\u0131 ve n\u00fckleer birlikte k\u00fcresel elektri\u011fin <strong>%39<\/strong>\u2019una ula\u015farak yeni bir rekor k\u0131rd\u0131. Bu ilerlemeye ra\u011fmen k\u00f6m\u00fcr enerjisi, 2022 y\u0131l\u0131nda k\u00fcresel elektri\u011fin <strong>%36<\/strong>\u2019s\u0131n\u0131 \u00fcreterek d\u00fcnya \u00e7ap\u0131nda en b\u00fcy\u00fck tek elektrik kayna\u011f\u0131 olmaya devam etti.<\/p>\n<p>2022\u2019de r\u00fczgar ve g\u00fcne\u015f enerjisi \u00fcretimindeki art\u0131\u015f, k\u00fcresel elektrik talebindeki art\u0131\u015f\u0131n %80 gibi etkileyici bir k\u0131sm\u0131n\u0131 kar\u015f\u0131lad\u0131. K\u00fcresel gaz krizine ve k\u00f6m\u00fcre d\u00f6n\u00fc\u015f korkular\u0131na ra\u011fmen, k\u00f6m\u00fcr \u00fcretimindeki art\u0131\u015f\u0131 s\u0131n\u0131rlayan (+%1,1) r\u00fczgar ve g\u00fcne\u015f enerjisindeki art\u0131\u015f olmu\u015ftur. Gazdan elektrik \u00fcretimi 2022\u2019de \u00e7ok az (-%0,2) d\u00fc\u015fm\u00fc\u015ft\u00fcr. Genel olarak bu durum, <strong>enerji sekt\u00f6r\u00fc emisyonlar\u0131n\u0131n 2022<\/strong> y\u0131l\u0131nda <strong>%1,3<\/strong> artarak t\u00fcm zamanlar\u0131n en y\u00fcksek seviyesine ula\u015ft\u0131\u011f\u0131 anlam\u0131na gelmektedir.<\/p>\n<p>Ancak rapor, ge\u00e7en y\u0131l\u0131n elektrik emisyonlar\u0131n\u0131n \u2018zirvesi\u2019 ve fosil enerji b\u00fcy\u00fcmesinin son y\u0131l\u0131 olabilece\u011fini, temiz enerjinin bu y\u0131l t\u00fcm talep art\u0131\u015f\u0131n\u0131 kar\u015f\u0131layaca\u011f\u0131n\u0131 tahmin etmektedir. Sonu\u00e7 olarak, 2023 y\u0131l\u0131nda <strong>fosil \u00fcretimde k\u00fc\u00e7\u00fck bir d\u00fc\u015f\u00fc\u015f (-%0,3)<\/strong> ya\u015fanacak, <strong>r\u00fczgar ve g\u00fcne\u015f enerjisinin<\/strong> <strong>yayg\u0131nla\u015fmas\u0131 h\u0131zland\u0131k\u00e7a<\/strong> sonraki y\u0131llarda <strong>daha b\u00fcy\u00fck d\u00fc\u015f\u00fc\u015fler olacakt\u0131r.<\/strong><\/p>\n<p>Uluslararas\u0131 Enerji Ajans\u0131 taraf\u0131ndan yap\u0131lan modellemeye g\u00f6re, 2050 y\u0131l\u0131na kadar ekonomi genelinde <strong>net s\u0131f\u0131ra ula\u015f\u0131labilmesi<\/strong> i\u00e7in elektrik sekt\u00f6r\u00fcn\u00fcn <strong>2040 y\u0131l\u0131na kadar<\/strong> en fazla emisyon yayan sekt\u00f6r olmaktan \u00e7\u0131k\u0131p<strong> net s\u0131f\u0131ra ula\u015fan<\/strong> ilk sekt\u00f6r olmas\u0131 gerekiyor. Bu da <strong>2022<\/strong>\u2019de <strong>%12<\/strong> olan r\u00fczgar ve g\u00fcne\u015f enerjisinin <strong>2030\u2019da<\/strong> k\u00fcresel elektri\u011fin <strong>%41<\/strong>\u2019ine ula\u015fmas\u0131 anlam\u0131na geliyor.<\/p>\n<p><strong>Rapora ula\u015fmak i\u00e7in <a href=\"https:\/\/ember-climate.org\/insights\/research\/global-electricity-review-2023\/\" target=\"_blank\" rel=\"noopener\">T\u0131klay\u0131n&gt;&gt;<\/a><\/strong><\/p>","protected":false},"excerpt":{"rendered":"<p>Sorry, this entry is only available in Turkish. For the sake of viewer convenience, the content is shown below in the alternative language. You may click the link to switch the active language. Enerji d\u00fc\u015f\u00fcnce kurulu\u015fu Ember taraf\u0131ndan 12 Nisan 2023\u2019te a\u00e7\u0131klanan rapora g\u00f6re, r\u00fczgar ve g\u00fcne\u015f enerjisi, 2021\u2019de %10 olan k\u00fcresel elektrik \u00fcretimindeki pay\u0131n\u0131 [&hellip;]<\/p>\n","protected":false},"author":1,"featured_media":173038,"comment_status":"open","ping_status":"open","sticky":false,"template":"","format":"standard","meta":[],"categories":[53,49,50],"tags":[69720,13,32222,16,11149,6854,105],"views":66,"_links":{"self":[{"href":"https:\/\/www.enerjigazetesi.ist\/en\/wp-json\/wp\/v2\/posts\/173033"}],"collection":[{"href":"https:\/\/www.enerjigazetesi.ist\/en\/wp-json\/wp\/v2\/posts"}],"about":[{"href":"https:\/\/www.enerjigazetesi.ist\/en\/wp-json\/wp\/v2\/types\/post"}],"author":[{"embeddable":true,"href":"https:\/\/www.enerjigazetesi.ist\/en\/wp-json\/wp\/v2\/users\/1"}],"replies":[{"embeddable":true,"href":"https:\/\/www.enerjigazetesi.ist\/en\/wp-json\/wp\/v2\/comments?post=173033"}],"version-history":[{"count":1,"href":"https:\/\/www.enerjigazetesi.ist\/en\/wp-json\/wp\/v2\/posts\/173033\/revisions"}],"predecessor-version":[{"id":173034,"href":"https:\/\/www.enerjigazetesi.ist\/en\/wp-json\/wp\/v2\/posts\/173033\/revisions\/173034"}],"wp:featuredmedia":[{"embeddable":true,"href":"https:\/\/www.enerjigazetesi.ist\/en\/wp-json\/wp\/v2\/media\/173038"}],"wp:attachment":[{"href":"https:\/\/www.enerjigazetesi.ist\/en\/wp-json\/wp\/v2\/media?parent=173033"}],"wp:term":[{"taxonomy":"category","embeddable":true,"href":"https:\/\/www.enerjigazetesi.ist\/en\/wp-json\/wp\/v2\/categories?post=173033"},{"taxonomy":"post_tag","embeddable":true,"href":"https:\/\/www.enerjigazetesi.ist\/en\/wp-json\/wp\/v2\/tags?post=173033"}],"curies":[{"name":"wp","href":"https:\/\/api.w.org\/{rel}","templated":true}]}}