{"id":172976,"date":"2023-04-14T11:12:42","date_gmt":"2023-04-14T08:12:42","guid":{"rendered":"https:\/\/www.enerjigazetesi.ist\/?p=172976"},"modified":"2023-04-14T11:16:32","modified_gmt":"2023-04-14T08:16:32","slug":"garanti-bbva-ara-donem-karbonsuzlasma-hedeflerini-acikladi","status":"publish","type":"post","link":"https:\/\/www.enerjigazetesi.ist\/en\/garanti-bbva-ara-donem-karbonsuzlasma-hedeflerini-acikladi\/","title":{"rendered":"(Turkish) &#8217;Garanti BBVA&#8217; Ara D\u00f6nem Karbonsuzla\u015fma Hedeflerini A\u00e7\u0131klad\u0131"},"content":{"rendered":"<p class=\"qtranxs-available-languages-message qtranxs-available-languages-message-en\">Sorry, this entry is only available in <a href=\"https:\/\/www.enerjigazetesi.ist\/tr\/wp-json\/wp\/v2\/posts\/172976\" class=\"qtranxs-available-language-link qtranxs-available-language-link-tr\" title=\"Turkish\">Turkish<\/a>. For the sake of viewer convenience, the content is shown below in the alternative language. You may click the link to switch the active language.<\/p><p><\/p>\n<h2>Garanti BBVA, Net S\u0131f\u0131r Bankac\u0131l\u0131k Birli\u011fi taahh\u00fctleri do\u011frultusunda 2030 y\u0131l\u0131 ara d\u00f6nem karbonsuzla\u015fma hedeflerini a\u00e7\u0131klad\u0131. 2021 y\u0131l\u0131nda Net S\u0131f\u0131r Bankac\u0131l\u0131k Birli\u011fi\u2019ne T\u00fcrkiye\u2019den ilk imzac\u0131 olarak kat\u0131lan Banka, 2050\u2019ye kadar bor\u00e7 verme ve yat\u0131r\u0131m portf\u00f6ylerini net s\u0131f\u0131r emisyonla uyumlu hale getirmeyi taahh\u00fct etti.<\/h2>\n<p><strong>2021 y\u0131l\u0131nda<\/strong> ayn\u0131 zamanda T\u00fcrkiye\u2019de <strong>k\u00f6m\u00fcrden \u00e7\u0131k\u0131\u015f taahh\u00fcd\u00fc<\/strong> veren ilk banka olan <strong>Garanti BBVA<\/strong>, <strong>k\u00f6m\u00fcr santralleri<\/strong> ve<strong> madenleri<\/strong> ile ilgili<strong> yeni yat\u0131r\u0131mlar\u0131 finanse etmeyece\u011fini<\/strong> ve portf\u00f6y\u00fcndeki <strong>k\u00f6m\u00fcr faaliyetlerine<\/strong> ili\u015fkin riskini en ge\u00e7 <strong>2040 y\u0131l\u0131na kadar s\u0131f\u0131rlayarak<\/strong> sekt\u00f6rden tamamen \u00e7\u0131km\u0131\u015f olaca\u011f\u0131n\u0131 kamuoyuyla payla\u015ft\u0131. Garanti BBVA 2022 y\u0131l\u0131nda ise k\u00f6m\u00fcrden \u00e7\u0131k\u0131\u015f taahh\u00fcd\u00fcn\u00fc bir ad\u0131m \u00f6teye ta\u015f\u0131yarak di\u011fer <strong>karbon yo\u011fun sekt\u00f6rler<\/strong> i\u00e7in de <strong>PACTA (Paris Anla\u015fmas\u0131 Sermaye Ge\u00e7i\u015fi De\u011ferlendirmesi) metodolojisi<\/strong> ile uyumlu ara d\u00f6nem <strong>karbonsuzla\u015fma hedeflerini<\/strong> a\u00e7\u0131klayan T\u00fcrkiye\u2019den ilk banka oldu.<\/p>\n<p>Banka; <strong>enerji, otomotiv, demir-\u00e7elik ve \u00e7imento sekt\u00f6rleri<\/strong> i\u00e7in 2022 g\u00fcncel risk a\u011f\u0131rl\u0131kl\u0131 emisyon yo\u011funluklar\u0131n\u0131 ve 2030 y\u0131l\u0131na kadar bu sekt\u00f6rler \u00f6zelindeki azalt\u0131m hedeflerini belirleyerek <strong>iklim de\u011fi\u015fikli\u011fi ile m\u00fccadeledeki<\/strong> kararl\u0131l\u0131\u011f\u0131n\u0131 s\u00fcrd\u00fcr\u00fcyor. Hedefler belirlenirken ise uzun d\u00f6nem perspektifli, karar s\u00fcre\u00e7lerine odakl\u0131, g\u00fc\u00e7l\u00fc, kapsay\u0131c\u0131, hesap verilebilir ve sekt\u00f6re \u00f6zel prensipler g\u00f6z<img loading=\"lazy\" class=\"alignright wp-image-172981\" src=\"https:\/\/www.enerjigazetesi.ist\/wp-content\/uploads\/2023\/04\/garanti-bbva-ara-donem-karbonsuzlasma-hedeflerini-acikladi.jpg\" alt=\"\" width=\"320\" height=\"305\" srcset=\"https:\/\/www.enerjigazetesi.ist\/wp-content\/uploads\/2023\/04\/garanti-bbva-ara-donem-karbonsuzlasma-hedeflerini-acikladi.jpg 504w, https:\/\/www.enerjigazetesi.ist\/wp-content\/uploads\/2023\/04\/garanti-bbva-ara-donem-karbonsuzlasma-hedeflerini-acikladi-300x286.jpg 300w, https:\/\/www.enerjigazetesi.ist\/wp-content\/uploads\/2023\/04\/garanti-bbva-ara-donem-karbonsuzlasma-hedeflerini-acikladi-420x400.jpg 420w, https:\/\/www.enerjigazetesi.ist\/wp-content\/uploads\/2023\/04\/garanti-bbva-ara-donem-karbonsuzlasma-hedeflerini-acikladi-53x50.jpg 53w, https:\/\/www.enerjigazetesi.ist\/wp-content\/uploads\/2023\/04\/garanti-bbva-ara-donem-karbonsuzlasma-hedeflerini-acikladi-500x476.jpg 500w\" sizes=\"(max-width: 320px) 100vw, 320px\" \/> \u00f6n\u00fcne al\u0131nd\u0131. S\u00fcrd\u00fcr\u00fclebilirli\u011fi stratejik \u00f6nceliklerinden biri olarak belirleyen Banka,<strong> s\u00fcrd\u00fcr\u00fclebilir d\u00f6n\u00fc\u015f\u00fcm yolculu\u011funda<\/strong> finans kurulu\u015flar\u0131n\u0131n rol\u00fc ve sorumlulu\u011funun bilincinde olarak m\u00fc\u015fterilerinin daha s\u00fcrd\u00fcr\u00fclebilir bir gelece\u011fe ge\u00e7i\u015flerinde yol arkada\u015fl\u0131\u011f\u0131 yapmay\u0131 hedefliyor.<\/p>\n<p>Konuya ilgili g\u00f6r\u00fc\u015flerini payla\u015fan <strong>Garanti BBVA Genel M\u00fcd\u00fcr\u00fc Recep Ba\u015ftu\u011f<\/strong> <em>\u201cGaranti BBVA olarak <strong>iklim kriziyle m\u00fccadelede<\/strong> finans sekt\u00f6r\u00fcne \u00f6nemli g\u00f6revler d\u00fc\u015ft\u00fc\u011f\u00fcn\u00fcn bilincindeyiz. 17 y\u0131l\u0131 a\u015fk\u0131n s\u00fcredir faaliyetlerimizi s\u00fcrd\u00fcr\u00fclebilirlik ekseninde \u015fekillendiriyor, iklim de\u011fi\u015fikli\u011fiyle m\u00fccadele i\u00e7in de \u00f6nemli ad\u0131mlar at\u0131yoruz. Bu kapsamda <strong>T\u00fcrkiye&#8217;de Birle\u015fmi\u015f Milletler Net S\u0131f\u0131r Bankac\u0131l\u0131k Birli\u011fi&#8217;ne<\/strong> kat\u0131lan ayn\u0131 zamanda<strong> k\u00f6m\u00fcrden \u00e7\u0131k\u0131\u015f taahh\u00fcd\u00fc<\/strong> veren ilk banka olduk. 2050 y\u0131l\u0131 taahh\u00fctlerimizi yerine getirmek i\u00e7in \u00e7al\u0131\u015fmalar\u0131m\u0131za devam ediyoruz. Bunun i\u00e7in elimizdeki verileri g\u00f6zden ge\u00e7iriyor, <strong>karbonsuzla\u015fma hedefimiz<\/strong> kapsam\u0131nda bulundu\u011fumuz yeri ve ula\u015fmak istedi\u011fimiz hedefe hangi mesafede oldu\u011fumuzu d\u00fczenli olarak<strong> analiz<\/strong> ve<strong> takip<\/strong> ediyoruz. Taahh\u00fct etti\u011fimiz <strong>net s\u0131f\u0131r hedefine<\/strong> ula\u015fmak i\u00e7in <strong>karbon yo\u011fun sekt\u00f6rler<\/strong> \u00f6zelinde 2030 y\u0131l\u0131 ara d\u00f6nem hedeflerimizi planlad\u0131k. <strong>PACTA metodolojisi<\/strong> kapsam\u0131nda belirledi\u011fimiz hedeflerle m\u00fc\u015fterilerimizin karbonsuzla\u015fma s\u00fcre\u00e7lerindeki geli\u015fimlerini takip ediyor, bu yolda yeni teknolojiler ve \u00fcretim metotlar\u0131na yapacaklar\u0131 yat\u0131r\u0131mlara y\u00f6nelik <strong>finansal destekler<\/strong> sunuyoruz. <strong>Karbonsuzla\u015fma<\/strong> hedefleriyle uyumlu m\u00fc\u015fterilerde risk a\u011f\u0131rl\u0131\u011f\u0131n\u0131 art\u0131rarak<strong> kredi portf\u00f6y\u00fcndeki ge\u00e7i\u015f risklerini<\/strong> azaltmak ve buna ilaveten <strong>\u00e7evresel<\/strong> ve <strong>sosyal performans a\u00e7\u0131klamalar\u0131na<\/strong> y\u00f6nelik \u015feffafl\u0131k taahh\u00fcd\u00fcm\u00fcz\u00fc yerine getirmek en \u00f6nemli ama\u00e7lar\u0131m\u0131z aras\u0131nda yer al\u0131yor.\u201d<\/em> dedi.<\/p>","protected":false},"excerpt":{"rendered":"<p>Sorry, this entry is only available in Turkish. For the sake of viewer convenience, the content is shown below in the alternative language. You may click the link to switch the active language. Garanti BBVA, Net S\u0131f\u0131r Bankac\u0131l\u0131k Birli\u011fi taahh\u00fctleri do\u011frultusunda 2030 y\u0131l\u0131 ara d\u00f6nem karbonsuzla\u015fma hedeflerini a\u00e7\u0131klad\u0131. 2021 y\u0131l\u0131nda Net S\u0131f\u0131r Bankac\u0131l\u0131k Birli\u011fi\u2019ne T\u00fcrkiye\u2019den [&hellip;]<\/p>\n","protected":false},"author":1,"featured_media":172980,"comment_status":"open","ping_status":"open","sticky":false,"template":"","format":"standard","meta":[],"categories":[53,52],"tags":[108885,52480,4531,31929,102483,95952,63101],"views":41,"_links":{"self":[{"href":"https:\/\/www.enerjigazetesi.ist\/en\/wp-json\/wp\/v2\/posts\/172976"}],"collection":[{"href":"https:\/\/www.enerjigazetesi.ist\/en\/wp-json\/wp\/v2\/posts"}],"about":[{"href":"https:\/\/www.enerjigazetesi.ist\/en\/wp-json\/wp\/v2\/types\/post"}],"author":[{"embeddable":true,"href":"https:\/\/www.enerjigazetesi.ist\/en\/wp-json\/wp\/v2\/users\/1"}],"replies":[{"embeddable":true,"href":"https:\/\/www.enerjigazetesi.ist\/en\/wp-json\/wp\/v2\/comments?post=172976"}],"version-history":[{"count":0,"href":"https:\/\/www.enerjigazetesi.ist\/en\/wp-json\/wp\/v2\/posts\/172976\/revisions"}],"wp:featuredmedia":[{"embeddable":true,"href":"https:\/\/www.enerjigazetesi.ist\/en\/wp-json\/wp\/v2\/media\/172980"}],"wp:attachment":[{"href":"https:\/\/www.enerjigazetesi.ist\/en\/wp-json\/wp\/v2\/media?parent=172976"}],"wp:term":[{"taxonomy":"category","embeddable":true,"href":"https:\/\/www.enerjigazetesi.ist\/en\/wp-json\/wp\/v2\/categories?post=172976"},{"taxonomy":"post_tag","embeddable":true,"href":"https:\/\/www.enerjigazetesi.ist\/en\/wp-json\/wp\/v2\/tags?post=172976"}],"curies":[{"name":"wp","href":"https:\/\/api.w.org\/{rel}","templated":true}]}}