{"id":172964,"date":"2023-04-14T10:18:13","date_gmt":"2023-04-14T07:18:13","guid":{"rendered":"https:\/\/www.enerjigazetesi.ist\/?p=172964"},"modified":"2023-04-14T10:22:37","modified_gmt":"2023-04-14T07:22:37","slug":"eski-catilar-bu-bahar-izocam-tekiz-yalitimli-cati-panelleri-ile-yenileniyor","status":"publish","type":"post","link":"https:\/\/www.enerjigazetesi.ist\/en\/eski-catilar-bu-bahar-izocam-tekiz-yalitimli-cati-panelleri-ile-yenileniyor\/","title":{"rendered":"(Turkish) Eski \u00c7at\u0131lar Bu Bahar &#8216;\u0130zocam Tekiz&#8217; Yal\u0131t\u0131ml\u0131 \u00c7at\u0131 Panelleri ile Yenileniyor"},"content":{"rendered":"<p class=\"qtranxs-available-languages-message qtranxs-available-languages-message-en\">Sorry, this entry is only available in <a href=\"https:\/\/www.enerjigazetesi.ist\/tr\/wp-json\/wp\/v2\/posts\/172964\" class=\"qtranxs-available-language-link qtranxs-available-language-link-tr\" title=\"Turkish\">Turkish<\/a>. For the sake of viewer convenience, the content is shown below in the alternative language. You may click the link to switch the active language.<\/p><p><\/p>\n<h2><strong>Ya\u011fmurlar\u0131n bolca ya\u011fd\u0131\u011f\u0131 bu g\u00fcnlerde ak\u0131tan eski \u00e7at\u0131lar hem maddi hem de sa\u011fl\u0131k a\u00e7\u0131s\u0131ndan \u00f6nemli problemlere yol a\u00e7\u0131yor. Bina sahipleri \u00e7at\u0131lar\u0131n\u0131 yenilemek i\u00e7in ya\u011fmurlar\u0131n dindi\u011fi bahar ve yaz aylar\u0131n\u0131 bekliyor. Sanayi ve depo yap\u0131lar\u0131 i\u00e7in uzun \u00f6m\u00fcrl\u00fc ve g\u00fcvenli bir se\u00e7enek olan \u0130zocam Tekiz yal\u0131t\u0131ml\u0131 \u00e7at\u0131 panelleri, \u00e7at\u0131larda \u0131s\u0131 ve ses yal\u0131t\u0131m\u0131 ile y\u00fcksek yang\u0131n dayan\u0131m\u0131 sa\u011fl\u0131yor.<\/strong><\/h2>\n<p>Ya\u011fmurlar\u0131n bolca ya\u011fd\u0131\u011f\u0131 bu g\u00fcnlerde eski \u00e7at\u0131lardaki istenmeyen su s\u0131z\u0131nt\u0131lar\u0131 ka\u00e7\u0131n\u0131lmaz son olarak kar\u015f\u0131m\u0131za \u00e7\u0131k\u0131yor. Ak\u0131tan \u00e7at\u0131lar, binalara zarar vererek hem maddi hem de sa\u011fl\u0131k a\u00e7\u0131s\u0131ndan b\u00fcy\u00fck problemlere yol a\u00e7abiliyor. Tavandan s\u0131zan ya\u011fmur sular\u0131, duvarlara, s\u0131valara, zemin kaplamalar\u0131na, <img loading=\"lazy\" class=\"alignright wp-image-172968\" src=\"https:\/\/www.enerjigazetesi.ist\/wp-content\/uploads\/2023\/04\/eski-catilar-bu-bahar-izocam-tekiz-yalitimli-cati-panelleri-ile-yenileniyor-2-1024x608.jpg\" alt=\"\" width=\"320\" height=\"190\" srcset=\"https:\/\/www.enerjigazetesi.ist\/wp-content\/uploads\/2023\/04\/eski-catilar-bu-bahar-izocam-tekiz-yalitimli-cati-panelleri-ile-yenileniyor-2-1024x608.jpg 1024w, https:\/\/www.enerjigazetesi.ist\/wp-content\/uploads\/2023\/04\/eski-catilar-bu-bahar-izocam-tekiz-yalitimli-cati-panelleri-ile-yenileniyor-2-300x178.jpg 300w, https:\/\/www.enerjigazetesi.ist\/wp-content\/uploads\/2023\/04\/eski-catilar-bu-bahar-izocam-tekiz-yalitimli-cati-panelleri-ile-yenileniyor-2-768x456.jpg 768w, https:\/\/www.enerjigazetesi.ist\/wp-content\/uploads\/2023\/04\/eski-catilar-bu-bahar-izocam-tekiz-yalitimli-cati-panelleri-ile-yenileniyor-2-500x297.jpg 500w, https:\/\/www.enerjigazetesi.ist\/wp-content\/uploads\/2023\/04\/eski-catilar-bu-bahar-izocam-tekiz-yalitimli-cati-panelleri-ile-yenileniyor-2-80x48.jpg 80w, https:\/\/www.enerjigazetesi.ist\/wp-content\/uploads\/2023\/04\/eski-catilar-bu-bahar-izocam-tekiz-yalitimli-cati-panelleri-ile-yenileniyor-2.jpg 1044w\" sizes=\"(max-width: 320px) 100vw, 320px\" \/>ekipmanlara ve depolarda stoklanan \u00fcr\u00fcnlere zarar veriyor. Bina sahipleri ak\u0131tan \u00e7at\u0131lar\u0131n\u0131 yenilemek i\u00e7in ya\u011fmurlar\u0131n dindi\u011fi bahar ve yaz aylar\u0131n\u0131 bekliyor. D\u00f6rt farkl\u0131 <strong>yal\u0131t\u0131ml\u0131 \u00e7at\u0131 paneli se\u00e7ene\u011fi<\/strong> ile \u00e7at\u0131larda <strong>\u0131s\u0131<\/strong> ve<strong> ses yal\u0131t\u0131m\u0131<\/strong> ile <strong>y\u00fcksek yang\u0131n dayan\u0131m\u0131<\/strong> sa\u011flayan \u0130zocam Tekiz, antrepo, depo ve sanayi yap\u0131lar\u0131 dahil olmak \u00fczere, yeni ve eski t\u00fcm metal binalar\u0131n \u00e7at\u0131lar\u0131 i\u00e7in g\u00fcvenli ve uzun \u00f6m\u00fcrl\u00fc \u00e7\u00f6z\u00fcmler sunuyor. \u0130zocam Tekiz \u00e7at\u0131 panelleri, <strong>\u00fcst\u00fcn yal\u0131t\u0131m<\/strong> ve<strong> koruma \u00f6zellikleri<\/strong> ile yang\u0131n g\u00fcvenli\u011finin yan\u0131 s\u0131ra <strong>binalar\u0131n enerji tasarrufuna da<\/strong> \u00f6nemli oranda<strong> katk\u0131 sa\u011fl\u0131yor.<\/strong><\/p>\n<p>T\u00fcrkiye&#8217;nin en b\u00fcy\u00fck yal\u0131t\u0131m \u00fcreticisi \u0130zocam&#8217;\u0131n yal\u0131t\u0131ml\u0131 panel ve sac i\u015fleme markas\u0131 olan \u0130zocam Tekiz; \u00fcr\u00fcn gam\u0131 i\u00e7erisinde yer alan <strong>Poli\u00fcretan, PIR<\/strong> ve<strong> ta\u015fy\u00fcn\u00fc dolgulu Yal\u0131t\u0131ml\u0131 \u00c7at\u0131 Panel se\u00e7enekleri<\/strong> ile \u00e7at\u0131lar\u0131 koruma alt\u0131na al\u0131yor. Formland\u0131r\u0131lm\u0131\u015f iki metal aras\u0131nda veya <strong>bir y\u00fczeyi formland\u0131r\u0131lm\u0131\u015f metal<\/strong> iken di\u011fer y\u00fczeyi<strong> su yal\u0131t\u0131m membran\u0131 kapl\u0131<\/strong>, arada yal\u0131t\u0131m \u00e7ekirde\u011fi bulunan yal\u0131t\u0131ml\u0131 panellerden olu\u015fan \u0130zocam Tekiz \u00e7at\u0131 panelleri,<strong> \u0131s\u0131, ses ve yang\u0131n yal\u0131t\u0131m\u0131<\/strong> ihtiyac\u0131 bulunan \u00e7at\u0131lara h\u0131zl\u0131ca uygulan\u0131yor.<\/p>\n<p><strong>\u0130zocam Tekiz Poli\u00fcretan\/PIR Yal\u0131t\u0131ml\u0131 \u00c7at\u0131 Paneli<\/strong>, e\u011fimi<strong> y\u00fczde 10<\/strong>\u2019dan y\u00fcksek olan \u00e7at\u0131larda<strong> \u0131s\u0131 ve su yal\u0131t\u0131m\u0131<\/strong> i\u00e7in tercih ediliyor. Her iki y\u00fcz\u00fc \u00e7elik sac kapl\u0131 poli\u00fcretan\/PIR \u00f6zelli\u011findeki Poli\u00fcretan\/PIR Yal\u0131t\u0131ml\u0131 \u00c7at\u0131 Paneli, di\u011fer t\u00fcm \u0130zocam Tekiz \u00fcr\u00fcnleri gibi Avrupa sandvi\u00e7 panel standard\u0131 olan <strong>TS EN 14509\u2019a<\/strong> uyumlu olarak \u00fcretiliyor.<\/p>\n<p>\u0130zocam Tekiz Ta\u015fy\u00fcn\u00fc Yal\u0131t\u0131ml\u0131 \u00c7at\u0131 Paneli de e\u011fimi y\u00fczde 10\u2019dan y\u00fcksek \u00e7at\u0131larda y\u00fcksek yang\u0131n dayan\u0131m\u0131, \u0131s\u0131, ses ve su yal\u0131t\u0131m\u0131 sa\u011fl\u0131yor. Her iki y\u00fcz\u00fc <strong>\u00e7elik sac kapl\u0131<\/strong>, mineral y\u00fcn yal\u0131t\u0131ml\u0131 olan <strong>\u0130zocam Tekiz Ta\u015fy\u00fcn\u00fc Yal\u0131t\u0131ml\u0131 \u00c7at\u0131 Paneli<\/strong>\u2019nin, <strong>Efectis Era Avrasya Test<\/strong> ve <strong>Belgelendirme A.\u015e.<\/strong> taraf\u0131ndan ger\u00e7ekle\u015ftirilen testler ile <strong>y\u00fck ta\u015f\u0131ma, b\u00fct\u00fcnl\u00fck ve yal\u0131t\u0131m kriterlerindeki<\/strong> de\u011ferlendirme sonucunda<em> 120 dakika yang\u0131n dayan\u0131ml\u0131<\/em><strong> \u201cREI120\u201d sertifikas\u0131<\/strong> bulunuyor.<\/p>\n<p>E\u011fime ba\u011fl\u0131 olmaks\u0131z\u0131n t\u00fcm \u00e7at\u0131larda \u0131s\u0131 ve su yal\u0131t\u0131m\u0131 ile membranl\u0131 panellerde yang\u0131n g\u00fcvenli\u011fi amac\u0131yla \u00fcretilen \u0130zocam Tekiz Kombi Panel, \u00fcst y\u00fczeyi PVC veya TPO membran kapl\u0131, ta\u015fy\u00fcn\u00fc ve poli\u00fcretan\/PIR \u00f6zelli\u011fi bir arada ta\u015f\u0131yor. Yang\u0131na kar\u015f\u0131 dayan\u0131m\u0131yla<strong> BROOF (t2) s\u0131n\u0131f\u0131nda<\/strong> yer alan <strong>\u0130zocam Tekiz Kombi Panel<\/strong>, uluslararas\u0131 bir risk ve sigorta y\u00f6netimi firmas\u0131 olan FM Global\u2019in ba\u011f\u0131ms\u0131z test kolu taraf\u0131ndan verilen FM sertifikas\u0131n\u0131 da almaya hak kazanarak, T\u00fcrkiye\u2019de \u00fcretilen membranl\u0131 paneller aras\u0131nda <strong>FM sertifikas\u0131na<\/strong> sahip ilk ve tek \u00fcr\u00fcn olma \u00f6zelli\u011fi ta\u015f\u0131yor.<\/p>\n<p>\u00dcst y\u00fczeyi PVC veya TPO membran kapl\u0131, poli\u00fcretan\/PIR yal\u0131t\u0131ml\u0131 \u00e7at\u0131 paneli olan <strong>\u0130zocam Tekiz Fibro Panel<\/strong> ise <strong>e\u011fime ba\u011fl\u0131 olmaks\u0131z\u0131n<\/strong> t\u00fcm \u00e7at\u0131larda <strong>\u0131s\u0131<\/strong> ve <strong>su yal\u0131t\u0131m\u0131<\/strong> i\u00e7in \u00fcretilmi\u015f \u00fcst d\u00fczey bir \u00fcr\u00fcn olarak \u00f6ne \u00e7\u0131k\u0131yor.<\/p>","protected":false},"excerpt":{"rendered":"<p>Sorry, this entry is only available in Turkish. For the sake of viewer convenience, the content is shown below in the alternative language. You may click the link to switch the active language. Ya\u011fmurlar\u0131n bolca ya\u011fd\u0131\u011f\u0131 bu g\u00fcnlerde ak\u0131tan eski \u00e7at\u0131lar hem maddi hem de sa\u011fl\u0131k a\u00e7\u0131s\u0131ndan \u00f6nemli problemlere yol a\u00e7\u0131yor. Bina sahipleri \u00e7at\u0131lar\u0131n\u0131 yenilemek [&hellip;]<\/p>\n","protected":false},"author":1,"featured_media":172967,"comment_status":"open","ping_status":"open","sticky":false,"template":"","format":"standard","meta":[],"categories":[53,52],"tags":[52577,108881,108883,55115,108882],"views":35,"_links":{"self":[{"href":"https:\/\/www.enerjigazetesi.ist\/en\/wp-json\/wp\/v2\/posts\/172964"}],"collection":[{"href":"https:\/\/www.enerjigazetesi.ist\/en\/wp-json\/wp\/v2\/posts"}],"about":[{"href":"https:\/\/www.enerjigazetesi.ist\/en\/wp-json\/wp\/v2\/types\/post"}],"author":[{"embeddable":true,"href":"https:\/\/www.enerjigazetesi.ist\/en\/wp-json\/wp\/v2\/users\/1"}],"replies":[{"embeddable":true,"href":"https:\/\/www.enerjigazetesi.ist\/en\/wp-json\/wp\/v2\/comments?post=172964"}],"version-history":[{"count":1,"href":"https:\/\/www.enerjigazetesi.ist\/en\/wp-json\/wp\/v2\/posts\/172964\/revisions"}],"predecessor-version":[{"id":172965,"href":"https:\/\/www.enerjigazetesi.ist\/en\/wp-json\/wp\/v2\/posts\/172964\/revisions\/172965"}],"wp:featuredmedia":[{"embeddable":true,"href":"https:\/\/www.enerjigazetesi.ist\/en\/wp-json\/wp\/v2\/media\/172967"}],"wp:attachment":[{"href":"https:\/\/www.enerjigazetesi.ist\/en\/wp-json\/wp\/v2\/media?parent=172964"}],"wp:term":[{"taxonomy":"category","embeddable":true,"href":"https:\/\/www.enerjigazetesi.ist\/en\/wp-json\/wp\/v2\/categories?post=172964"},{"taxonomy":"post_tag","embeddable":true,"href":"https:\/\/www.enerjigazetesi.ist\/en\/wp-json\/wp\/v2\/tags?post=172964"}],"curies":[{"name":"wp","href":"https:\/\/api.w.org\/{rel}","templated":true}]}}