{"id":172904,"date":"2023-04-13T11:26:29","date_gmt":"2023-04-13T08:26:29","guid":{"rendered":"https:\/\/www.enerjigazetesi.ist\/?p=172904"},"modified":"2023-04-13T11:38:18","modified_gmt":"2023-04-13T08:38:18","slug":"almanya-2030a-kadar-enerji-tuketimini-yuzde-26-5-azaltmayi-planliyor","status":"publish","type":"post","link":"https:\/\/www.enerjigazetesi.ist\/en\/almanya-2030a-kadar-enerji-tuketimini-yuzde-26-5-azaltmayi-planliyor\/","title":{"rendered":"(Turkish) &#8217;Almanya&#8217; 2030\u2019a Kadar Enerji T\u00fcketimini % 26,5 Azaltmay\u0131 Planl\u0131yor"},"content":{"rendered":"<p class=\"qtranxs-available-languages-message qtranxs-available-languages-message-en\">Sorry, this entry is only available in <a href=\"https:\/\/www.enerjigazetesi.ist\/tr\/wp-json\/wp\/v2\/posts\/172904\" class=\"qtranxs-available-language-link qtranxs-available-language-link-tr\" title=\"Turkish\">Turkish<\/a>. For the sake of viewer convenience, the content is shown below in the alternative language. You may click the link to switch the active language.<\/p><p><\/p>\n<h2>Almanya, 2008 y\u0131l\u0131na k\u0131yasla 2030 y\u0131l\u0131na kadar enerji t\u00fcketimini % 26,5 oran\u0131nda azaltmay\u0131 hedefliyor. \u00dclkenin iktidar koalisyonu taraf\u0131ndan haz\u0131rlanan bir yasa tasla\u011f\u0131nda ortaya konan plan hem \u00f6zel sekt\u00f6r hem de kamu sekt\u00f6r\u00fc i\u00e7in ge\u00e7erli. \u00dclke, Rusya yapt\u0131r\u0131mlar\u0131n\u0131n Avrupa&#8217;y\u0131 bir enerji krizine s\u00fcr\u00fcklemesinin ard\u0131ndan ge\u00e7en y\u0131ldan bu yana daha iddial\u0131 enerji tasarrufu \u00f6nlemlerini zorluyor.<\/h2>\n<p>Ge\u00e7en y\u0131l Avrupa Birli\u011fi, Ukrayna&#8217;n\u0131n i\u015fgaline tepki olarak <strong>Rusya<\/strong>&#8216;n\u0131n <strong>petrol<\/strong> ve <strong>do\u011fal gaz ithalat\u0131na<\/strong> <strong>yapt\u0131r\u0131mlar<\/strong> getirdi. Bu, Avrupa&#8217;n\u0131n bir\u00e7ok \u00fclkesinde<strong> elektrik kesintisi korkusuna<\/strong> yol a\u00e7t\u0131. \u00dclkeler, yenilenebilir enerji \u00fcretimini art\u0131rman\u0131n yan\u0131 s\u0131ra, <strong>k\u0131tl\u0131\u011f\u0131 \u00f6nlemek<\/strong> i\u00e7in <strong>enerji tasarrufu <img loading=\"lazy\" class=\"alignright wp-image-172906\" src=\"https:\/\/www.enerjigazetesi.ist\/wp-content\/uploads\/2023\/04\/almanya-2030a-kadar-enerji-tuketimini-265-azaltmayi-planliyor.jpg\" alt=\"\" width=\"320\" height=\"209\" srcset=\"https:\/\/www.enerjigazetesi.ist\/wp-content\/uploads\/2023\/04\/almanya-2030a-kadar-enerji-tuketimini-265-azaltmayi-planliyor.jpg 550w, https:\/\/www.enerjigazetesi.ist\/wp-content\/uploads\/2023\/04\/almanya-2030a-kadar-enerji-tuketimini-265-azaltmayi-planliyor-300x196.jpg 300w, https:\/\/www.enerjigazetesi.ist\/wp-content\/uploads\/2023\/04\/almanya-2030a-kadar-enerji-tuketimini-265-azaltmayi-planliyor-500x327.jpg 500w, https:\/\/www.enerjigazetesi.ist\/wp-content\/uploads\/2023\/04\/almanya-2030a-kadar-enerji-tuketimini-265-azaltmayi-planliyor-76x50.jpg 76w\" sizes=\"(max-width: 320px) 100vw, 320px\" \/>\u00f6nlemlerini<\/strong> uygulamaya koydu.<\/p>\n<p>Bir h\u00fck\u00fcmet kampanyas\u0131, Almanlar\u0131 k\u0131\u015f\u0131n enerji kullan\u0131m\u0131n\u0131 <strong>% 20<\/strong> oran\u0131nda azaltmaya \u00e7a\u011f\u0131rd\u0131. \u00dclkede \u00f6zel y\u00fczme havuzlar\u0131n\u0131n \u0131s\u0131t\u0131lmas\u0131 yasakland\u0131 ve insanlar evden \u00e7al\u0131\u015fmaya te\u015fvik edildi. Krizden \u00f6nce, <strong>2008<\/strong> ile<strong> 2020<\/strong> aras\u0131nda, Almanya&#8217;n\u0131n<strong> enerji tasarrufu<\/strong> <strong>% 6&#8242;<\/strong>n\u0131n alt\u0131ndayd\u0131. Bu ay, Alman kabinesi daha da fazla enerji tasarrufu gerektiren yeni bir yasa \u00e7\u0131karacak. Kanun tasla\u011f\u0131na g\u00f6re, kamu ve \u00f6zel sekt\u00f6r\u00fcn enerji t\u00fcketimini on y\u0131l\u0131n sonuna kadar 2008 seviyelerine g\u00f6re<strong> y\u00fczde 26,5<\/strong> oran\u0131nda k\u0131smas\u0131 zorunlu olacak. Belirli bir miktarda enerji kullanan \u015firketlerin, t\u00fcketimi uzun vadede planlamak i\u00e7in <strong>&#8220;enerji y\u00f6netim sistemlerini&#8221;<\/strong> kullanmalar\u0131 gerekecek.<\/p>\n<p>Almanya h\u00fck\u00fcmeti y\u0131lda 45 terawatt saat (TWh) tasarruf yapmay\u0131 hedefliyor. Federal eyaletler, Almanya&#8217;n\u0131n 2045 y\u0131l\u0131na kadar net s\u0131f\u0131r hedefine ula\u015fmak i\u00e7in toplu olarak y\u0131lda 5 TWh kesinti yapmas\u0131 gerekti\u011fini d\u00fc\u015f\u00fcn\u00fcyor.<\/p>\n<p>Yasa tasla\u011f\u0131 ayr\u0131ca 2040&#8217;a kadar y\u00fczde 39 ve 2045&#8217;e kadar y\u00fczde 45&#8217;lik ba\u011flay\u0131c\u0131 olmayan azaltma hedefleri koyuyor.<\/p>\n<p>Kaynak: <a href=\"https:\/\/www.euronews.com\/green\/2023\/04\/04\/germany-plans-to-curb-private-and-public-sector-energy-consumption-by-265-per-cent-by-2030\" target=\"_blank\" rel=\"noopener\">Euronews<\/a> &#8211; Yay\u0131na Haz\u0131rlayan: <a href=\"https:\/\/www.elder.org.tr\/ebulten\/bulten415.html#haber7\" target=\"_blank\" rel=\"noopener\">Elder &#8211; E-B\u00fclten Nisan 2023<\/a><\/p>","protected":false},"excerpt":{"rendered":"<p>Sorry, this entry is only available in Turkish. For the sake of viewer convenience, the content is shown below in the alternative language. You may click the link to switch the active language. Almanya, 2008 y\u0131l\u0131na k\u0131yasla 2030 y\u0131l\u0131na kadar enerji t\u00fcketimini % 26,5 oran\u0131nda azaltmay\u0131 hedefliyor. \u00dclkenin iktidar koalisyonu taraf\u0131ndan haz\u0131rlanan bir yasa tasla\u011f\u0131nda [&hellip;]<\/p>\n","protected":false},"author":1,"featured_media":172906,"comment_status":"open","ping_status":"open","sticky":false,"template":"","format":"standard","meta":[],"categories":[51,53],"tags":[929,104791],"views":43,"_links":{"self":[{"href":"https:\/\/www.enerjigazetesi.ist\/en\/wp-json\/wp\/v2\/posts\/172904"}],"collection":[{"href":"https:\/\/www.enerjigazetesi.ist\/en\/wp-json\/wp\/v2\/posts"}],"about":[{"href":"https:\/\/www.enerjigazetesi.ist\/en\/wp-json\/wp\/v2\/types\/post"}],"author":[{"embeddable":true,"href":"https:\/\/www.enerjigazetesi.ist\/en\/wp-json\/wp\/v2\/users\/1"}],"replies":[{"embeddable":true,"href":"https:\/\/www.enerjigazetesi.ist\/en\/wp-json\/wp\/v2\/comments?post=172904"}],"version-history":[{"count":1,"href":"https:\/\/www.enerjigazetesi.ist\/en\/wp-json\/wp\/v2\/posts\/172904\/revisions"}],"predecessor-version":[{"id":172905,"href":"https:\/\/www.enerjigazetesi.ist\/en\/wp-json\/wp\/v2\/posts\/172904\/revisions\/172905"}],"wp:featuredmedia":[{"embeddable":true,"href":"https:\/\/www.enerjigazetesi.ist\/en\/wp-json\/wp\/v2\/media\/172906"}],"wp:attachment":[{"href":"https:\/\/www.enerjigazetesi.ist\/en\/wp-json\/wp\/v2\/media?parent=172904"}],"wp:term":[{"taxonomy":"category","embeddable":true,"href":"https:\/\/www.enerjigazetesi.ist\/en\/wp-json\/wp\/v2\/categories?post=172904"},{"taxonomy":"post_tag","embeddable":true,"href":"https:\/\/www.enerjigazetesi.ist\/en\/wp-json\/wp\/v2\/tags?post=172904"}],"curies":[{"name":"wp","href":"https:\/\/api.w.org\/{rel}","templated":true}]}}