{"id":172790,"date":"2023-04-11T13:25:38","date_gmt":"2023-04-11T10:25:38","guid":{"rendered":"https:\/\/www.enerjigazetesi.ist\/?p=172790"},"modified":"2023-04-11T13:26:24","modified_gmt":"2023-04-11T10:26:24","slug":"surdurulebilir-sirketler-ile-is-birligi-yapan-oedasa-cdpden-tam-not","status":"publish","type":"post","link":"https:\/\/www.enerjigazetesi.ist\/en\/surdurulebilir-sirketler-ile-is-birligi-yapan-oedasa-cdpden-tam-not\/","title":{"rendered":"(Turkish) S\u00fcrd\u00fcr\u00fclebilir \u015eirketler ile \u0130\u015f Birli\u011fi Yapan OEDA\u015e\u2019a CDP\u2019den Tam Not"},"content":{"rendered":"<p class=\"qtranxs-available-languages-message qtranxs-available-languages-message-en\">Sorry, this entry is only available in <a href=\"https:\/\/www.enerjigazetesi.ist\/tr\/wp-json\/wp\/v2\/posts\/172790\" class=\"qtranxs-available-language-link qtranxs-available-language-link-tr\" title=\"Turkish\">Turkish<\/a>. For the sake of viewer convenience, the content is shown below in the alternative language. You may click the link to switch the active language.<\/p><p><\/p>\n<h2><strong>S\u00fcrd\u00fcr\u00fclebilirlik hedefleri do\u011frultusunda tedarik zincirindeki t\u00fcm payda\u015flar\u0131n\u0131n \u00e7evresel, sosyal ve y\u00f6neti\u015fim dengelerini g\u00f6zeten elektrik da\u011f\u0131t\u0131m \u015firketi OEDA\u015e, CDP\u2019nin <\/strong><strong>Tedarik\u00e7i \u0130li\u015fkileri Derecelendirmesi (SER) program\u0131n\u0131n 2022 y\u0131l\u0131 de\u011ferlendirmesinde bir \u00f6nceki y\u0131lki skorunu koruyarak, A derecesini yineledi. Elektrik da\u011f\u0131t\u0131m sekt\u00f6r\u00fcnde A derecesine sahip tek \u015firket unvan\u0131n\u0131 da koruyan OEDA\u015e ayn\u0131 zamanda SER\u2019de bu skoru elde eden 19 T\u00fcrk \u015firketi aras\u0131nda yer ald\u0131. <\/strong><\/h2>\n<p>Faaliyet ve yat\u0131r\u0131mlar\u0131yla s\u00fcrd\u00fcr\u00fclebilir de\u011fer yaratmay\u0131 ama\u00e7 edinen elektrik da\u011f\u0131t\u0131m \u015firketi <strong>Osmangazi Elektrik Da\u011f\u0131t\u0131m A\u015e (OEDA\u015e)<\/strong>, ba\u015fta tedarik\u00e7ileri ve ta\u015feronlar\u0131 olmak \u00fczere t\u00fcm payda\u015flar\u0131n\u0131n <strong>\u00e7evresel, sosyal<\/strong> ve <strong>y\u00f6neti\u015fim dengelerini<\/strong> g\u00f6zetmesini dikkate al\u0131yor. Bu kapsamda payda\u015flar\u0131 ile i\u015f birli\u011fi yap\u0131p projeler geli\u015ftiren OEDA\u015e, k\u00e2r amac\u0131 g\u00fctmeyen Londra merkezli uluslararas\u0131 bir kurulu\u015f olan <strong>CDP (Carbon Disclosure Project)<\/strong> taraf\u0131ndan yap\u0131lan <strong>Tedarik\u00e7i \u0130li\u015fkileri Derecelendirmesi (SER)<\/strong> program\u0131n\u0131n 2022 y\u0131l\u0131 de\u011ferlendirmesinde<strong> A derecesi<\/strong> elde ederek, 2021 y\u0131l\u0131nda ula\u015ft\u0131\u011f\u0131 skoru korudu. Elektrik da\u011f\u0131t\u0131m sekt\u00f6r\u00fcnde <strong>A derecesine<\/strong> <strong>sahip tek \u015firket<\/strong> olan OEDA\u015e ayr\u0131ca <strong>SER\u2019de<\/strong> bu skoru elde eden <strong>19 T\u00fcrk \u015firketi<\/strong> aras\u0131nda yer ald\u0131.<\/p>\n<h3><strong>Muzaffer Yal\u00e7\u0131n: \u201cPayda\u015flar\u0131m\u0131z i\u00e7in rol model olmay\u0131 hedefliyoruz\u201d<\/strong><\/h3>\n<p>S\u00fcrd\u00fcr\u00fclebilirlik stratejileri ve bu kapsamda payda\u015flar\u0131yla olu\u015fturduklar\u0131 ili\u015fki y\u00f6netimi hakk\u0131nda bilgi <img loading=\"lazy\" class=\"alignright wp-image-172795\" src=\"https:\/\/www.enerjigazetesi.ist\/wp-content\/uploads\/2023\/04\/OEDAS-Direktoru-Muzaffer-Yalcin-.jpg\" alt=\"\" width=\"320\" height=\"212\" srcset=\"https:\/\/www.enerjigazetesi.ist\/wp-content\/uploads\/2023\/04\/OEDAS-Direktoru-Muzaffer-Yalcin-.jpg 550w, https:\/\/www.enerjigazetesi.ist\/wp-content\/uploads\/2023\/04\/OEDAS-Direktoru-Muzaffer-Yalcin--300x199.jpg 300w, https:\/\/www.enerjigazetesi.ist\/wp-content\/uploads\/2023\/04\/OEDAS-Direktoru-Muzaffer-Yalcin--500x331.jpg 500w, https:\/\/www.enerjigazetesi.ist\/wp-content\/uploads\/2023\/04\/OEDAS-Direktoru-Muzaffer-Yalcin--76x50.jpg 76w, https:\/\/www.enerjigazetesi.ist\/wp-content\/uploads\/2023\/04\/OEDAS-Direktoru-Muzaffer-Yalcin--450x300.jpg 450w\" sizes=\"(max-width: 320px) 100vw, 320px\" \/>veren <strong>OEDA\u015e Direkt\u00f6r\u00fc Muzaffer Yal\u00e7\u0131n<\/strong>, <em>\u201c\u015eirketimizin s\u00fcrd\u00fcr\u00fclebilirlik stratejisi kapsam\u0131nda operasyonlar\u0131m\u0131z\u0131 y\u00fcr\u00fct\u00fcrken \u00e7evre ve toplumu g\u00f6zetiyor, inovatif ve etik bir i\u015f modeli ile kesintisiz hizmet vermeyi, ak\u0131ll\u0131 \u015febeke yat\u0131r\u0131mlar\u0131yla s\u00fcrd\u00fcr\u00fclebilir de\u011fer yaratmay\u0131 ve etkin enerji y\u00f6netimi prensibi ile b\u00f6lgeye katk\u0131 sunmay\u0131 ama\u00e7l\u0131yoruz. Ancak s\u00fcrd\u00fcr\u00fclebilirlik hedeflerimize ula\u015fmak i\u00e7in tek ba\u015f\u0131m\u0131za hareket etmenin yeterli olmad\u0131\u011f\u0131n\u0131 biliyoruz. Bu yakla\u015f\u0131mla ba\u015fta tedarik\u00e7i ve ta\u015feronlar\u0131m\u0131z olmak \u00fczere t\u00fcm payda\u015flar\u0131m\u0131z i\u00e7in bir rol model olma gayreti ile hareket ediyoruz\u201d<\/em> dedi.<\/p>\n<p><strong>Yal\u00e7\u0131n <\/strong>bu kapsamda yapt\u0131klar\u0131 \u00e7al\u0131\u015fmalar\u0131 \u015fu s\u00f6zlerle anlatt\u0131; <em>\u201cTa\u015feronlar\u0131m\u0131z\u0131n \u00e7evresel, sosyal ve y\u00f6neti\u015fim dengelerini g\u00f6zeterek, insan haklar\u0131na sayg\u0131l\u0131 bir zeminde durmalar\u0131n\u0131, onlarla s\u00fcrd\u00fcr\u00fclebilir bir i\u015f ili\u015fkisi kurman\u0131n \u00f6n ko\u015fulu olarak konumland\u0131r\u0131yoruz. Tedarik\u00e7ilerimizi de <strong>karbon ayak izi konusunda iyile\u015ftirme yapmalar\u0131na<\/strong> y\u00f6nelik te\u015fvik ediyoruz. Ayr\u0131ca sat\u0131n ald\u0131\u011f\u0131m\u0131z \u00fcr\u00fcnlerin <strong>minimum \u00e7evresel etki yaratmas\u0131<\/strong> i\u00e7in projeler geli\u015ftiriyor, yeniden kullan\u0131m ve geri d\u00f6n\u00fc\u015f\u00fcme uygun tasar\u0131mlar planl\u0131yor, geri d\u00f6n\u00fc\u015ft\u00fcr\u00fclm\u00fc\u015f madde kullan\u0131m\u0131n\u0131 art\u0131rma \u00e7al\u0131\u015fmalar\u0131 y\u00fcr\u00fct\u00fcyor ve b\u00f6ylece<strong> t\u00fcm sat\u0131n alma faaliyetlerimizi<\/strong>, <strong>s\u00fcrd\u00fcr\u00fclebilirlik kriterleri<\/strong> ile daha iyiye ta\u015f\u0131yoruz. T\u00fcm bu \u00e7al\u0131\u015fmalar\u0131m\u0131z\u0131n neticesinde <strong>CDP SER\u2019de<\/strong> en y\u00fcksek derece olan<strong> \u2018A\u2019<\/strong> notumuzu korudu\u011fumuz i\u00e7in b\u00fcy\u00fck mutluluk duyuyoruz. Bu alandaki \u00e7al\u0131\u015fmalar\u0131m\u0131za aral\u0131ks\u0131z olarak devam edecek, gelecek nesillere ya\u015fanabilir bir d\u00fcnya b\u0131rakmak i\u00e7in payda\u015flar\u0131m\u0131zla i\u015f birli\u011fimizi s\u00fcrd\u00fcrece\u011fiz.\u201d<\/em><\/p>\n<h3><strong>OEDA\u015e hem tedarik\u00e7i ili\u015fkileri hem de iklim de\u011fi\u015fikli\u011fi derecelendirmesine kat\u0131l\u0131yor<\/strong><\/h3>\n<p>G\u00f6n\u00fcll\u00fc \u015firketlerin <strong>do\u011fal kaynaklar\u0131<\/strong> ve <strong>do\u011fal sermayeyi<\/strong> nas\u0131l kulland\u0131klar\u0131n\u0131, faaliyetleriyle s\u0131n\u0131rl\u0131 kaynaklar\u0131n yeniden \u00fcretimini nas\u0131l etkilediklerini ve bu alandaki risklerini nas\u0131l y\u00f6nettiklerini yat\u0131r\u0131mc\u0131lara raporlamalar\u0131na arac\u0131l\u0131k eden<strong> CDP;<\/strong> <strong>tedarik\u00e7i ili\u015fkileri, iklim de\u011fi\u015fikli\u011fi, su g\u00fcvenli\u011fi, ormanlar ve \u015fehirler<\/strong> olmak \u00fczere <strong>toplam 5 programda<\/strong> inceleme yap\u0131yor. OEDA\u015e, tedarik\u00e7i ili\u015fkilerinin yan\u0131 s\u0131ra <strong>iklim de\u011fi\u015fikli\u011fi program\u0131<\/strong> de\u011ferlendirmesine de kat\u0131lan tek da\u011f\u0131t\u0131m \u015firketi.<\/p>","protected":false},"excerpt":{"rendered":"<p>Sorry, this entry is only available in Turkish. For the sake of viewer convenience, the content is shown below in the alternative language. You may click the link to switch the active language. S\u00fcrd\u00fcr\u00fclebilirlik hedefleri do\u011frultusunda tedarik zincirindeki t\u00fcm payda\u015flar\u0131n\u0131n \u00e7evresel, sosyal ve y\u00f6neti\u015fim dengelerini g\u00f6zeten elektrik da\u011f\u0131t\u0131m \u015firketi OEDA\u015e, CDP\u2019nin Tedarik\u00e7i \u0130li\u015fkileri Derecelendirmesi (SER) [&hellip;]<\/p>\n","protected":false},"author":1,"featured_media":172796,"comment_status":"open","ping_status":"open","sticky":false,"template":"","format":"standard","meta":[],"categories":[53],"tags":[10743,66779,15016,4257,1999,9749,108842,61617,67009,108841,108840],"views":36,"_links":{"self":[{"href":"https:\/\/www.enerjigazetesi.ist\/en\/wp-json\/wp\/v2\/posts\/172790"}],"collection":[{"href":"https:\/\/www.enerjigazetesi.ist\/en\/wp-json\/wp\/v2\/posts"}],"about":[{"href":"https:\/\/www.enerjigazetesi.ist\/en\/wp-json\/wp\/v2\/types\/post"}],"author":[{"embeddable":true,"href":"https:\/\/www.enerjigazetesi.ist\/en\/wp-json\/wp\/v2\/users\/1"}],"replies":[{"embeddable":true,"href":"https:\/\/www.enerjigazetesi.ist\/en\/wp-json\/wp\/v2\/comments?post=172790"}],"version-history":[{"count":1,"href":"https:\/\/www.enerjigazetesi.ist\/en\/wp-json\/wp\/v2\/posts\/172790\/revisions"}],"predecessor-version":[{"id":172791,"href":"https:\/\/www.enerjigazetesi.ist\/en\/wp-json\/wp\/v2\/posts\/172790\/revisions\/172791"}],"wp:featuredmedia":[{"embeddable":true,"href":"https:\/\/www.enerjigazetesi.ist\/en\/wp-json\/wp\/v2\/media\/172796"}],"wp:attachment":[{"href":"https:\/\/www.enerjigazetesi.ist\/en\/wp-json\/wp\/v2\/media?parent=172790"}],"wp:term":[{"taxonomy":"category","embeddable":true,"href":"https:\/\/www.enerjigazetesi.ist\/en\/wp-json\/wp\/v2\/categories?post=172790"},{"taxonomy":"post_tag","embeddable":true,"href":"https:\/\/www.enerjigazetesi.ist\/en\/wp-json\/wp\/v2\/tags?post=172790"}],"curies":[{"name":"wp","href":"https:\/\/api.w.org\/{rel}","templated":true}]}}