{"id":172709,"date":"2023-04-10T14:09:34","date_gmt":"2023-04-10T11:09:34","guid":{"rendered":"https:\/\/www.enerjigazetesi.ist\/?p=172709"},"modified":"2023-04-10T14:16:23","modified_gmt":"2023-04-10T11:16:23","slug":"ceva-lojistik-tesislerinde-dusuk-karbonlu-elektrik-tuketmeye-basladi","status":"publish","type":"post","link":"https:\/\/www.enerjigazetesi.ist\/en\/ceva-lojistik-tesislerinde-dusuk-karbonlu-elektrik-tuketmeye-basladi\/","title":{"rendered":"(Turkish) Ceva Lojistik Tesisleri D\u00fc\u015f\u00fck Karbonlu Elektrik T\u00fcketmeye Ba\u015flad\u0131"},"content":{"rendered":"<p class=\"qtranxs-available-languages-message qtranxs-available-languages-message-en\">Sorry, this entry is only available in <a href=\"https:\/\/www.enerjigazetesi.ist\/tr\/wp-json\/wp\/v2\/posts\/172709\" class=\"qtranxs-available-language-link qtranxs-available-language-link-tr\" title=\"Turkish\">Turkish<\/a>. For the sake of viewer convenience, the content is shown below in the alternative language. You may click the link to switch the active language.<\/p><p><\/p>\n<h2>Ceva Lojistik, 2022\u2019den bu yana enerji verimlili\u011fi konusundaki uygulamalar\u0131n\u0131 2025\u2019e kadar tamamlayarak tamamen d\u00fc\u015f\u00fck karbonlu elektrik t\u00fcketimi altyap\u0131s\u0131na ge\u00e7mi\u015f olacak.<\/h2>\n<p><img loading=\"lazy\" class=\"alignright wp-image-172713\" src=\"https:\/\/www.enerjigazetesi.ist\/wp-content\/uploads\/2023\/04\/ceva-lojistik-tesislerinde-dusuk-karbonlu-elektrik-tuketecek-2.jpg\" alt=\"\" width=\"320\" height=\"234\" srcset=\"https:\/\/www.enerjigazetesi.ist\/wp-content\/uploads\/2023\/04\/ceva-lojistik-tesislerinde-dusuk-karbonlu-elektrik-tuketecek-2.jpg 550w, https:\/\/www.enerjigazetesi.ist\/wp-content\/uploads\/2023\/04\/ceva-lojistik-tesislerinde-dusuk-karbonlu-elektrik-tuketecek-2-300x219.jpg 300w, https:\/\/www.enerjigazetesi.ist\/wp-content\/uploads\/2023\/04\/ceva-lojistik-tesislerinde-dusuk-karbonlu-elektrik-tuketecek-2-500x365.jpg 500w, https:\/\/www.enerjigazetesi.ist\/wp-content\/uploads\/2023\/04\/ceva-lojistik-tesislerinde-dusuk-karbonlu-elektrik-tuketecek-2-68x50.jpg 68w\" sizes=\"(max-width: 320px) 100vw, 320px\" \/>Depolar\u0131nda d\u00fc\u015f\u00fck karbonlu elektrik t\u00fcketimi i\u00e7in gereken altyap\u0131y\u0131, <strong>2025 y\u0131l\u0131na kadar tamamlayacak<\/strong> olan \u015firketin bu projesinde g\u00fcne\u015f enerjisi altyap\u0131s\u0131 ba\u015frolde yer al\u0131yor.<\/p>\n<p>Enerji verimlili\u011fi konusunda \u00e7e\u015fitli ad\u0131mlar atan <strong>Ceva Lojistik T\u00fcrkiye<\/strong>, daha \u00f6nce b\u00fct\u00fcn tesislerindeki ayd\u0131nlatma mod\u00fcllerinin<strong> %80<\/strong>\u2019ini <strong>LED ayd\u0131nlatma ara\u00e7lar\u0131yla<\/strong> de\u011fi\u015ftirmi\u015fti. \u015eirket 2023 y\u0131l\u0131 sonuna kadar bu konudaki \u00e7al\u0131\u015fmalar\u0131n\u0131 tamamlay\u0131p b\u00fct\u00fcn tesislerini <strong>LED ayd\u0131nlatma kullan\u0131r<\/strong> hale getirecek.<\/p>\n<p>\u015eirketin enerji verimlili\u011fi vizyonunda depolar\u0131ndaki <strong>g\u00fcne\u015f panellerinin say\u0131s\u0131n\u0131 \u00fc\u00e7 kat\u0131na \u00e7\u0131karmak<\/strong> da var. Ceva Lojistik, <strong>enerji verimlili\u011fi yat\u0131r\u0131mlar\u0131n\u0131n<\/strong> bir par\u00e7as\u0131 olarak 2023&#8217;\u00fcn sonuna kadar depolar\u0131n\u0131n tamam\u0131n\u0131 <strong>LED ayd\u0131nlatmaya ge\u00e7irmi\u015f<\/strong> olacak. Ceva ayr\u0131ca,<strong> enerji t\u00fcketimini azaltmak<\/strong> ve <strong>enerji verimlili\u011fini artt\u0131rmak<\/strong> i\u00e7in bir dizi<strong> \u0131s\u0131tma<\/strong> ve <strong>so\u011futma projesini<\/strong> de <strong>uygulamaya ba\u015flad\u0131.<\/strong><\/p>","protected":false},"excerpt":{"rendered":"<p>Sorry, this entry is only available in Turkish. For the sake of viewer convenience, the content is shown below in the alternative language. You may click the link to switch the active language. Ceva Lojistik, 2022\u2019den bu yana enerji verimlili\u011fi konusundaki uygulamalar\u0131n\u0131 2025\u2019e kadar tamamlayarak tamamen d\u00fc\u015f\u00fck karbonlu elektrik t\u00fcketimi altyap\u0131s\u0131na ge\u00e7mi\u015f olacak. Depolar\u0131nda d\u00fc\u015f\u00fck [&hellip;]<\/p>\n","protected":false},"author":1,"featured_media":172712,"comment_status":"open","ping_status":"open","sticky":false,"template":"","format":"standard","meta":[],"categories":[51,53,52,49],"tags":[108810,108811,108813,108812,12,486,948],"views":63,"_links":{"self":[{"href":"https:\/\/www.enerjigazetesi.ist\/en\/wp-json\/wp\/v2\/posts\/172709"}],"collection":[{"href":"https:\/\/www.enerjigazetesi.ist\/en\/wp-json\/wp\/v2\/posts"}],"about":[{"href":"https:\/\/www.enerjigazetesi.ist\/en\/wp-json\/wp\/v2\/types\/post"}],"author":[{"embeddable":true,"href":"https:\/\/www.enerjigazetesi.ist\/en\/wp-json\/wp\/v2\/users\/1"}],"replies":[{"embeddable":true,"href":"https:\/\/www.enerjigazetesi.ist\/en\/wp-json\/wp\/v2\/comments?post=172709"}],"version-history":[{"count":0,"href":"https:\/\/www.enerjigazetesi.ist\/en\/wp-json\/wp\/v2\/posts\/172709\/revisions"}],"wp:featuredmedia":[{"embeddable":true,"href":"https:\/\/www.enerjigazetesi.ist\/en\/wp-json\/wp\/v2\/media\/172712"}],"wp:attachment":[{"href":"https:\/\/www.enerjigazetesi.ist\/en\/wp-json\/wp\/v2\/media?parent=172709"}],"wp:term":[{"taxonomy":"category","embeddable":true,"href":"https:\/\/www.enerjigazetesi.ist\/en\/wp-json\/wp\/v2\/categories?post=172709"},{"taxonomy":"post_tag","embeddable":true,"href":"https:\/\/www.enerjigazetesi.ist\/en\/wp-json\/wp\/v2\/tags?post=172709"}],"curies":[{"name":"wp","href":"https:\/\/api.w.org\/{rel}","templated":true}]}}