{"id":172690,"date":"2023-04-10T12:52:47","date_gmt":"2023-04-10T09:52:47","guid":{"rendered":"https:\/\/www.enerjigazetesi.ist\/?p=172690"},"modified":"2023-04-10T12:52:47","modified_gmt":"2023-04-10T09:52:47","slug":"altinay-elektromobilite-vietnamin-enerji-devi-vines-ile-anlasti","status":"publish","type":"post","link":"https:\/\/www.enerjigazetesi.ist\/en\/altinay-elektromobilite-vietnamin-enerji-devi-vines-ile-anlasti\/","title":{"rendered":"(Turkish) &#8217;Alt\u0131nay Elektromobilite&#8217; Vietnam&#8217;\u0131n Enerji Devi VinES ile Anla\u015ft\u0131"},"content":{"rendered":"<p class=\"qtranxs-available-languages-message qtranxs-available-languages-message-en\">Sorry, this entry is only available in <a href=\"https:\/\/www.enerjigazetesi.ist\/tr\/wp-json\/wp\/v2\/posts\/172690\" class=\"qtranxs-available-language-link qtranxs-available-language-link-tr\" title=\"Turkish\">Turkish<\/a>. For the sake of viewer convenience, the content is shown below in the alternative language. You may click the link to switch the active language.<\/p><p><\/p>\n<h2><strong>S\u00fcrd\u00fcr\u00fclebilir enerjiye ge\u00e7i\u015fin her ge\u00e7en y\u0131l daha \u00f6nemli bir ba\u015fl\u0131k haline d\u00f6n\u00fc\u015fmesi, enerji depolama sistemi kapasitesine y\u00f6nelik talebi art\u0131rd\u0131.\u00a0 \u00dcretilen yenilenebilir enerjiyi depolaman\u0131n y\u00fckselen \u00f6neminin fark\u0131nda olan T\u00fcrk enerji \u015firketi, Vietnam\u2019\u0131n enerji depolama sistemleri de dahil olmak \u00fczere d\u00f6n\u00fc\u015ft\u00fcr\u00fcc\u00fc bir enerji \u00e7\u00f6z\u00fcm sa\u011flay\u0131c\u0131s\u0131 olan VinES ile i\u015fbirli\u011fine gitti.<\/strong><\/h2>\n<p>D\u00fcnya karbondan ar\u0131nma, net s\u0131f\u0131r senaryolar\u0131n\u0131 ve s\u00fcrd\u00fcr\u00fclebilir enerji politikalar\u0131n\u0131 tart\u0131\u015f\u0131rken, enerji depolama sistemlerinin \u00f6nemi de giderek artt\u0131. Uluslararas\u0131 Enerji Ajans\u0131&#8217;n\u0131n tahminleri <strong>konteyner tipi enerji depolama sistemlerinin (ESS)<\/strong> toplam kurulu kapasitesinin net s\u0131f\u0131r senaryosunda <img loading=\"lazy\" class=\"alignright wp-image-172693\" src=\"https:\/\/www.enerjigazetesi.ist\/wp-content\/uploads\/2023\/04\/altinay-elektromobilite-vietnamin-enerji-devi-vines-ile-anlasti-2.jpg\" alt=\"\" width=\"320\" height=\"219\" srcset=\"https:\/\/www.enerjigazetesi.ist\/wp-content\/uploads\/2023\/04\/altinay-elektromobilite-vietnamin-enerji-devi-vines-ile-anlasti-2.jpg 550w, https:\/\/www.enerjigazetesi.ist\/wp-content\/uploads\/2023\/04\/altinay-elektromobilite-vietnamin-enerji-devi-vines-ile-anlasti-2-300x206.jpg 300w, https:\/\/www.enerjigazetesi.ist\/wp-content\/uploads\/2023\/04\/altinay-elektromobilite-vietnamin-enerji-devi-vines-ile-anlasti-2-500x343.jpg 500w, https:\/\/www.enerjigazetesi.ist\/wp-content\/uploads\/2023\/04\/altinay-elektromobilite-vietnamin-enerji-devi-vines-ile-anlasti-2-73x50.jpg 73w\" sizes=\"(max-width: 320px) 100vw, 320px\" \/>2030&#8217;a kadar 680 gigavat-saate (GWh) ula\u015fabilece\u011fini g\u00f6sterdi. Bu tahminlere g\u00f6re 2022 &#8211; 2030 y\u0131llar\u0131 aras\u0131nda <strong>art\u0131\u015f 42,5 kat<\/strong> olarak hesaplan\u0131rken, mevcut talebin kar\u015f\u0131lanmas\u0131 i\u00e7in d\u00fcnya \u00e7ap\u0131nda kurulu ESS kapasitesindeki y\u0131ll\u0131k art\u0131\u015f\u0131n <strong>80 GWh<\/strong>\u2019\u0131n \u00fczerinde olmas\u0131 gerekti\u011fi belirtildi. K\u00fcresel d\u00f6n\u00fc\u015f\u00fcm\u00fc ve yerel pazarlar\u0131n ihtiya\u00e7lar\u0131n\u0131 takip eden <strong>Alt\u0131nay Elektromobilite<\/strong>, mobilize ve enerji depolama uygulamalar\u0131 i\u00e7in <strong>geli\u015fmi\u015f pillerin<\/strong> <strong>Ar-Ge<\/strong> ve <strong>\u00fcretiminde<\/strong> uzmanla\u015fm\u0131\u015f, Vietnam\u2019\u0131n en b\u00fcy\u00fck \u00f6zel holdingi <strong>Vingroup<\/strong>&#8216;un yan kurulu\u015fu<strong> VinES Energy Solutions<\/strong> \u015firketiyle i\u015fbirli\u011fine gitti.<\/p>\n<h3><strong>Yerli yat\u0131r\u0131mc\u0131lara do\u011fru \u00fcr\u00fcn ve rekabet\u00e7i fiyatlar sunulacak<\/strong><\/h3>\n<p>Konuyla ilgili de\u011ferlendirmelerini payla\u015fan <strong>Alt\u0131nay Elektromobilite Genel M\u00fcd\u00fcr\u00fc E. Mert Uygun,<\/strong> \u201cAlt\u0131nay ve VinES i\u015fbirli\u011fi, enerji ve \u00fcretimi konusundaki talebin giderek artt\u0131\u011f\u0131 \u00fclkemize \u00e7ok \u015fey kazand\u0131racak. Bu i\u015fbirli\u011fiyle, sekt\u00f6rdeki yerli yat\u0131r\u0131mc\u0131lar\u0131 do\u011fru \u00fcr\u00fcnlerle ve rekabet\u00e7i fiyatlarla bulu\u015fturmay\u0131 hedefliyoruz\u201d dedi.<\/p>\n<p><strong>VinES Strateji Direkt\u00f6r\u00fc Vo Le Duy Duc<\/strong> ise <em>\u201cTeknolojinin h\u0131zla geli\u015fmesiyle birlikte, yenilenebilir enerji kaynaklar\u0131, geleneksel fosil yak\u0131tl\u0131 g\u00fc\u00e7 kaynaklar\u0131yla giderek daha rekabet\u00e7i hale geliyor. Bununla birlikte, end\u00fcstri i\u00e7in zorluk, temiz enerjinin verimli bir \u015fekilde depolanmas\u0131, iletilmesi ve da\u011f\u0131t\u0131lmas\u0131nda yat\u0131yor. <strong>ESS, temiz enerjiye ge\u00e7i\u015fte kritik bir rol oynayacak.<\/strong> VinES olarak, bu sorunu \u00e7\u00f6zmek i\u00e7in \u00f6nemli bir \u00e7\u00f6z\u00fcm geli\u015ftirdik. Alt\u0131nay Elektromobilite ile ortakl\u0131k yapmaktan memnuniyet duyuyoruz ve stratejik i\u015fbirli\u011fimizin her iki \u015firketi de T\u00fcrk temiz enerji end\u00fcstrisine do\u011fru \u00fcr\u00fcn ve \u00e7\u00f6z\u00fcmleri getirme konusunda g\u00fc\u00e7l\u00fc bir \u015fekilde h\u0131zland\u0131raca\u011f\u0131na inan\u0131yoruz\u201d<\/em> a\u00e7\u0131klamas\u0131n\u0131 yapt\u0131.<\/p>\n<h3><strong>Uygulama hacmi 200 GWh<\/strong>\u2019<strong>ye \u00e7\u0131kar\u0131ld\u0131<\/strong><\/h3>\n<p>Enerji Piyasas\u0131 D\u00fczenleme Kurulu (EPDK) verilerine g\u00f6re T\u00fcrkiye\u2019de enerji \u00fcretimi ve depolamas\u0131na y\u00f6nelik ba\u015fvuru miktar\u0131, <strong>Ocak 2023<\/strong> itibar\u0131yla<strong> 200 GWh<\/strong>\u2019ye y\u00fckseldi. G\u00fcne\u015f Enerjisi Santral\u0131 (GES) ve R\u00fczgar Enerjisi Santral\u0131 (RES) gibi s\u00fcrd\u00fcr\u00fclebilir sistemlerin h\u0131zla ortaya \u00e7\u0131kmas\u0131yla birlikte, otomobillerin elektrifikasyonu ve tesislerle \u015febeke altyap\u0131s\u0131n\u0131n desteklenmesi i\u00e7in gereken enerjinin depolanmas\u0131na y\u00f6nelik artan ihtiya\u00e7la bu talep, enerji depolama pazar\u0131nda h\u0131zl\u0131 b\u00fcy\u00fcme sinyallerini beraberinde getirdi.<\/p>\n<p>Benzeri g\u00f6r\u00fclmemi\u015f bir b\u00fcy\u00fcme g\u00f6stermesi beklenen enerji depolama pazar\u0131na yerlerini almak ve yerli yat\u0131r\u0131mc\u0131lar i\u00e7in g\u00fcvenilir bir i\u015f orta\u011f\u0131 olarak konumlanmak istediklerini belirten E. Mert Uygun, <em>\u201cBu kapsamda, \u00e7e\u015fitli \u00fcr\u00fcn portf\u00f6y\u00fcne sahip, k\u00fcresel bir d\u00f6n\u00fc\u015ft\u00fcr\u00fcc\u00fc enerji \u00e7\u00f6z\u00fcm\u00fc sa\u011flay\u0131c\u0131s\u0131 olan VinES ile stratejik i\u015fbirli\u011fine gidiyoruz. VinES, ESS teknolojisini, <strong>sistem tasar\u0131m\u0131n\u0131, \u00fcretimini ve do\u011frulamas\u0131n\u0131<\/strong> sunacak. Biz de VinES ESS \u00fcr\u00fcn portf\u00f6y\u00fcn\u00fcn T\u00fcrkiye pazar\u0131ndaki <strong>sat\u0131\u015f<\/strong> ve <strong>pazarlamas\u0131n\u0131n<\/strong> yan\u0131 s\u0131ra, <strong>sat\u0131\u015f sonras\u0131 hizmetlerini \u00fcstlenece\u011fiz<\/strong>\u201d<\/em> diye konu\u015ftu.<\/p>\n<h3><strong>Talep \u00e7ekme baz\u0131nda 100 bin konteynere ihtiya\u00e7 var<\/strong><\/h3>\n<p>EPDK\u2019deki uygulama miktar\u0131na g\u00f6re pazar b\u00fcy\u00fckl\u00fc\u011f\u00fcn\u00fcn 100 bin konteynere ula\u015fabilece\u011fini ve konteyner tipinde <strong>her bir konteynerin ortalama 2 megavat\/saat kurulu<\/strong> enerji kapasitesine kar\u015f\u0131l\u0131k geldi\u011fini belirten Alt\u0131nay Elektromobilite Genel M\u00fcd\u00fcr\u00fc E. Mert Uygun,<\/p>\n<p><em>\u201cT\u00fcrkiye dahil, enerji da\u011f\u0131t\u0131m \u015firketleri, fabrikalar, \u00fcretim tesisleri ba\u015fta olmak \u00fczere, pek \u00e7ok potansiyel m\u00fc\u015fteri ve yat\u0131r\u0131mc\u0131, bu pazarda faaliyet g\u00f6stermeyi planl\u0131yor. Bu noktada \u015firketler, g\u00fcvenilir teknoloji ortakl\u0131klar\u0131 kuracaklar\u0131, enerji depolama alan\u0131nda zengin uzmanl\u0131\u011fa sahip \u015firketlere ihtiya\u00e7 duyuyor. Ba\u015flang\u0131\u00e7 yat\u0131r\u0131mlar\u0131yla toplam talebin en az %10\u2019una yan\u0131t verecek altyap\u0131n\u0131n \u00f6n\u00fcm\u00fczdeki 2 y\u0131l i\u00e7inde devreye al\u0131nmas\u0131 \u00f6ng\u00f6r\u00fcl\u00fcyor. Bu geli\u015fmeler, mevcut \u015fehir \u015febekelerinin bir\u00e7ok elektrikli arac\u0131n ayn\u0131 anda \u015farj edilmesini sa\u011flayamad\u0131\u011f\u0131 i\u00e7 pazarda elektrikli ara\u00e7 end\u00fcstrisinin geli\u015fmesini destekleyecek. <strong>ESS\u2019lerle<\/strong> belirli b\u00f6lgelerde <strong>enerji havuzlar\u0131<\/strong> olu\u015fturulacak ve <strong>\u015febeke altyap\u0131s\u0131<\/strong> g\u00fc\u00e7lendirilecek\u201d<\/em> ifadelerini kulland\u0131.<\/p>\n<h3><strong>Yerli m\u00fchendislik, pazar bilgisi ve rekabet\u00e7i fiyatlar sunacak<\/strong><\/h3>\n<p>12 y\u0131ld\u0131r lityum iyon pillerin \u00e7e\u015fitli kimyasal t\u00fcrevlerine dayal\u0131 enerji depolama sistemlerinin geli\u015ftirilmesi ve in\u015fas\u0131nda uzmanla\u015ft\u0131klar\u0131n\u0131, konteyner tipi batarya sistemlerinin yan\u0131 s\u0131ra a\u011f\u0131r vas\u0131talar\u0131n ve y\u00fcksek gerilimli ak\u00fc paketlerinin elektrifikasyonunda faaliyet g\u00f6sterdiklerini hat\u0131rlatan <strong>E. Mert Uygun<\/strong>, de\u011ferlendirmelerini <span style=\"text-decoration: underline;\">\u015fu ifadelerle sonland\u0131rd\u0131:<\/span><\/p>\n<p><em>\u201cPazar lideri olarak ilk hedefimiz, <strong>ESS<\/strong> ve <strong>elektrikli ara\u00e7ta yerli teknoloji geli\u015ftirmek<\/strong>. Ancak, pazara do\u011fru \u00fcr\u00fcnlerle girebilmek i\u00e7in alan\u0131nda uzman k\u00fcresel \u015firketlerle stratejik ortakl\u0131klar kurman\u0131n elzem oldu\u011funa inan\u0131yoruz. <strong>VinES\u2019in teknoloji<\/strong> ve \u00fcretimde sundu\u011fu avantajlar; <strong>t\u00fcm ESS \u00fcr\u00fcnlerini kapsayan<\/strong> deneyimdeki yerli m\u00fchendislik kaslar\u0131m\u0131z, pazar hakimiyetimiz ve saha kurulumlar\u0131n\u0131, devreye almalar\u0131 ve periyodik bak\u0131mlar\u0131 kolayla\u015ft\u0131racak h\u0131z\u0131m\u0131zla stratejik olarak \u00f6rt\u00fc\u015f\u00fcyor. Ayr\u0131ca <strong>VinES\u2019in<\/strong> birim maliyet optimizasyonundaki uzmanl\u0131\u011f\u0131n\u0131 <strong>Alt\u0131nay Elektromobilite\u2019nin<\/strong> bilgi ve deneyimiyle birle\u015ftirdi\u011fimizde, son kullan\u0131c\u0131ya rekabet\u00e7i \u00e7\u00f6z\u00fcmler sunabilir hale geliyoruz. \u00dclkemizin artan<strong> enerji depolama ihtiyac\u0131n\u0131<\/strong> kar\u015f\u0131lamak ve<strong> ye\u015fil enerji d\u00f6n\u00fc\u015f\u00fcm\u00fcnde<\/strong> lider bir konuma ta\u015f\u0131mak, \u00f6ncelikli hedeflerimizin aras\u0131nda yer al\u0131yor.&#8221;<\/em><\/p>","protected":false},"excerpt":{"rendered":"<p>Sorry, this entry is only available in Turkish. For the sake of viewer convenience, the content is shown below in the alternative language. You may click the link to switch the active language. S\u00fcrd\u00fcr\u00fclebilir enerjiye ge\u00e7i\u015fin her ge\u00e7en y\u0131l daha \u00f6nemli bir ba\u015fl\u0131k haline d\u00f6n\u00fc\u015fmesi, enerji depolama sistemi kapasitesine y\u00f6nelik talebi art\u0131rd\u0131.\u00a0 \u00dcretilen yenilenebilir enerjiyi [&hellip;]<\/p>\n","protected":false},"author":1,"featured_media":172694,"comment_status":"open","ping_status":"open","sticky":false,"template":"","format":"standard","meta":[],"categories":[51,53],"tags":[108805,2625,108806,108804,108803],"views":56,"_links":{"self":[{"href":"https:\/\/www.enerjigazetesi.ist\/en\/wp-json\/wp\/v2\/posts\/172690"}],"collection":[{"href":"https:\/\/www.enerjigazetesi.ist\/en\/wp-json\/wp\/v2\/posts"}],"about":[{"href":"https:\/\/www.enerjigazetesi.ist\/en\/wp-json\/wp\/v2\/types\/post"}],"author":[{"embeddable":true,"href":"https:\/\/www.enerjigazetesi.ist\/en\/wp-json\/wp\/v2\/users\/1"}],"replies":[{"embeddable":true,"href":"https:\/\/www.enerjigazetesi.ist\/en\/wp-json\/wp\/v2\/comments?post=172690"}],"version-history":[{"count":1,"href":"https:\/\/www.enerjigazetesi.ist\/en\/wp-json\/wp\/v2\/posts\/172690\/revisions"}],"predecessor-version":[{"id":172691,"href":"https:\/\/www.enerjigazetesi.ist\/en\/wp-json\/wp\/v2\/posts\/172690\/revisions\/172691"}],"wp:featuredmedia":[{"embeddable":true,"href":"https:\/\/www.enerjigazetesi.ist\/en\/wp-json\/wp\/v2\/media\/172694"}],"wp:attachment":[{"href":"https:\/\/www.enerjigazetesi.ist\/en\/wp-json\/wp\/v2\/media?parent=172690"}],"wp:term":[{"taxonomy":"category","embeddable":true,"href":"https:\/\/www.enerjigazetesi.ist\/en\/wp-json\/wp\/v2\/categories?post=172690"},{"taxonomy":"post_tag","embeddable":true,"href":"https:\/\/www.enerjigazetesi.ist\/en\/wp-json\/wp\/v2\/tags?post=172690"}],"curies":[{"name":"wp","href":"https:\/\/api.w.org\/{rel}","templated":true}]}}