{"id":172594,"date":"2023-04-07T16:28:04","date_gmt":"2023-04-07T13:28:04","guid":{"rendered":"https:\/\/www.enerjigazetesi.ist\/?p=172594"},"modified":"2023-04-07T16:44:30","modified_gmt":"2023-04-07T13:44:30","slug":"insallah-ramazanin-son-gunu-filyosta-karadeniz-gazini-karaya-cikartacagiz","status":"publish","type":"post","link":"https:\/\/www.enerjigazetesi.ist\/en\/insallah-ramazanin-son-gunu-filyosta-karadeniz-gazini-karaya-cikartacagiz\/","title":{"rendered":"(Turkish) &#8221;\u0130n\u015fallah Ramazan\u0131n Son G\u00fcn\u00fc Filyos&#8217;ta Karadeniz Gaz\u0131n\u0131 Karaya \u00c7\u0131kartaca\u011f\u0131z&#8221;"},"content":{"rendered":"<p class=\"qtranxs-available-languages-message qtranxs-available-languages-message-en\">Sorry, this entry is only available in <a href=\"https:\/\/www.enerjigazetesi.ist\/tr\/wp-json\/wp\/v2\/posts\/172594\" class=\"qtranxs-available-language-link qtranxs-available-language-link-tr\" title=\"Turkish\">Turkish<\/a>. For the sake of viewer convenience, the content is shown below in the alternative language. You may click the link to switch the active language.<\/p><p><\/p>\n<h2>Enerji ve Tabii Kaynaklar Bakan\u0131\u00a0Fatih\u00a0D\u00f6nmez, &#8220;\u0130n\u015fallah ramazan\u0131n son g\u00fcn\u00fc Filyos&#8217;ta Karadeniz gaz\u0131n\u0131 karaya \u00e7\u0131kartaca\u011f\u0131z. Onun haz\u0131rl\u0131klar\u0131n\u0131 yap\u0131yoruz.&#8221; dedi.<\/h2>\n<p>Bakan D\u00f6nmez ile Ula\u015ft\u0131rma ve Altyap\u0131 Bakan\u0131 Adil Karaismailo\u011flu, sa\u011fanak ve lodos nedeniyle bir k\u0131sm\u0131 su alt\u0131nda kalan sahil \u015feridinde incelemenin ard\u0131ndan Altyap\u0131 Yat\u0131r\u0131mlar\u0131 Genel M\u00fcd\u00fcrl\u00fc\u011f\u00fc&#8217;nce \u0130skenderun Kaymakaml\u0131\u011f\u0131nda d\u00fczenlenen toplant\u0131ya kat\u0131ld\u0131.<\/p>\n<p>Daha sonra D\u00f6nmez ile Karaismailo\u011flu, <strong>\u0130skenderun Liman\u0131&#8217;nda incelemelerde<\/strong> bulundu.<\/p>\n<p>Bakan D\u00f6nmez, burada yapt\u0131\u011f\u0131 a\u00e7\u0131klamada,<em> &#8220;Ba\u015fta elektrik olmak \u00fczere do\u011fal gaz altyap\u0131s\u0131yla alakal\u0131 sorunlar\u0131 art\u0131k tamamen bitirdik desek yeridir. \u00c7ok istisnai, m\u00fcnferit, y\u0131k\u0131m\u0131n \u00e7ok yo\u011fun oldu\u011fu<img loading=\"lazy\" class=\"alignright wp-image-172596\" src=\"https:\/\/www.enerjigazetesi.ist\/wp-content\/uploads\/2023\/04\/insallah-ramazanin-son-gunu-filyosta-karadeniz-gazini-karaya-cikartacagiz.jpg\" alt=\"\" width=\"320\" height=\"241\" srcset=\"https:\/\/www.enerjigazetesi.ist\/wp-content\/uploads\/2023\/04\/insallah-ramazanin-son-gunu-filyosta-karadeniz-gazini-karaya-cikartacagiz.jpg 550w, https:\/\/www.enerjigazetesi.ist\/wp-content\/uploads\/2023\/04\/insallah-ramazanin-son-gunu-filyosta-karadeniz-gazini-karaya-cikartacagiz-300x226.jpg 300w, https:\/\/www.enerjigazetesi.ist\/wp-content\/uploads\/2023\/04\/insallah-ramazanin-son-gunu-filyosta-karadeniz-gazini-karaya-cikartacagiz-500x376.jpg 500w, https:\/\/www.enerjigazetesi.ist\/wp-content\/uploads\/2023\/04\/insallah-ramazanin-son-gunu-filyosta-karadeniz-gazini-karaya-cikartacagiz-66x50.jpg 66w\" sizes=\"(max-width: 320px) 100vw, 320px\" \/> yerlerde zaman zaman m\u00fcnferit ba\u011flant\u0131 talepleri geliyor. Orada da vatanda\u015flar\u0131m\u0131z binalar\u0131n i\u00e7erisine girdi\u011fi takdirde de bir \u015fekilde \u00e7\u00f6z\u00fcm \u00fcreterek elektrik ve do\u011fal gazlar\u0131n\u0131 ba\u011fl\u0131yoruz.&#8221;<\/em> ifadelerini kulland\u0131.<\/p>\n<p>Cumhurba\u015fkanl\u0131\u011f\u0131 kararnamesiyle \u00f6zellikle depremden etkilenen <strong>orta, a\u011f\u0131r ve tamamen y\u0131k\u0131lm\u0131\u015f<\/strong> olan yap\u0131larda <strong>oturan<\/strong>, <strong>i\u015f yerlerini kullanan vatanda\u015flar\u0131n<\/strong> deprem tarihi itibar\u0131yla birikmi\u015f <strong>do\u011fal gaz<\/strong> ve <strong>elektrik bor\u00e7lar\u0131n\u0131<\/strong> tamamen sildiklerini belirten\u00a0D\u00f6nmez,<span style=\"text-decoration: underline;\"> \u015f\u00f6yle devam etti:<\/span><\/p>\n<p><em>&#8220;Bununla birlikte depremin etkisinin \u00e7ok yo\u011fun oldu\u011fu Hatay, Ad\u0131yaman, Malatya, Kahramanmara\u015f ve Gaziantep&#8217;in iki il\u00e7esinde <strong>faturalama i\u015flemleri \u00fc\u00e7 ay s\u00fcreyle ertelenmesine<\/strong> karar verilmi\u015fti. <strong>\u00dc\u00e7 ay sonra da okunacak<\/strong> olan fatura bedelleri takip eden <strong>6 e\u015fit taksitle<\/strong> vatanda\u015f\u0131m\u0131zdan tahsil edilecek. Bununla birlikte yine grup toplant\u0131s\u0131nda Say\u0131n Cumhurba\u015fkan\u0131&#8217;m\u0131z T\u00fcrkiye genelinde hem elektrik hem de do\u011fal gazda indirimi s\u00f6ylemi\u015fti. Elektrikte t\u00fcm abone gruplar\u0131na <strong>y\u00fczde 15<\/strong>, do\u011fal gazda da b\u00fcy\u00fck t\u00fcketici ve sanayicilerimiz ba\u015fta olmak \u00fczere <strong>y\u00fczde 20 indirim<\/strong> s\u00f6z konusu oldu.&#8221;<\/em><\/p>\n<h3><strong>&#8220;Saros i\u00e7in FSRU gemisi asl\u0131nda geldi&#8221;<\/strong><\/h3>\n<p>Di\u011fer taraftan sonuna yakla\u015ft\u0131klar\u0131 b\u00fcy\u00fck projelerin a\u00e7\u0131l\u0131\u015f\u0131yla ilgili de haz\u0131rl\u0131klar yapt\u0131klar\u0131n\u0131 belirten\u00a0D\u00f6nmez, <span style=\"text-decoration: underline;\">\u015f\u00f6yle devam etti:<\/span><\/p>\n<p>&#8220;\u0130n\u015fallah ramazan\u0131n son g\u00fcn\u00fc<strong> Filyos&#8217;ta Karadeniz gaz\u0131n\u0131 karaya \u00e7\u0131kartaca\u011f\u0131z.<\/strong> Onun haz\u0131rl\u0131klar\u0131n\u0131 yap\u0131yoruz. Yine 27 Nisan&#8217;da <strong>taze n\u00fckleer yak\u0131t\u0131<\/strong> Mersin&#8217;deki <strong>Akkuyu N\u00fckleer G\u00fc\u00e7 Santrali&#8217;<\/strong>ne getirece\u011fiz. Art\u0131k <strong>oras\u0131 bir n\u00fckleer tesis h\u00fckm\u00fcne<\/strong> kavu\u015facak. Onunla alakal\u0131 haz\u0131rl\u0131klar\u0131m\u0131z\u0131 yap\u0131yoruz. <strong>Saros<\/strong> i\u00e7in <strong>FSRU gemisi<\/strong> asl\u0131nda geldi. Fakat deprem ve di\u011fer g\u00fcndemin yo\u011funlu\u011fundan dolay\u0131 a\u00e7\u0131l\u0131\u015f\u0131n\u0131 yapamam\u0131\u015ft\u0131k. Yine Avrupa&#8217;n\u0131n en b\u00fcy\u00fck<strong> g\u00fcne\u015f santrali projesini de<\/strong> tamamlad\u0131k. \u0130n\u015fallah en k\u0131sa s\u00fcrede de <strong>Konya Karap\u0131nar&#8217;da<\/strong> onun a\u00e7\u0131l\u0131\u015f\u0131n\u0131 da yapm\u0131\u015f olaca\u011f\u0131z.&#8221;<\/p>\n<p>A\u00e7\u0131klamalar\u0131n\u0131n ard\u0131ndan Bakan Karaismailo\u011flu ve\u00a0D\u00f6nmez,<strong> \u0130skenderun Liman\u0131&#8217;nda<\/strong> depremzedelerin kald\u0131\u011f\u0131 <strong>MSC AURELIA<\/strong> gemisinde <strong>iftar program\u0131na<\/strong> kat\u0131ld\u0131.<\/p>\n<p>Kaynak: <a href=\"https:\/\/enerji.gov.tr\/haber-detay?id=21137\" target=\"_blank\" rel=\"noopener\">ETKB<\/a><\/p>","protected":false},"excerpt":{"rendered":"<p>Sorry, this entry is only available in Turkish. For the sake of viewer convenience, the content is shown below in the alternative language. You may click the link to switch the active language. Enerji ve Tabii Kaynaklar Bakan\u0131\u00a0Fatih\u00a0D\u00f6nmez, &#8220;\u0130n\u015fallah ramazan\u0131n son g\u00fcn\u00fc Filyos&#8217;ta Karadeniz gaz\u0131n\u0131 karaya \u00e7\u0131kartaca\u011f\u0131z. Onun haz\u0131rl\u0131klar\u0131n\u0131 yap\u0131yoruz.&#8221; dedi. Bakan D\u00f6nmez ile Ula\u015ft\u0131rma [&hellip;]<\/p>\n","protected":false},"author":1,"featured_media":172596,"comment_status":"open","ping_status":"open","sticky":false,"template":"","format":"standard","meta":[],"categories":[46,51,53],"tags":[92,68,108776,39007,2883,108205,108777],"views":47,"_links":{"self":[{"href":"https:\/\/www.enerjigazetesi.ist\/en\/wp-json\/wp\/v2\/posts\/172594"}],"collection":[{"href":"https:\/\/www.enerjigazetesi.ist\/en\/wp-json\/wp\/v2\/posts"}],"about":[{"href":"https:\/\/www.enerjigazetesi.ist\/en\/wp-json\/wp\/v2\/types\/post"}],"author":[{"embeddable":true,"href":"https:\/\/www.enerjigazetesi.ist\/en\/wp-json\/wp\/v2\/users\/1"}],"replies":[{"embeddable":true,"href":"https:\/\/www.enerjigazetesi.ist\/en\/wp-json\/wp\/v2\/comments?post=172594"}],"version-history":[{"count":0,"href":"https:\/\/www.enerjigazetesi.ist\/en\/wp-json\/wp\/v2\/posts\/172594\/revisions"}],"wp:featuredmedia":[{"embeddable":true,"href":"https:\/\/www.enerjigazetesi.ist\/en\/wp-json\/wp\/v2\/media\/172596"}],"wp:attachment":[{"href":"https:\/\/www.enerjigazetesi.ist\/en\/wp-json\/wp\/v2\/media?parent=172594"}],"wp:term":[{"taxonomy":"category","embeddable":true,"href":"https:\/\/www.enerjigazetesi.ist\/en\/wp-json\/wp\/v2\/categories?post=172594"},{"taxonomy":"post_tag","embeddable":true,"href":"https:\/\/www.enerjigazetesi.ist\/en\/wp-json\/wp\/v2\/tags?post=172594"}],"curies":[{"name":"wp","href":"https:\/\/api.w.org\/{rel}","templated":true}]}}