{"id":172590,"date":"2023-04-07T15:52:37","date_gmt":"2023-04-07T12:52:37","guid":{"rendered":"https:\/\/www.enerjigazetesi.ist\/?p=172590"},"modified":"2023-04-07T15:53:02","modified_gmt":"2023-04-07T12:53:02","slug":"amerikanin-avrupaya-lng-ihracati-yuzde-140-artis-gosterdi","status":"publish","type":"post","link":"https:\/\/www.enerjigazetesi.ist\/en\/amerikanin-avrupaya-lng-ihracati-yuzde-140-artis-gosterdi\/","title":{"rendered":"(Turkish) Amerika\u2019n\u0131n Avrupa\u2019ya LNG \u0130hracat\u0131 % 140 Art\u0131\u015f G\u00f6sterdi"},"content":{"rendered":"<p class=\"qtranxs-available-languages-message qtranxs-available-languages-message-en\">Sorry, this entry is only available in <a href=\"https:\/\/www.enerjigazetesi.ist\/tr\/wp-json\/wp\/v2\/posts\/172590\" class=\"qtranxs-available-language-link qtranxs-available-language-link-tr\" title=\"Turkish\">Turkish<\/a>. For the sake of viewer convenience, the content is shown below in the alternative language. You may click the link to switch the active language.<\/p><p><\/p>\n<h2>Amerika Birle\u015fik Devletleri\u2019nin (ABD) Avrupa\u2019ya <img loading=\"lazy\" class=\"alignright wp-image-172592\" src=\"https:\/\/www.enerjigazetesi.ist\/wp-content\/uploads\/2023\/04\/amerikanin-avrupaya-lng-ihracati-yuzde-140-artis-gosterdi.jpg\" alt=\"\" width=\"320\" height=\"192\" srcset=\"https:\/\/www.enerjigazetesi.ist\/wp-content\/uploads\/2023\/04\/amerikanin-avrupaya-lng-ihracati-yuzde-140-artis-gosterdi.jpg 550w, https:\/\/www.enerjigazetesi.ist\/wp-content\/uploads\/2023\/04\/amerikanin-avrupaya-lng-ihracati-yuzde-140-artis-gosterdi-300x180.jpg 300w, https:\/\/www.enerjigazetesi.ist\/wp-content\/uploads\/2023\/04\/amerikanin-avrupaya-lng-ihracati-yuzde-140-artis-gosterdi-500x300.jpg 500w, https:\/\/www.enerjigazetesi.ist\/wp-content\/uploads\/2023\/04\/amerikanin-avrupaya-lng-ihracati-yuzde-140-artis-gosterdi-80x48.jpg 80w\" sizes=\"(max-width: 320px) 100vw, 320px\" \/>s\u0131v\u0131la\u015ft\u0131r\u0131lm\u0131\u015f do\u011fal gaz (LNG) ihracat\u0131 2022 y\u0131l\u0131nda bir \u00f6nceki y\u0131la g\u00f6re %140 art\u0131\u015f g\u00f6sterdi.<\/h2>\n<p>ABD D\u0131\u015fi\u015fleri Bakan\u0131 Antony Blinken, <strong>ABD<\/strong>&#8216;nin <strong>Avrupa<\/strong>&#8216;ya <strong>s\u0131v\u0131la\u015ft\u0131r\u0131lm\u0131\u015f do\u011fal gaz (LNG) ihracat\u0131<\/strong>n\u0131n 2022 y\u0131l\u0131nda bir \u00f6nceki y\u0131la g\u00f6re<strong> %140<\/strong> art\u0131\u015fla<strong> 56 milyar metrek\u00fcpe (m3)<\/strong> ula\u015ft\u0131\u011f\u0131n\u0131 a\u00e7\u0131klad\u0131. A\u00e7\u0131klamaya g\u00f6re, Avrupa ge\u00e7en y\u0131l<strong> LNG ithalat\u0131<\/strong>n\u0131n<strong> %40<\/strong>\u2019\u0131n\u0131 <strong>ABD\u2019den<\/strong> ger\u00e7ekle\u015ftirdi.<\/p>\n<p>Avrupa\u2019n\u0131n Rusya\u2019ya enerji ba\u011f\u0131ml\u0131l\u0131\u011f\u0131n\u0131 \u00f6nemli \u00f6l\u00e7\u00fcde azaltt\u0131\u011f\u0131na da belirten Blinken, Ukrayna ile Rusya sava\u015f\u0131n\u0131n ba\u015f\u0131nda AB&#8217;nin <strong>y\u00fczde 40<\/strong> oran\u0131nda <strong>Rus gaz\u0131na ba\u011f\u0131ml\u0131 oldu\u011funu<\/strong>, ancak bunun ge\u00e7en y\u0131l\u0131n sonunda<strong> y\u00fczde 15&#8217;e<\/strong> d\u00fc\u015ft\u00fc\u011f\u00fcn\u00fc kaydetti.<\/p>","protected":false},"excerpt":{"rendered":"<p>Sorry, this entry is only available in Turkish. For the sake of viewer convenience, the content is shown below in the alternative language. You may click the link to switch the active language. Amerika Birle\u015fik Devletleri\u2019nin (ABD) Avrupa\u2019ya s\u0131v\u0131la\u015ft\u0131r\u0131lm\u0131\u015f do\u011fal gaz (LNG) ihracat\u0131 2022 y\u0131l\u0131nda bir \u00f6nceki y\u0131la g\u00f6re %140 art\u0131\u015f g\u00f6sterdi. ABD D\u0131\u015fi\u015fleri Bakan\u0131 [&hellip;]<\/p>\n","protected":false},"author":1,"featured_media":172592,"comment_status":"open","ping_status":"open","sticky":false,"template":"","format":"standard","meta":[],"categories":[46,53],"tags":[1198,9275,108775,1964,5291,2012,18066,9068,885,95133],"views":63,"_links":{"self":[{"href":"https:\/\/www.enerjigazetesi.ist\/en\/wp-json\/wp\/v2\/posts\/172590"}],"collection":[{"href":"https:\/\/www.enerjigazetesi.ist\/en\/wp-json\/wp\/v2\/posts"}],"about":[{"href":"https:\/\/www.enerjigazetesi.ist\/en\/wp-json\/wp\/v2\/types\/post"}],"author":[{"embeddable":true,"href":"https:\/\/www.enerjigazetesi.ist\/en\/wp-json\/wp\/v2\/users\/1"}],"replies":[{"embeddable":true,"href":"https:\/\/www.enerjigazetesi.ist\/en\/wp-json\/wp\/v2\/comments?post=172590"}],"version-history":[{"count":0,"href":"https:\/\/www.enerjigazetesi.ist\/en\/wp-json\/wp\/v2\/posts\/172590\/revisions"}],"wp:featuredmedia":[{"embeddable":true,"href":"https:\/\/www.enerjigazetesi.ist\/en\/wp-json\/wp\/v2\/media\/172592"}],"wp:attachment":[{"href":"https:\/\/www.enerjigazetesi.ist\/en\/wp-json\/wp\/v2\/media?parent=172590"}],"wp:term":[{"taxonomy":"category","embeddable":true,"href":"https:\/\/www.enerjigazetesi.ist\/en\/wp-json\/wp\/v2\/categories?post=172590"},{"taxonomy":"post_tag","embeddable":true,"href":"https:\/\/www.enerjigazetesi.ist\/en\/wp-json\/wp\/v2\/tags?post=172590"}],"curies":[{"name":"wp","href":"https:\/\/api.w.org\/{rel}","templated":true}]}}